{"id":618712,"date":"2025-12-02T19:55:17","date_gmt":"2025-12-02T19:55:17","guid":{"rendered":"https:\/\/www.europesays.com\/de\/618712\/"},"modified":"2025-12-02T19:55:17","modified_gmt":"2025-12-02T19:55:17","slug":"russisches-vermoegen-friedrich-merz-hat-etwas-entscheidendes-uebersehen","status":"publish","type":"post","link":"https:\/\/www.europesays.com\/de\/618712\/","title":{"rendered":"Russisches Verm\u00f6gen: Friedrich Merz hat etwas Entscheidendes \u00fcbersehen"},"content":{"rendered":"<p>\n                        Der Ukraine geht bald das Geld aus. Eingefrorene russische Milliarden k\u00f6nnten das Problem l\u00f6sen. Doch ein EU-Staat str\u00e4ubt sich vehement dagegen, die Mittel freizugeben.\n                    <\/p>\n<p>        2. Dezember 2025, 18:54 Uhr\n    <\/p>\n<p>                6 Min.<\/p>\n<p>        <a class=\"z-text-button\" href=\"#comments\" title=\"Kommentare anzeigen\" data-ct-row=\"comments\" data-ct-column=\"false\"><\/p>\n<p>            70 Kommentare<br \/>\n        <\/a><br \/>\n    Zusammenfassen<\/p>\n<p>                Schlie\u00dfen<br \/>\n                Artikelzusammenfassung<\/p>\n<p>Kaja Kallas positioniert die EU klar gegen Russland und f\u00fcr die Ukraine. Die EU muss entscheiden, wie sie der Ukraine finanziell helfen kann, da das Land dringend Geld ben\u00f6tigt. Belgien blockiert bisher die Freigabe von russischem Staatsverm\u00f6gen f\u00fcr die Ukraine. Die Entscheidung dar\u00fcber soll beim EU-Gipfel im Dezember fallen. Scheitert dies, w\u00e4re es ein dreifaches Versagen der EU.<\/p>\n<p>                Diese Zusammenfassung wurde mithilfe von K\u00fcnstlicher Intelligenz erstellt. Vereinzelt kann es dabei zu Fehlern kommen.<\/p>\n<p class=\"summy__feedback-paragraph\">Fanden Sie die Zusammenfassung hilfreich? <\/p>\n<p>                        Gef\u00e4llt mir<\/p>\n<p>                        Gef\u00e4llt mir<\/p>\n<p>                        Gef\u00e4llt mir nicht<\/p>\n<p>                        Gef\u00e4llt mir nicht<\/p>\n<p>                        Send<\/p>\n<p>            <img decoding=\"async\" class=\"article__media-item\" src=\"https:\/\/www.europesays.com\/de\/wp-content\/uploads\/2025\/12\/1764705317_931_wide__1000x562.jpeg\" alt=\"Russisches Verm\u00f6gen: Bundeskanzler Friedrich Merz (links) will eingefrorenes russisches Verm\u00f6gen f\u00fcr einen Kredit an die Ukraine nutzen. Der belgische Premierminister Bart De Wever (rechts) ist dagegen.\"\/><\/p>\n<p>                    Bundeskanzler Friedrich Merz (links) will eingefrorenes russisches Verm\u00f6gen f\u00fcr einen Kredit an die Ukraine nutzen. Der belgische Premierminister Bart De Wever (rechts) ist dagegen.<br \/>\n            \u00a9\u00a0Tobias Schwarz\/\u200bAFP\/\u200bGetty Images<\/p>\n<p class=\"paragraph\">Kaja Kallas ist eine Frau des<br \/>\nklaren Wortes. &#8222;Wir wissen, wer der Aggressor ist: Russland&#8220;, sagte die<br \/>\nAu\u00dfenbeauftragte der Europ\u00e4ischen Union am Montag in <a class=\"rtr-entity\" href=\"https:\/\/www.zeit.de\/thema\/bruessel\" target=\"_blank\" rel=\"noopener\">Br\u00fcssel<\/a>. &#8222;Wir wissen, wer das Opfer ist: die<br \/>\nUkraine. Und die EU steht auf der Seite des Opfers!&#8220; Kallas glaubt man dies. Die<br \/>\nehemalige estnische Ministerpr\u00e4sidentin steht seit jeher f\u00fcr eine harte Linie<br \/>\ngegen\u00fcber der russischen Regierung. Sie geh\u00f6rt zu den sch\u00e4rfsten Kritikern des russischen<br \/>\nPr\u00e4sidenten Wladimir Putin. <\/p>\n<p class=\"paragraph\">Ob die <a class=\"rtr-entity\" href=\"https:\/\/www.zeit.de\/thema\/europaeische-union\" target=\"_blank\" rel=\"noopener\">EU<\/a> als Ganzes zu<br \/>\nebensolcher Klarheit in der Lage ist, wird sich sehr bald zeigen. &#8222;Wir befinden<br \/>\nuns in einem entscheidenden Moment&#8220;, sagte Kallas. Tats\u00e4chlich muss die EU<br \/>\nentscheiden, wie sie der Ukraine weiter finanziell beistehen kann. Denn \u2013 so<br \/>\nviel ist klar \u2013 sp\u00e4testens im April geht dem geschundenen Land das Geld aus,<br \/>\ndas es f\u00fcr die Abwehr der russischen Invasoren, aber auch f\u00fcr die<br \/>\nAufrechterhaltung der Kernausgaben des Staates braucht.<\/p>\n","protected":false},"excerpt":{"rendered":"Der Ukraine geht bald das Geld aus. Eingefrorene russische Milliarden k\u00f6nnten das Problem l\u00f6sen. Doch ein EU-Staat str\u00e4ubt&hellip;\n","protected":false},"author":2,"featured_media":618713,"comment_status":"","ping_status":"","sticky":false,"template":"","format":"standard","meta":{"footnotes":""},"categories":[3],"tags":[1423,937,158,775,13,13543,1435,308,14,15,125890,307,12,10,8,9,11,14538,103,55,306,104],"class_list":{"0":"post-618712","1":"post","2":"type-post","3":"status-publish","4":"format-standard","5":"has-post-thumbnail","7":"category-welt","8":"tag-belgien","9":"tag-bruessel","10":"tag-europaeische-union","11":"tag-friedrich-merz","12":"tag-headlines","13":"tag-iwf","14":"tag-krieg-in-der-ukraine","15":"tag-moskau","16":"tag-nachrichten","17":"tag-news","18":"tag-russisches-vermoegen","19":"tag-russland","20":"tag-schlagzeilen","21":"tag-top-news","22":"tag-top-meldungen","23":"tag-topmeldungen","24":"tag-topnews","25":"tag-vermoegen","26":"tag-welt","27":"tag-wirtschaft","28":"tag-wladimir-putin","29":"tag-world"},"share_on_mastodon":{"url":"https:\/\/pubeurope.com\/@de\/115651735529257234","error":""},"_links":{"self":[{"href":"https:\/\/www.europesays.com\/de\/wp-json\/wp\/v2\/posts\/618712","targetHints":{"allow":["GET"]}}],"collection":[{"href":"https:\/\/www.europesays.com\/de\/wp-json\/wp\/v2\/posts"}],"about":[{"href":"https:\/\/www.europesays.com\/de\/wp-json\/wp\/v2\/types\/post"}],"author":[{"embeddable":true,"href":"https:\/\/www.europesays.com\/de\/wp-json\/wp\/v2\/users\/2"}],"replies":[{"embeddable":true,"href":"https:\/\/www.europesays.com\/de\/wp-json\/wp\/v2\/comments?post=618712"}],"version-history":[{"count":0,"href":"https:\/\/www.europesays.com\/de\/wp-json\/wp\/v2\/posts\/618712\/revisions"}],"wp:featuredmedia":[{"embeddable":true,"href":"https:\/\/www.europesays.com\/de\/wp-json\/wp\/v2\/media\/618713"}],"wp:attachment":[{"href":"https:\/\/www.europesays.com\/de\/wp-json\/wp\/v2\/media?parent=618712"}],"wp:term":[{"taxonomy":"category","embeddable":true,"href":"https:\/\/www.europesays.com\/de\/wp-json\/wp\/v2\/categories?post=618712"},{"taxonomy":"post_tag","embeddable":true,"href":"https:\/\/www.europesays.com\/de\/wp-json\/wp\/v2\/tags?post=618712"}],"curies":[{"name":"wp","href":"https:\/\/api.w.org\/{rel}","templated":true}]}}