{"id":618719,"date":"2025-12-02T19:59:34","date_gmt":"2025-12-02T19:59:34","guid":{"rendered":"https:\/\/www.europesays.com\/de\/618719\/"},"modified":"2025-12-02T19:59:34","modified_gmt":"2025-12-02T19:59:34","slug":"bpol-nrw-videoauswertung-im-hauptbahnhof-ueberfuehrt-diebe-bundespolizei-nimmt-zwei","status":"publish","type":"post","link":"https:\/\/www.europesays.com\/de\/618719\/","title":{"rendered":"BPOL NRW: Videoauswertung im Hauptbahnhof \u00fcberf\u00fchrt Diebe &#8211; Bundespolizei nimmt zwei &#8230;"},"content":{"rendered":"<p class=\"date\">02.12.2025 \u2013 15:44<\/p>\n<p class=\"customer\">\n                        <a class=\"story-customer\" title=\"weiter zum newsroom von Bundespolizeidirektion Sankt Augustin\" href=\"https:\/\/www.presseportal.de\/blaulicht\/nr\/70116\" rel=\"nofollow noopener\" target=\"_blank\">Bundespolizeidirektion Sankt Augustin<\/a>\n                    <\/p>\n<p><a class=\"glightbox event-trigger\" href=\"https:\/\/cache.pressmailing.net\/thumbnail\/story_hires\/92ca7f97-aad0-4809-b25d-18a17ec251e6\/IMG_1485.jpeg.jpg\" data-description=\"BPOL\" data-category=\"medialightbox\" data-action=\"click\" data-label=\"single\" data-value=\"692efb63270000fd2c232439\" rel=\"nofollow noopener\" target=\"_blank\"><img decoding=\"async\" height=\"540\" with=\"720\" src=\"https:\/\/www.europesays.com\/de\/wp-content\/uploads\/2025\/12\/bpol-nrw-videoauswertung-im-hauptbahnhof-berf-hrt-diebe-bundespolizei-nimmt-zwei-m-nner-fest.jpeg\"   alt=\"BPOL NRW: Videoauswertung im Hauptbahnhof \u00fcberf\u00fchrt Diebe - Bundespolizei nimmt zwei M\u00e4nner fest\" class=\"single\"\/><\/a><\/p>\n<p><a data-category=\"citylink-story-view\" data-action=\"click\" data-label=\"Citylink in Meldungsansicht\" class=\"story-city event-trigger\" href=\"https:\/\/www.presseportal.de\/regional\/Aachen\" title=\"News aus Aachen \" rel=\"nofollow noopener\" target=\"_blank\">Aachen<\/a> (ots)<\/p>\n<p>Am gestrigen Mittag meldete die Leitstelle der Bundespolizeiinspektion K\u00f6ln der Leitstelle in Aachen den Diebstahl eines Reisekoffers beim Halt eines Fernreisezuges. Zwei Algerier (22 und 26) konnten festgenommen werden.<\/p>\n<p>Dank sofortiger Videoauswertung der Beamten konnten zwei M\u00e4nner ausgemacht werden, deren Fotos man umgehend den Kolleginnen und Kollegen in Aachen zukommen lie\u00df.<br \/>\nDa man per Videoauswertung feststellen konnte, in welchen Zug Richtung Aachen sich die M\u00e4nner begaben, wurde dieser bei Halt am Aachener HBF nach entsprechenden Personen abgesucht.<br \/>\nBeide M\u00e4nner algerischer Herkunft wurden gestellt. Sie konnten sich nicht ausweisen und f\u00fchrten diverse Gep\u00e4ckst\u00fccke, mehrere Mobiltelefone, Schmuck und weiteren Inhalt wie Kosmetikartikel etc. mit sich.<br \/>\nDie M\u00e4nner konnten weder das Zahlenschloss des Koffers, noch die Elektronikartikel per PIN-Eingabe entsperren.<br \/>\nWeitere \u00dcberpr\u00fcfungen der Personen auf der Dienststelle der Bundespolizei in Aachen f\u00fchrten zu dem Ergebnis laufender Asylverfahren der M\u00e4nner in den Niederlanden und Spanien.<br \/>\nNach zweifelsfreier Zuordnung des Koffers wurde die Gesch\u00e4digte informiert.<br \/>\nDas vermeintliche Stehlgut wurde zwecks weiterer Ermittlungen als Beweismittel sichergestellt.<\/p>\n<p>Die Algerier wurden festgenommen und dem Haftrichter vorgef\u00fchrt.<br \/>\nBeide M\u00e4nner befinden sich nun in Untersuchungshaft.<\/p>\n<p class=\"contact-headline\">R\u00fcckfragen bitte an:<\/p>\n<p class=\"contact-text\">Bundespolizeidirektion Sankt Augustin<br \/>Bundespolizeiinspektion Aachen<br \/>Stefanie Gleixner<\/p>\n<p>Telefon: +49 241 \/ 568 37 &#8211; 1005<br \/>E-Mail: <a href=\"https:\/\/www.presseportal.de\/blaulicht\/pm\/70116\/mailto: presse.ac@polizei.bund.de\" class=\"uri-mailto\" rel=\"nofollow noopener\" target=\"_blank\"> presse.ac@polizei.bund.de<\/a><\/p>\n<p>X (Twitter): @BPOL NRW<br \/><a target=\"_blank\" class=\"uri-ext outbound\" rel=\"noopener nofollow\" href=\"https:\/\/www.bundespolizei.de\">www.bundespolizei.de<\/a><\/p>\n<p>Bahnhofplatz 3<br \/>52064 Aachen<\/p>\n<p>Weitere Informationen erhalten Sie unter <a target=\"_blank\" class=\"uri-ext outbound\" rel=\"noopener nofollow\" href=\"https:\/\/www.bundespolizei.de\">www.bundespolizei.de<\/a> oder <br \/>unter oben genannter Kontaktadresse.<\/p>\n<p class=\"originator\">Original-Content von: Bundespolizeidirektion Sankt Augustin, \u00fcbermittelt durch news aktuell<\/p>\n","protected":false},"excerpt":{"rendered":"02.12.2025 \u2013 15:44 Bundespolizeidirektion Sankt Augustin Aachen (ots) Am gestrigen Mittag meldete die Leitstelle der Bundespolizeiinspektion K\u00f6ln der&hellip;\n","protected":false},"author":2,"featured_media":618720,"comment_status":"","ping_status":"","sticky":false,"template":"","format":"standard","meta":{"footnotes":""},"categories":[1853],"tags":[1424,3364,29,548,663,3934,30,13,177,14,15,1209,176,121,178,180,179,181,12],"class_list":{"0":"post-618719","1":"post","2":"type-post","3":"status-publish","4":"format-standard","5":"has-post-thumbnail","7":"category-aachen","8":"tag-aachen","9":"tag-de","10":"tag-deutschland","11":"tag-eu","12":"tag-europa","13":"tag-europe","14":"tag-germany","15":"tag-headlines","16":"tag-kriminalitt","17":"tag-nachrichten","18":"tag-news","19":"tag-nordrhein-westfalen","20":"tag-nrw","21":"tag-polizei","22":"tag-presse","23":"tag-pressemeldung","24":"tag-pressemitteilung","25":"tag-pressemitteilungen","26":"tag-schlagzeilen"},"share_on_mastodon":{"url":"https:\/\/pubeurope.com\/@de\/115651751795946882","error":""},"_links":{"self":[{"href":"https:\/\/www.europesays.com\/de\/wp-json\/wp\/v2\/posts\/618719","targetHints":{"allow":["GET"]}}],"collection":[{"href":"https:\/\/www.europesays.com\/de\/wp-json\/wp\/v2\/posts"}],"about":[{"href":"https:\/\/www.europesays.com\/de\/wp-json\/wp\/v2\/types\/post"}],"author":[{"embeddable":true,"href":"https:\/\/www.europesays.com\/de\/wp-json\/wp\/v2\/users\/2"}],"replies":[{"embeddable":true,"href":"https:\/\/www.europesays.com\/de\/wp-json\/wp\/v2\/comments?post=618719"}],"version-history":[{"count":0,"href":"https:\/\/www.europesays.com\/de\/wp-json\/wp\/v2\/posts\/618719\/revisions"}],"wp:featuredmedia":[{"embeddable":true,"href":"https:\/\/www.europesays.com\/de\/wp-json\/wp\/v2\/media\/618720"}],"wp:attachment":[{"href":"https:\/\/www.europesays.com\/de\/wp-json\/wp\/v2\/media?parent=618719"}],"wp:term":[{"taxonomy":"category","embeddable":true,"href":"https:\/\/www.europesays.com\/de\/wp-json\/wp\/v2\/categories?post=618719"},{"taxonomy":"post_tag","embeddable":true,"href":"https:\/\/www.europesays.com\/de\/wp-json\/wp\/v2\/tags?post=618719"}],"curies":[{"name":"wp","href":"https:\/\/api.w.org\/{rel}","templated":true}]}}