{"id":618721,"date":"2025-12-02T20:00:36","date_gmt":"2025-12-02T20:00:36","guid":{"rendered":"https:\/\/www.europesays.com\/de\/618721\/"},"modified":"2025-12-02T20:00:36","modified_gmt":"2025-12-02T20:00:36","slug":"von-hitchcock-bis-true-crime-probsteer","status":"publish","type":"post","link":"https:\/\/www.europesays.com\/de\/618721\/","title":{"rendered":"Von Hitchcock bis True Crime &#8211; Probsteer"},"content":{"rendered":"<p><strong>Kiel (vg).<\/strong> Das durchweg positive Feedback hat den B\u00fcchereiverein Dietrichsdorf bewogen, auch 2026 wieder das \u201eKrimi-Festival Kiel\u201c auf die Beine zu stellen. Vom 6. bis 15. M\u00e4rz soll die Erfolgsgeschichte dieser Lesereihe fortgeschrieben werden. Auf Literaturinteressierte wartet im vierten Jahr in Folge ein hochkar\u00e4tiges Programm mit 13 Veranstaltungen. Highlight ist die szenische Lesung von \u201eDie drei ???\u201c-Star Jens Wawrczeck, der sich den von Alfred Hitchcock verfilmten Roman \u201eImmer \u00c4rger mit Harry\u201c vorkn\u00f6pft.<\/p>\n<p>\u201eVom letzten Festival sind mir besonders die energiegeladene Atmosph\u00e4re und die begeisterten G\u00e4ste in Erinnerung geblieben. So wird Faszination f\u00fcrs Lesen geweckt!\u201c, sagte Stadtpr\u00e4sidentin Bettina Aust, die erneut die Schirmherrschaft \u00fcbernimmt, beim Pressegespr\u00e4ch im Kieler Rathaus. Und Cheforganisator Peter Sch\u00fcmann sprach angesichts von bisher fast 7.000 Besuchern von einem Riesenzuspruch, der dazu verpflichte, weiterzumachen. \u201eWir haben nach neuen T\u00e4tern gesucht und pr\u00e4sentieren heute das Ergebnis unserer Ermittlungsarbeit\u201c, schmunzelte der Kultur-Detektiv. Zum Auftakt am 6. M\u00e4rz kommt ein leibhaftiger Polizeibeamter: Cybercrime-Spezialist Henning Dibbern wird mit den G\u00e4sten digitale Spuren im Internet aufsp\u00fcren und Einblicke in moderne Ermittlungsarbeit gew\u00e4hren.<\/p>\n<p>An den Lesungen wirken Autoren aus der Bestseller-Riege mit: Am 8. M\u00e4rz stellt Daniele Palu aus Hamburg seinen Cosy-Krimi \u201eMarconi und der verschwundene Wattsch\u00fctzer\u201c vor. Sein Kommissar ermittelt in St. Peter-Ording. Erfolgsautor Andreas Pfl\u00fcger liest am 10. M\u00e4rz aus seinem Agententhriller \u201eK\u00e4lter\u201c. Tags zuvor erm\u00f6glicht er zusammen mit Buchh\u00e4ndler Hauke Harder einen Blick hinter die Kulissen eines Schriftsteller-Lebens. Was passiert von der Romanidee bis zum gedruckten Buch \u2013 die beiden Insider plaudern aus dem N\u00e4hk\u00e4stchen.<\/p>\n<p>Am 11. M\u00e4rz folgt eine Live-Session des NDR Kultur True Crime Podcast \u201eKunstverbrechen\u201c, ehe der Hamburger Schauspieler, Sprecher und S\u00e4nger Jens Wawrczeck am 12. M\u00e4rz in der Paul-Gerhardt-Kirche seiner Hitchcock-Leidenschaft fr\u00f6nt. Er hat bereits viele Romanvorlagen von Hitchcock-Filmen als H\u00f6rbuch eingelesen und auch als literarisch-musikalische Hommage auf die B\u00fchne gebracht. In Kiel pr\u00e4sentiert er die schwarze Kom\u00f6die \u201eImmer \u00c4rger mit Harry\u201c \u2013 eine Story \u00fcber eine Leiche, die einfach nicht unter der Erde bleiben will \u2026\u00a0<\/p>\n<p>Am 14. M\u00e4rz ist die Pr\u00e4sidentin des Autorinnen-Netzwerks \u201eM\u00f6rderische Schwestern\u201c, Sia Piontek, in Dietrichsdorf zu Gast. Sie liest aus ihrem Spiegel-Bestseller \u201eDer Wolf im dunklen Wald\u201c. Sechs ihrer Kolleginnen geben sich dann am 15. M\u00e4rz bei der \u201eLadies Crime Night\u201c ein Stelldichein und pr\u00e4sentieren unter dem Motto \u201eLesung mit Schuss\u201c kurzweilige Texte aus ihren Krimis.<\/p>\n<p>Lokalkolorit verspr\u00fchen au\u00dferdem drei Events mit Kieler Beteiligung: Am 7. M\u00e4rz beweisen die Schauspieler Norbert Aust und Marie Kienecker, dass in fr\u00fcheren Jahrhunderten auch schon ordentlich gemeuchelt wurde. \u201eUnsere gewaltt\u00e4tigen Ahnen\u201c hei\u00dft ihr Programm. Wer will, kann zuvor bei zwei Altstadtf\u00fchrungen ins m\u00f6rderische 17. Jahrhundert eintauchen. Aust gestaltet am 15. M\u00e4rz auch eine \u201eJazz &amp; Crime\u201c-Matinee mit, in der zu verbrecherischen Texten ein krimineller Soundtrack zu h\u00f6ren ist. Au\u00dferdem verspricht ein Live-H\u00f6rspiel des Kieler Trios \u201eDie drei Herren\u201c am Freitag, dem 13. M\u00e4rz, Humor mit Gruselfaktor.<\/p>\n<p>Das Krimi-Festival macht das Kieler Ostufer aber nicht nur kulturell sichtbarer, es hat auch einen wichtigen sozialen Aspekt: \u201eBesonders stolz sind wir auf die Veranstaltungen f\u00fcr die Kinder der Schulen auf dem Ostufer. Sie haben in Workshops ihre eigenen Krimis geschrieben, Poetry Slam geprobt und Lesungen von namhaften Autoren genossen. All das war nur im Rahmen des Festivals und mit Unterst\u00fctzung zahlreicher Sponsoren m\u00f6glich\u201c, so Vereinsvorst\u00e4ndin Heike Carlsson, die das Festival als einen der literarischen Leuchtt\u00fcrme der Region lobte. Auch die Erl\u00f6se der kommenden Veranstaltungsreihe werden wieder eins zu eins in Kinderprojekte investiert, k\u00fcndigten die Organisatoren an.<\/p>\n<p>Die Programm-Brosch\u00fcre wird gro\u00dffl\u00e4chig in der Region verteilt und ist zudem auf der Homepage www.ichlesegern.de zu finden. Tickets gibt es ab sofort im Vorverkauf bei den \u201eF\u00f6rdeseiten\u201c in Wellingdorf, im Welcome Center am Stresemannplatz und in der Stadtteilb\u00fccherei Dietrichsdorf im Langen Rehm sowie online auf <a href=\"http:\/\/www.kiel-souvenirs.de\/\" target=\"_blank\" rel=\"noopener\">www.kiel-souvenirs.de<\/a>. Kartenbestellungen sind au\u00dferdem per E-Mail an <a href=\"https:\/\/www.der-reporter.de\/probsteer\/artikel\/mailto:kfk26@gmx.de\" target=\"_blank\" rel=\"noopener\">kfk26@gmx.de<\/a> m\u00f6glich.<\/p>\n","protected":false},"excerpt":{"rendered":"Kiel (vg). Das durchweg positive Feedback hat den B\u00fcchereiverein Dietrichsdorf bewogen, auch 2026 wieder das \u201eKrimi-Festival Kiel\u201c auf&hellip;\n","protected":false},"author":2,"featured_media":618722,"comment_status":"","ping_status":"","sticky":false,"template":"","format":"standard","meta":{"footnotes":""},"categories":[1852],"tags":[3364,29,548,663,3934,30,13,4949,14,15,12,1971],"class_list":{"0":"post-618721","1":"post","2":"type-post","3":"status-publish","4":"format-standard","5":"has-post-thumbnail","7":"category-kiel","8":"tag-de","9":"tag-deutschland","10":"tag-eu","11":"tag-europa","12":"tag-europe","13":"tag-germany","14":"tag-headlines","15":"tag-kiel","16":"tag-nachrichten","17":"tag-news","18":"tag-schlagzeilen","19":"tag-schleswig-holstein"},"share_on_mastodon":{"url":"https:\/\/pubeurope.com\/@de\/115651754263841615","error":""},"_links":{"self":[{"href":"https:\/\/www.europesays.com\/de\/wp-json\/wp\/v2\/posts\/618721","targetHints":{"allow":["GET"]}}],"collection":[{"href":"https:\/\/www.europesays.com\/de\/wp-json\/wp\/v2\/posts"}],"about":[{"href":"https:\/\/www.europesays.com\/de\/wp-json\/wp\/v2\/types\/post"}],"author":[{"embeddable":true,"href":"https:\/\/www.europesays.com\/de\/wp-json\/wp\/v2\/users\/2"}],"replies":[{"embeddable":true,"href":"https:\/\/www.europesays.com\/de\/wp-json\/wp\/v2\/comments?post=618721"}],"version-history":[{"count":0,"href":"https:\/\/www.europesays.com\/de\/wp-json\/wp\/v2\/posts\/618721\/revisions"}],"wp:featuredmedia":[{"embeddable":true,"href":"https:\/\/www.europesays.com\/de\/wp-json\/wp\/v2\/media\/618722"}],"wp:attachment":[{"href":"https:\/\/www.europesays.com\/de\/wp-json\/wp\/v2\/media?parent=618721"}],"wp:term":[{"taxonomy":"category","embeddable":true,"href":"https:\/\/www.europesays.com\/de\/wp-json\/wp\/v2\/categories?post=618721"},{"taxonomy":"post_tag","embeddable":true,"href":"https:\/\/www.europesays.com\/de\/wp-json\/wp\/v2\/tags?post=618721"}],"curies":[{"name":"wp","href":"https:\/\/api.w.org\/{rel}","templated":true}]}}