{"id":618726,"date":"2025-12-02T20:04:12","date_gmt":"2025-12-02T20:04:12","guid":{"rendered":"https:\/\/www.europesays.com\/de\/618726\/"},"modified":"2025-12-02T20:04:12","modified_gmt":"2025-12-02T20:04:12","slug":"junge-kuenstler-begeistern-mit-interkulturellem-musicalprojekt-in-der-agora","status":"publish","type":"post","link":"https:\/\/www.europesays.com\/de\/618726\/","title":{"rendered":"Junge K\u00fcnstler begeistern mit interkulturellem Musicalprojekt in der Agora"},"content":{"rendered":"<p class=\"text_ohne_einzug richtext text-em-55 !leading-serif mx-6 desktop:mx-0\">Es begann als Traum einer gefl\u00fcchteten Jugendlichen aus der <a href=\"https:\/\/rp-online.de\/thema\/ukraine\/\" target=\"_blank\" rel=\"noopener\">Ukraine<\/a> und wurde nun Wirklichkeit. Das interkulturelle Musicalprojekt \u201eWir sind Vielfalt\u201c feierte am vergangenen Wochenende erfolgreich seine Premiere in der Agora \u2013 dem soziokulturellen Treffpunkt in Rheydt. Die Idee f\u00fcr das Musical stammt von der jungen Ukrainerin Lera, die vor zwei Jahren auf der Flucht vor dem russischen Angriffskrieg nach <a href=\"https:\/\/rp-online.de\/thema\/moenchengladbach\/\" target=\"_blank\" rel=\"noopener\">M\u00f6nchengladbach<\/a> kam. \u201eIch liebe Zirkus seit meiner Kindheit\u201c, erz\u00e4hlt sie im Gespr\u00e4ch. \u201eIch wollte eine Geschichte auf die B\u00fchne bringen mit zwei Br\u00fcdern, aber ich hatte lange Zeit keine Idee. Antoschka hat mir geholfen\u201c, erz\u00e4hlt sie. Gemeinsam mit der Clownin und Regisseurin, die auch die k\u00fcnstlerische Leitung des Musicals \u00fcbernahm, entstand auf diese Weise nun eine energiegeladene Auff\u00fchrung.<\/p>\n","protected":false},"excerpt":{"rendered":"Es begann als Traum einer gefl\u00fcchteten Jugendlichen aus der Ukraine und wurde nun Wirklichkeit. Das interkulturelle Musicalprojekt \u201eWir&hellip;\n","protected":false},"author":2,"featured_media":618727,"comment_status":"","ping_status":"","sticky":false,"template":"","format":"standard","meta":{"footnotes":""},"categories":[1849],"tags":[146741,146743,146744,3364,29,61482,548,663,3934,30,13,1722,4455,12368,146745,14,15,1209,6003,2202,12,44731,33603,146742],"class_list":{"0":"post-618726","1":"post","2":"type-post","3":"status-publish","4":"format-standard","5":"has-post-thumbnail","7":"category-moenchengladbach","8":"tag-agora","9":"tag-antoschka","10":"tag-bruedern","11":"tag-de","12":"tag-deutschland","13":"tag-endlich","14":"tag-eu","15":"tag-europa","16":"tag-europe","17":"tag-germany","18":"tag-headlines","19":"tag-jugendliche","20":"tag-moenchengladbach","21":"tag-musical","22":"tag-musicalprojekt","23":"tag-nachrichten","24":"tag-news","25":"tag-nordrhein-westfalen","26":"tag-premiere","27":"tag-projekt","28":"tag-schlagzeilen","29":"tag-toll","30":"tag-treffpunkt","31":"tag-weiterentwickelt"},"share_on_mastodon":{"url":"https:\/\/pubeurope.com\/@de\/115651770090268530","error":""},"_links":{"self":[{"href":"https:\/\/www.europesays.com\/de\/wp-json\/wp\/v2\/posts\/618726","targetHints":{"allow":["GET"]}}],"collection":[{"href":"https:\/\/www.europesays.com\/de\/wp-json\/wp\/v2\/posts"}],"about":[{"href":"https:\/\/www.europesays.com\/de\/wp-json\/wp\/v2\/types\/post"}],"author":[{"embeddable":true,"href":"https:\/\/www.europesays.com\/de\/wp-json\/wp\/v2\/users\/2"}],"replies":[{"embeddable":true,"href":"https:\/\/www.europesays.com\/de\/wp-json\/wp\/v2\/comments?post=618726"}],"version-history":[{"count":0,"href":"https:\/\/www.europesays.com\/de\/wp-json\/wp\/v2\/posts\/618726\/revisions"}],"wp:featuredmedia":[{"embeddable":true,"href":"https:\/\/www.europesays.com\/de\/wp-json\/wp\/v2\/media\/618727"}],"wp:attachment":[{"href":"https:\/\/www.europesays.com\/de\/wp-json\/wp\/v2\/media?parent=618726"}],"wp:term":[{"taxonomy":"category","embeddable":true,"href":"https:\/\/www.europesays.com\/de\/wp-json\/wp\/v2\/categories?post=618726"},{"taxonomy":"post_tag","embeddable":true,"href":"https:\/\/www.europesays.com\/de\/wp-json\/wp\/v2\/tags?post=618726"}],"curies":[{"name":"wp","href":"https:\/\/api.w.org\/{rel}","templated":true}]}}