{"id":618810,"date":"2025-12-02T20:53:13","date_gmt":"2025-12-02T20:53:13","guid":{"rendered":"https:\/\/www.europesays.com\/de\/618810\/"},"modified":"2025-12-02T20:53:13","modified_gmt":"2025-12-02T20:53:13","slug":"tunnelbauer-erich-waaser-wird-90-jahre-alt","status":"publish","type":"post","link":"https:\/\/www.europesays.com\/de\/618810\/","title":{"rendered":"Tunnelbauer Erich Waaser wird 90 Jahre alt"},"content":{"rendered":"<p class=\"text_ohne_einzug richtext text-em-55 !leading-serif mx-6 desktop:mx-0\">Gegen ein Treffen im B\u00fcro hat Erich Waaser an diesem Dienstagvormittag gar nichts. Er m\u00fcsse ja ohnehin raus zu einem Termin auf der Baustelle in Meerbusch, die er gerade betreut. Also sehen wir uns in seinem B\u00fcro im Areal B\u00f6hler. An der Wand h\u00e4ngt ein Gem\u00e4lde von Hermann-Josef Kuhna, der f\u00fcr seine vielen bunten Farbtupfer bekannt ist \u2013 wer am Burgplatz die Freitreppe zum Unteren Rheinwerft hinuntergeht, wei\u00df, wovon die Rede ist. Ebenfalls zu sehen ist ein Foto der Rheinuferpromenade, und sp\u00e4testens jetzt ist klar, <a href=\"https:\/\/rp-online.de\/nrw\/staedte\/duesseldorf\/duesseldorf-rheinufertunnel-ist-25-jahre-alt_aid-34836905\" target=\"_blank\" rel=\"noopener\">was das bedeutendste Projekt des Bau-Ingenieurs Erich Waaser war: der Bau des Rheinufertunnels.<\/a> Dar\u00fcber sprechen wir nebenbei auch an diesem Dienstag, an dem Waaser wie an jedem Wochentag arbeitet \u2013 dabei k\u00f6nnte er sich eigentlich mal frei nehmen, schlie\u00dflich wird er 90 Jahre alt. Gefeiert wird aber erst am Freitagabend in einem feinen D\u00fcsseldorfer Hotel.<\/p>\n","protected":false},"excerpt":{"rendered":"Gegen ein Treffen im B\u00fcro hat Erich Waaser an diesem Dienstagvormittag gar nichts. Er m\u00fcsse ja ohnehin raus&hellip;\n","protected":false},"author":2,"featured_media":618811,"comment_status":"","ping_status":"","sticky":false,"template":"","format":"standard","meta":{"footnotes":""},"categories":[1831],"tags":[1625,3364,29,3405,111245,30,1209],"class_list":{"0":"post-618810","1":"post","2":"type-post","3":"status-publish","4":"format-standard","5":"has-post-thumbnail","7":"category-duesseldorf","8":"tag-buero","9":"tag-de","10":"tag-deutschland","11":"tag-duesseldorf","12":"tag-erich","13":"tag-germany","14":"tag-nordrhein-westfalen"},"share_on_mastodon":{"url":"https:\/\/pubeurope.com\/@de\/115651962809976989","error":""},"_links":{"self":[{"href":"https:\/\/www.europesays.com\/de\/wp-json\/wp\/v2\/posts\/618810","targetHints":{"allow":["GET"]}}],"collection":[{"href":"https:\/\/www.europesays.com\/de\/wp-json\/wp\/v2\/posts"}],"about":[{"href":"https:\/\/www.europesays.com\/de\/wp-json\/wp\/v2\/types\/post"}],"author":[{"embeddable":true,"href":"https:\/\/www.europesays.com\/de\/wp-json\/wp\/v2\/users\/2"}],"replies":[{"embeddable":true,"href":"https:\/\/www.europesays.com\/de\/wp-json\/wp\/v2\/comments?post=618810"}],"version-history":[{"count":0,"href":"https:\/\/www.europesays.com\/de\/wp-json\/wp\/v2\/posts\/618810\/revisions"}],"wp:featuredmedia":[{"embeddable":true,"href":"https:\/\/www.europesays.com\/de\/wp-json\/wp\/v2\/media\/618811"}],"wp:attachment":[{"href":"https:\/\/www.europesays.com\/de\/wp-json\/wp\/v2\/media?parent=618810"}],"wp:term":[{"taxonomy":"category","embeddable":true,"href":"https:\/\/www.europesays.com\/de\/wp-json\/wp\/v2\/categories?post=618810"},{"taxonomy":"post_tag","embeddable":true,"href":"https:\/\/www.europesays.com\/de\/wp-json\/wp\/v2\/tags?post=618810"}],"curies":[{"name":"wp","href":"https:\/\/api.w.org\/{rel}","templated":true}]}}