{"id":618857,"date":"2025-12-02T21:21:24","date_gmt":"2025-12-02T21:21:24","guid":{"rendered":"https:\/\/www.europesays.com\/de\/618857\/"},"modified":"2025-12-02T21:21:24","modified_gmt":"2025-12-02T21:21:24","slug":"android-16-kommt-mit-diesen-neuen-features-per-update","status":"publish","type":"post","link":"https:\/\/www.europesays.com\/de\/618857\/","title":{"rendered":"Android 16 kommt mit diesen neuen Features per Update"},"content":{"rendered":"<p><img fetchpriority=\"high\" decoding=\"async\" class=\"alignnone size-full wp-image-1310814\" src=\"https:\/\/www.europesays.com\/de\/wp-content\/uploads\/2025\/12\/26386___ANC___Android_16_blog_he.width-1600.format-webp.jpg\" alt=\"\" width=\"1200\" height=\"677\"  \/><\/p>\n<p>Google hat zum Jahresendspurt ein paar <a target=\"_blank\" href=\"https:\/\/blog.google\/products\/android\/android-16-december\/\" rel=\"nofollow noopener\">neue Funktionen f\u00fcr Android-16-Nutzer im Gep\u00e4ck<\/a>. Diese sind nicht nur auf Nutzer der Pixel-Smartphones limitiert. Die Android-16-Funktionen sollen das Ger\u00e4t intelligenter, pers\u00f6nlicher und einfacher zu verwaltbar machen. Pixel-Nutzer erhalten das Update (bisher bekannt als Android 16 QPR2) ab sofort.<\/p>\n<p>Mit dem Update ziehen KI-gest\u00fctzte Zusammenfassungen f\u00fcr Benachrichtigungen ein. <a href=\"https:\/\/stadt-bremerhaven.de\/november-pixel-drop-das-steckt-drin\/\" rel=\"nofollow noopener\" target=\"_blank\">Google hatte diese bereits im Rahmen des Pixel-Feature-Drops im November pr\u00e4sentiert.<\/a> Die Zusammenfassungen sollen es erlauben, l\u00e4ngere Nachrichten oder Gruppenchats auf einen Blick zu erfassen.<\/p>\n<p><img loading=\"lazy\" decoding=\"async\" class=\"alignnone size-full wp-image-1310815\" src=\"https:\/\/www.europesays.com\/de\/wp-content\/uploads\/2025\/12\/SCR-20251202-rruw.jpg\" alt=\"\" width=\"1200\" height=\"771\"  \/><\/p>\n<p>Zudem werden Benachrichtigungen automatisch nach Priorit\u00e4t gruppiert (z. B. Werbeangebote, Nachrichten und soziale Benachrichtigungen). Benachrichtigungen mit geringer Priorit\u00e4t sind automatisch stumm und sollen somit f\u00fcr weniger Ablenkungen und mehr Fokus sorgen.<\/p>\n<p><img loading=\"lazy\" decoding=\"async\" class=\"alignnone size-full wp-image-1310816\" src=\"https:\/\/www.europesays.com\/de\/wp-content\/uploads\/2025\/12\/SCR-20251202-rspz.jpg\" alt=\"\" width=\"1200\" height=\"888\"  \/><br \/>Einzug halten in Android 16 auch neue Personalisierungsoptionen. So werden benutzerdefinierte Symbolformen unterst\u00fctzt, die dem Startbildschirm einen eigenen Schliff verleihen sollen.<\/p>\n<p><img loading=\"lazy\" decoding=\"async\" class=\"alignnone size-full wp-image-1310817\" src=\"https:\/\/www.europesays.com\/de\/wp-content\/uploads\/2025\/12\/3_y5KCQuu.width-1000.format-webp.jpg\" alt=\"\" width=\"675\" height=\"1200\"  \/><\/p>\n<p>\u00a0<\/p>\n<p>Icons werden jetzt automatisch und einheitlich mit einem Theme f\u00fcr einen konsistenten und einheitlichen Look \u00fcberzogen. Au\u00dferdem erh\u00e4lt der Dark Mode ein Upgrade: So werden automatisch die meisten hellen Apps abgedunkelt, auch wenn diese nicht \u00fcber ein dediziertes Design verf\u00fcgen.<\/p>\n<p>Auch das Thema Kindersicherung und Einstellungsm\u00f6glichkeiten direkt auf dem Endger\u00e4t hat man angegangen. So l\u00e4sst sich die Kindersicherung direkt auf dem Ger\u00e4t verwalten, gesch\u00fctzt durch eine PIN. Hier lassen sich die t\u00e4glichen Bildschirmzeiten, aber auch Zeitpl\u00e4ne f\u00fcr die automatische Sperrung des Ger\u00e4ts in der Nacht einrichten. Zudem kann man, wie man es kennt, die App-Nutzung bestimmter Apps zeitlich limitieren oder gar vollst\u00e4ndig unterbinden. Wenn ein Zeitlimit erreicht ist, dann kann man zus\u00e4tzliches Minutenkontingent spendieren. Zu guter Letzt ist die Einrichtung von Family Link vereinfacht worden.<\/p>\n<p class=\"aawp-disclaimer\"><a href=\"https:\/\/stadt-bremerhaven.de\/transparenz\/\" rel=\"nofollow noopener\" target=\"_blank\">Transparenz<\/a>: In diesem Artikel sind Partnerlinks enthalten. Durch einen Klick darauf ge\u00adlan\u00adgt ihr direkt zum Anbieter. Solltet ihr euch dort f\u00fcr einen Kauf entscheiden, erhalten wir ei\u00adne kleine Provision. F\u00fcr euch \u00e4ndert sich am Preis nichts. Partnerlinks haben keinerlei Einfluss auf unsere Berichterstattung.<\/p>\n","protected":false},"excerpt":{"rendered":"Google hat zum Jahresendspurt ein paar neue Funktionen f\u00fcr Android-16-Nutzer im Gep\u00e4ck. Diese sind nicht nur auf Nutzer&hellip;\n","protected":false},"author":2,"featured_media":618858,"comment_status":"","ping_status":"","sticky":false,"template":"","format":"standard","meta":{"footnotes":""},"categories":[135],"tags":[29,30,190,189,194,191,193,192],"class_list":{"0":"post-618857","1":"post","2":"type-post","3":"status-publish","4":"format-standard","5":"has-post-thumbnail","7":"category-wissenschaft-technik","8":"tag-deutschland","9":"tag-germany","10":"tag-science","11":"tag-science-technology","12":"tag-technik","13":"tag-technology","14":"tag-wissenschaft","15":"tag-wissenschaft-technik"},"share_on_mastodon":{"url":"https:\/\/pubeurope.com\/@de\/115652073768054630","error":""},"_links":{"self":[{"href":"https:\/\/www.europesays.com\/de\/wp-json\/wp\/v2\/posts\/618857","targetHints":{"allow":["GET"]}}],"collection":[{"href":"https:\/\/www.europesays.com\/de\/wp-json\/wp\/v2\/posts"}],"about":[{"href":"https:\/\/www.europesays.com\/de\/wp-json\/wp\/v2\/types\/post"}],"author":[{"embeddable":true,"href":"https:\/\/www.europesays.com\/de\/wp-json\/wp\/v2\/users\/2"}],"replies":[{"embeddable":true,"href":"https:\/\/www.europesays.com\/de\/wp-json\/wp\/v2\/comments?post=618857"}],"version-history":[{"count":0,"href":"https:\/\/www.europesays.com\/de\/wp-json\/wp\/v2\/posts\/618857\/revisions"}],"wp:featuredmedia":[{"embeddable":true,"href":"https:\/\/www.europesays.com\/de\/wp-json\/wp\/v2\/media\/618858"}],"wp:attachment":[{"href":"https:\/\/www.europesays.com\/de\/wp-json\/wp\/v2\/media?parent=618857"}],"wp:term":[{"taxonomy":"category","embeddable":true,"href":"https:\/\/www.europesays.com\/de\/wp-json\/wp\/v2\/categories?post=618857"},{"taxonomy":"post_tag","embeddable":true,"href":"https:\/\/www.europesays.com\/de\/wp-json\/wp\/v2\/tags?post=618857"}],"curies":[{"name":"wp","href":"https:\/\/api.w.org\/{rel}","templated":true}]}}