{"id":619021,"date":"2025-12-02T22:56:28","date_gmt":"2025-12-02T22:56:28","guid":{"rendered":"https:\/\/www.europesays.com\/de\/619021\/"},"modified":"2025-12-02T22:56:28","modified_gmt":"2025-12-02T22:56:28","slug":"doch-kein-kahlschlag-in-der-chemnitzer-jugendhilfe","status":"publish","type":"post","link":"https:\/\/www.europesays.com\/de\/619021\/","title":{"rendered":"Doch kein Kahlschlag in der Chemnitzer Jugendhilfe!"},"content":{"rendered":"<p>\n                                                                                                                02.12.2025\u00a016:34                \u00a03.107\n                            <\/p>\n<p>            Eine Million Euro mehr: Doch kein Kahlschlag in der Chemnitzer Jugendhilfe!<\/p>\n<p>Die Chemnitzer Jugendhilfe stand vor einem Scherbenhaufen: Das Rathaus wollte finanzielle Mittel massiv k\u00fcrzen. Nun gibt es einen Kompromiss.<\/p>\n<p>Chemnitz &#8211; <b>F\u00fcr die <\/b><a href=\"https:\/\/www.tag24.de\/chemnitz\/politik-wirtschaft\/chemnitzer-jugendhilfe-droht-finanzieller-kollaps-erneute-kuerzungen-projekte-vorm-aus-3435862\" target=\"_blank\" rel=\"noopener nofollow\" data-aid=\"3435862\" data-vars-aid=\"3435862\" data-vars-url=\"https:\/\/www.tag24.de\/chemnitz\/politik-wirtschaft\/chemnitzer-jugendhilfe-droht-finanzieller-kollaps-erneute-kuerzungen-projekte-vorm-aus-3435862\" data-vars-aplacement=\"intext\">Chemnitzer Jugendhilfe<\/a><b> zeichnet sich Entspannung ab. Nach den lautstarken Protesten der vergangenen Wochen hat OB Sven Schulze (64, <\/b><a href=\"https:\/\/www.tag24.de\/nachrichten\/politik\/deutschland\/parteien\/spd\" rel=\"nofollow noopener\" target=\"_blank\">SPD<\/a><b>) jetzt die Flucht nach vorn angetreten und pers\u00f6nlich erkl\u00e4rt, wie es 2026 weitergehen soll.<\/b><\/p>\n<p>            <img loading=\"lazy\" decoding=\"async\" class=\"article__img\" alt=\"OB Sven Schulze (64, SPD) hat den Rathaus-Kompromiss zur Jugendhilfe 2026 vorgelegt.\" width=\"951\" height=\"634\" src=\"https:\/\/www.europesays.com\/de\/wp-content\/uploads\/2025\/12\/8toeads4y32ufmdhzxz54gwi0bxvy0fb.jpg\"  \/><\/p>\n<p>            OB Sven Schulze (64, SPD) hat den Rathaus-Kompromiss zur Jugendhilfe 2026 vorgelegt.\u00a0\u00a0\u00a9\u00a0Uwe Meinhold<\/p>\n<p>Die Stadt hat im Haushalt noch einmal gesucht, umgeschichtet und umgeplant. Ergebnis: Fast eine Million Euro zus\u00e4tzlich kann in die Jugendhilfe flie\u00dfen. <\/p>\n<p>Die gro\u00dfe L\u00fccke von urspr\u00fcnglich 1,6 Millionen Euro schrumpft damit deutlich. Viele Tr\u00e4ger, die schon um ihre Angebote bangten, k\u00f6nnen erst einmal aufatmen.<\/p>\n<p>&#8222;Wir wollen ein breites und verl\u00e4ssliches Angebot&#8220;, sagte OB Schulze. Die Demonstrationen der vergangenen Tage seien im Rathaus sehr wohl angekommen. <\/p>\n<p>                             <a data-aid=\"3444503\" data-atype=\"news\" data-aplacement=\"inread-article\" data-aplacementid=\"3444719\" href=\"https:\/\/www.tag24.de\/chemnitz\/lokales\/chemnitz-hunderte-demonstrieren-gegen-jugendhilfe-kuerzung-3444503\" rel=\"nofollow noopener\" target=\"_blank\"><img loading=\"lazy\" decoding=\"async\" width=\"85\" height=\"57\" alt=\"Chemnitz: Chemnitz: Hunderte demonstrieren gegen Jugendhilfe-K\u00fcrzung\" src=\"https:\/\/www.europesays.com\/de\/wp-content\/uploads\/2025\/12\/1764716187_901_9y02um6xcbn2w463iu6fh6dle39r9op4.jpg\"\/><\/a><\/p>\n<p>            Chemnitz Lokal<br \/>\n                            <a class=\"inread-article__headline\" data-aid=\"3444503\" data-atype=\"news\" data-aplacement=\"inread-article\" data-aplacementid=\"3444719\" href=\"https:\/\/www.tag24.de\/chemnitz\/lokales\/chemnitz-hunderte-demonstrieren-gegen-jugendhilfe-kuerzung-3444503\" rel=\"nofollow noopener\" target=\"_blank\">Chemnitz: Hunderte demonstrieren gegen Jugendhilfe-K\u00fcrzung<\/a><\/p>\n<p><b>Aber er machte auch klar, wo die Grenzen liegen: Die finanzielle Lage der Stadt bleibe angespannt. &#8222;Wer mehr Geld verlangt, muss auch sagen, wo es herkommen soll.&#8220;<\/b><\/p>\n<p>    Diese Angebote gehen dennoch leer aus<\/p>\n<p>            <img decoding=\"async\" class=\"article__img\" alt=\"Gunda Georgi (60) ist seit elf Jahren Leiterin des Chemnitzer Jugendamtes.\" width=\"951\" height=\"634\" loading=\"lazy\" src=\"https:\/\/www.europesays.com\/de\/wp-content\/uploads\/2025\/12\/azshv702jelkzahmch07qpsky2iipy6f.jpg\"  \/><\/p>\n<p>            Gunda Georgi (60) ist seit elf Jahren Leiterin des Chemnitzer Jugendamtes.\u00a0\u00a0\u00a9\u00a0Uwe Meinhold<\/p>\n<p>Ganz ohne Einschnitte geht es trotzdem nicht. Vier Angebote gehen leer aus: die Jugendkirche, Kinder- und Jugendarbeit EC Rabenstein, das Haus der Begegnung der Behindertenhilfe und der Jugendclub &#8222;Young Connections&#8220; in Ebersdorf. Alle Einrichtungen erhalten noch eine Auslauffinanzierung f\u00fcr ein halbes Jahr, dann ist Schluss.<\/p>\n<p>&#8222;Die Tr\u00e4ger haben ja Vertr\u00e4ge geschlossen&#8220;, betonte Jugendamts-Chefin Gunda Georgi (60). Weitere neun Projekte bekommen Auflagen oder m\u00fcssen ihren inhaltlichen Ansatz nachsch\u00e4rfen. In der Schulsozialarbeit soll es keinerlei K\u00fcrzungen geben.<\/p>\n<p><b>Schulze warnte indes vor einem Crash-Szenario: Wenn der Stadtrat das Vorgehen nicht mittrage, g\u00e4be es ab Januar gar kein Geld mehr, weil die rechtliche Grundlage fehlt. N\u00e4chsten Mittwoch ist der zust\u00e4ndige Fachausschuss im Stadtrat am Zug.<\/b><\/p>\n","protected":false},"excerpt":{"rendered":"02.12.2025\u00a016:34 \u00a03.107 Eine Million Euro mehr: Doch kein Kahlschlag in der Chemnitzer Jugendhilfe! Die Chemnitzer Jugendhilfe stand vor&hellip;\n","protected":false},"author":2,"featured_media":619022,"comment_status":"","ping_status":"","sticky":false,"template":"","format":"standard","meta":{"footnotes":""},"categories":[1851],"tags":[2770,3364,29,548,663,3934,30,13,14,15,859,12],"class_list":{"0":"post-619021","1":"post","2":"type-post","3":"status-publish","4":"format-standard","5":"has-post-thumbnail","7":"category-chemnitz","8":"tag-chemnitz","9":"tag-de","10":"tag-deutschland","11":"tag-eu","12":"tag-europa","13":"tag-europe","14":"tag-germany","15":"tag-headlines","16":"tag-nachrichten","17":"tag-news","18":"tag-sachsen","19":"tag-schlagzeilen"},"share_on_mastodon":{"url":"https:\/\/pubeurope.com\/@de\/115652447721061274","error":""},"_links":{"self":[{"href":"https:\/\/www.europesays.com\/de\/wp-json\/wp\/v2\/posts\/619021","targetHints":{"allow":["GET"]}}],"collection":[{"href":"https:\/\/www.europesays.com\/de\/wp-json\/wp\/v2\/posts"}],"about":[{"href":"https:\/\/www.europesays.com\/de\/wp-json\/wp\/v2\/types\/post"}],"author":[{"embeddable":true,"href":"https:\/\/www.europesays.com\/de\/wp-json\/wp\/v2\/users\/2"}],"replies":[{"embeddable":true,"href":"https:\/\/www.europesays.com\/de\/wp-json\/wp\/v2\/comments?post=619021"}],"version-history":[{"count":0,"href":"https:\/\/www.europesays.com\/de\/wp-json\/wp\/v2\/posts\/619021\/revisions"}],"wp:featuredmedia":[{"embeddable":true,"href":"https:\/\/www.europesays.com\/de\/wp-json\/wp\/v2\/media\/619022"}],"wp:attachment":[{"href":"https:\/\/www.europesays.com\/de\/wp-json\/wp\/v2\/media?parent=619021"}],"wp:term":[{"taxonomy":"category","embeddable":true,"href":"https:\/\/www.europesays.com\/de\/wp-json\/wp\/v2\/categories?post=619021"},{"taxonomy":"post_tag","embeddable":true,"href":"https:\/\/www.europesays.com\/de\/wp-json\/wp\/v2\/tags?post=619021"}],"curies":[{"name":"wp","href":"https:\/\/api.w.org\/{rel}","templated":true}]}}