{"id":619039,"date":"2025-12-02T23:07:21","date_gmt":"2025-12-02T23:07:21","guid":{"rendered":"https:\/\/www.europesays.com\/de\/619039\/"},"modified":"2025-12-02T23:07:21","modified_gmt":"2025-12-02T23:07:21","slug":"stadtwerke-uebernehmen-das-stromnetz-was-sich-2026-fuer-kunden-aendert","status":"publish","type":"post","link":"https:\/\/www.europesays.com\/de\/619039\/","title":{"rendered":"Stadtwerke \u00fcbernehmen das Stromnetz \u2013 Was sich 2026 f\u00fcr Kunden \u00e4ndert"},"content":{"rendered":"<ol class=\"id-DonaldBreadcrumb lp_west_breadcrumb id-DonaldBreadcrumb--default\" data-k5a-pos=\"west_breadcrumb\">\n<li class=\"id-Breadcrumb-item\"><a href=\"https:\/\/www.wa.de\/\" class=\"id-Breadcrumb-link\" data-id-ec=\"{\" shn=\"\" textlink=\"\" data-k5a-pos=\"1_waDe\" rel=\"nofollow noopener\" target=\"_blank\">wa.de<\/a><\/li>\n<li class=\"id-Breadcrumb-item\"><a href=\"https:\/\/www.wa.de\/lokales\/\" class=\"id-Breadcrumb-link\" data-id-ec=\"{\" shn=\"\" textlink=\"\" data-k5a-pos=\"2_lokales\" rel=\"nofollow noopener\" target=\"_blank\">Lokales<\/a><\/li>\n<li class=\"id-Breadcrumb-item\"><a href=\"https:\/\/www.wa.de\/lokales\/drensteinfurt\/\" class=\"id-Breadcrumb-link\" data-id-ec=\"{\" shn=\"\" textlink=\"\" data-k5a-pos=\"3_drensteinfurt\" rel=\"nofollow noopener\" target=\"_blank\">Drensteinfurt<\/a><\/li>\n<\/ol>\n<p class=\"id-Story-timestamp id-Story-timestamp--default\">Stand: 02.12.2025, 19:00 Uhr<\/p>\n<p class=\"id-Story-authors id-Story-authors--default\">Von: <a class=\"id-Story-authors-link lp_west_author\" href=\"https:\/\/www.wa.de\/autor\/pia-sofie-bartmann-96maukno.html\" title=\"Zur Autorenseite von Pia Sofie Bartmann\" data-id-ec=\"{\" shn=\"\" author-link=\"\" sofie=\"\" bartmann=\"\" data-k5a-pos=\"west_author\" rel=\"nofollow noopener\" target=\"_blank\">Pia Sofie Bartmann<\/a><\/p>\n<p class=\"id-Story-interactionBar id-Story-interactionBar--default\">DruckenTeilen<\/p>\n<p class=\"id-StoryElement-leadText\">Die Westnetz GmbH wird zum Jahreswechsel von den Stadtwerken Ostm\u00fcnsterland als Betreiber des Stromnetzes in Drenstenfurt und Sendenhorst abgel\u00f6st. F\u00fcr Kunden gibt es \u00c4nderungen.<\/p>\n<p class=\"id-StoryElement-paragraph\">Drensteinfurt \u2013 Zum Jahreswechsel l\u00f6sen die Stadtwerke Ostm\u00fcnsterland die Westnetz GmbH wie geplant als Betreiber der Stromnetze in Drensteinfurt und Sendenhorst ab. Am Montag stellten die Verantwortlichen die \u00c4nderung im Rathaus vor. <a href=\"https:\/\/www.wa.de\/lokales\/drensteinfurt\/uebernahme-der-stromnetze-in-drensteinfurt-und-sendenhorst-durch-die-stadtwerke-ostmuensterland-91748186.html\" class=\"id-import-Link\" data-id-ec=\"{&quot;sht&quot;:&quot;Container&quot;,&quot;shn&quot;:&quot;Story&quot;,&quot;p&quot;:{&quot;containerType&quot;:&quot;Paragraph&quot;,&quot;displayType&quot;:&quot;Paragraph InlineLink&quot;,&quot;type&quot;:&quot;INLINE_LINK&quot;,&quot;value&quot;:&quot;Bereits vor rund f&#xFC;nf Jahren&quot;,&quot;variant&quot;:&quot;standardLink&quot;,&quot;sponsored&quot;:false,&quot;linkHref&quot;:&quot;https:\/\/www.wa.de\/lokales\/drensteinfurt\/uebernahme-der-stromnetze-in-drensteinfurt-und-sendenhorst-durch-die-stadtwerke-ostmuensterland-91748186.html&quot;,&quot;storyElementPosition&quot;:8,&quot;storyElementCount&quot;:28}}\" rel=\"nofollow noopener\" target=\"_blank\">Bereits vor rund f\u00fcnf Jahren<\/a> war den Stadtwerken die Konzession \u2013 also die Erlaubnis f\u00fcr die \u00dcbernahme des Stromnetzes \u2013 durch die Kommune erteilt worden.<\/p>\n<p><img decoding=\"async\" class=\"id-RatioPlaceholder-element wv_story_el_image\" src=\"https:\/\/www.europesays.com\/de\/wp-content\/uploads\/2025\/12\/40669764-erklaerten-was-die-netzuebernahme-bedeutet-rolf-berlemann-von-links-markus-wiewel-katrin-re.jpeg\" loading=\"lazy\"   height=\"733\" width=\"1100\" alt=\"Erkl&#xE4;rten, was die Netz&#xFC;bernahme bedeutet: Rolf Berlemann (von links), Markus Wiewel, Katrin Reuscher, Christian Prinsen und Winfried M&#xFC;nsterk&#xF6;tter.\"\/>Erkl\u00e4rten, was die Netz\u00fcbernahme bedeutet: Rolf Berlemann (von links), Markus Wiewel, Katrin Reuscher, Christian Prinsen und Winfried M\u00fcnsterk\u00f6tter. \u00a9\u00a0Pia Sofie Bartmann<\/p>\n<p class=\"id-StoryElement-paragraph\">Ab Januar k\u00fcmmern sich die Stadtwerke um den Betrieb des Mittel- und Niederspannungsnetzes in Drensteinfurt und Sendenhorst. F\u00fcr Kunden \u00e4ndert sich dadurch vor allem eines: Sie bekommen neue Ansprechpartner f\u00fcr alle Anliegen rund um den Stromanschluss sowie die Anmeldungen oder Inbetriebnahmen von Photovoltaikanlagen. An bestehenden Vertr\u00e4gen \u00e4ndert sich nichts. \u00dcber eine Nachricht d\u00fcrften Kunden sich jedoch freuen: Mit der Umstellung auf die Stadtwerke-Tarife sinken die Netzgeb\u00fchren um etwa 10 Prozent.<\/p>\n<p>Stadtwerke \u00fcbernehmen das Stromnetz \u2013 Was sich 2026 f\u00fcr Kunden \u00e4ndert<\/p>\n<p class=\"id-StoryElement-paragraph\">\u201eWir freuen uns, dass wir die Konzession ausschreiben und die Stadtwerke den Zuschlag erhalten konnten. Das ist f\u00fcr uns auch deshalb eine gute Entwicklung, weil die Stadt am Netzbetreiber beteiligt ist\u201c, sagte B\u00fcrgermeister Markus Wiewel. Gemeinsam halten Drensteinfurt und Sendenhorst rund drei Prozent der Gesellschaftsanteile an dem Energieversorger. \u201eDie Haushaltslage ist bekannt, als Anteilseigner hoffen wir daher nat\u00fcrlich auf eine gr\u00f6\u00dfere Gewinnaussch\u00fcttung\u201c, so Wiewel.<\/p>\n<p class=\"id-StoryElement-paragraph\">\u201eMit den Stadtwerken Ostm\u00fcnsterland haben wir ein Unternehmen, mit dem wir das Thema Energiewende gemeinsam gestalten k\u00f6nnen\u201c, betonte Katrin Reuscher, B\u00fcrgermeisterin von Sendenhorst. \u201eWir stehen vor riesengro\u00dfen Herausforderungen. Der Schritt der Netz\u00fcbernahme ist ein wichtiger Baustein f\u00fcr den weiteren Ausbau von W\u00e4rmenetzen.\u201c Bereits w\u00e4hrend der Anf\u00e4nge der Energiekrise, nach dem Ausbruch des Kriegs in der Ukraine, h\u00e4tten die Stadtwerke bewiesen, dass sie ein verl\u00e4sslicher Partner sind.<\/p>\n<p>Regionales Unternehmen: Stadtwerke nutzen die \u00f6rtliche N\u00e4he <\/p>\n<p class=\"id-StoryElement-paragraph\">Mit dem \u00dcbergang des Netzbetriebes ins Eigentum der Stadtwerke erweitern diese ihr Stromnetz um etwa 25 Prozent, auf \u00fcber 1000 Kilometer. Sie betreiben bereits Strom- und Gasnetze in Ennigerloh, Oelde, Ostbevern und Telgte. In den beiden letztgenannten Orten f\u00e4llt au\u00dferdem die Versorgung mit Trinkwasser in ihren Zust\u00e4ndigkeitsbereich. Hinzu kommen W\u00e4rmenetze \u2013 <a href=\"https:\/\/www.wa.de\/lokales\/drensteinfurt\/buerger-damit-nicht-alleine-lassen-nach-preisexplosion-soll-gutachten-aufschluss-geben-94044144.html\" class=\"id-import-Link\" data-id-ec=\"{&quot;sht&quot;:&quot;Container&quot;,&quot;shn&quot;:&quot;Story&quot;,&quot;p&quot;:{&quot;containerType&quot;:&quot;Paragraph&quot;,&quot;displayType&quot;:&quot;Paragraph InlineLink&quot;,&quot;type&quot;:&quot;INLINE_LINK&quot;,&quot;value&quot;:&quot;beispielsweise das aktuell in der Kritik stehende im Baugebiet Mondscheinweg in Drensteinfurt&quot;,&quot;variant&quot;:&quot;standardLink&quot;,&quot;sponsored&quot;:false,&quot;linkHref&quot;:&quot;https:\/\/www.wa.de\/lokales\/drensteinfurt\/buerger-damit-nicht-alleine-lassen-nach-preisexplosion-soll-gutachten-aufschluss-geben-94044144.html&quot;,&quot;storyElementPosition&quot;:17,&quot;storyElementCount&quot;:28}}\" rel=\"nofollow noopener\" target=\"_blank\">beispielsweise das aktuell in der Kritik stehende im Baugebiet Mondscheinweg in Drensteinfurt<\/a> \u2013 sowie weitere in Oelde, Ostbevern und Telgte.<\/p>\n<p class=\"id-StoryElement-paragraph\">F\u00fcr die \u00dcbernahme der Stromnetze in Drensteinfurt und Sendenhorst seien laut Gesch\u00e4ftsf\u00fchrer Winfried M\u00fcnsterk\u00f6tter Kosten in H\u00f6he von etwas \u00fcber zehn Millionen Euro angefallen. \u201eSeit der Vergabe haben wir an Personal, Systemen und Planwerken aufger\u00fcstet\u201c, erkl\u00e4rt Stadtwerke-Gesch\u00e4ftsf\u00fchrer Rolf Berlemann. Inzwischen k\u00fcmmern sich rund 160 Mitarbeiter an vier Standorten um die Belange der Kunden.<\/p>\n<p>Stadtwerke Ostm\u00fcnsterland: Kundencenter erweitert \u00d6ffnungszeiten ab Januar<\/p>\n<p class=\"id-StoryElement-paragraph\">B\u00fcrgermeister Wiewel und B\u00fcrgermeisterin Reuscher betonten, wie wichtig die \u00f6rtliche N\u00e4he zum Energieversorger ist. \u201eDadurch, dass die Stadtwerke ein kleineres, regionales Unternehmen sind und nicht zu den Stromgiganten geh\u00f6ren, haben wir kurze Wege und k\u00f6nnen bei Problemen schnell und effektiv handeln\u201c, so Reuscher. \u201eDass wir z\u00fcgig vor Ort sind, ist unser Vorteil, mit dem wir punkten k\u00f6nnen. Wir lassen Dienstleistungen in der Region, um zu jeder Zeit f\u00fcr unsere Kunden ansprechbar zu sein\u201c, sagte Winfried M\u00fcnsterk\u00f6tter. <\/p>\n<p class=\"id-StoryElement-paragraph\">Seit mehr als zehn Jahren betreiben die Stadtwerke ein Kundencenter an der M\u00fchlenstra\u00dfe 20. K\u00fcnftig k\u00f6nnen sich B\u00fcrger mit Fragen zu ihrem Stromanschluss und netztechnischen Anliegen an die Mitarbeiter wenden. Daf\u00fcr erweitert das Kundencenter seine \u00d6ffnungszeiten ab Januar. \u201eWir \u00f6ffnen \u00fcbergangsweise von montags bis freitags, um m\u00f6glichen Unsicherheiten und Fragen begegnen zu k\u00f6nnen\u201c, so Winfried M\u00fcnsterk\u00f6tter. F\u00fcr die Stadt ist dann Au\u00dfendienstmitarbeiter Christian Prinsen zust\u00e4ndig. Er wohnt in Drensteinfurt und kennt sich mit den \u00f6rtlichen Gegebenheiten aus. Auf ihrer Webseite unter www.so.de\/neuernetzbetreiber haben die Stadtwerke au\u00dferdem weitere Fragen und Antworten freigeschaltet, an denen Kunden sich orientieren k\u00f6nnen.<\/p>\n<p>Umstellung an Silvester: Nahtloser \u00dcbergang geplant<\/p>\n<p class=\"id-StoryElement-paragraph\">Von der eigentlichen Netz\u00fcbernahme in der Silvesternacht sollen die Kunden laut Stadtwerken nichts merken, da es keine Unterbrechung in der Stromversorgung geben wird. Zum Jahresbeginn erhalten alle Haushalte in Drensteinfurt und Sendenhorst Post von den Stadtwerken und werden \u00fcber den Netzbetreiberwechsel informiert.<\/p>\n<p class=\"id-StoryElement-paragraph\">F\u00fcr die kommenden Jahre planen die Stadtwerke weitere Investitionen in die Modernisierung des Stromnetzes. F\u00fcr Drensteinfurt und Sendenhorst sind laut Winfried M\u00fcnsterk\u00f6tter etwa 2,7 Millionen Euro bereitgestellt, davon flie\u00dfen rund 800.000 Euro in den Ausbau der Kabelverbindung in Rinkerode.<\/p>\n<p class=\"id-StoryElement-paragraph\">Viele \u00e4ltere l\u00e4ndliche Wege in den Drensteinfurter Au\u00dfengebieten sind zu schmal oder \u00fcberlastet, deshalb <a href=\"https:\/\/www.wa.de\/lokales\/drensteinfurt\/oft-zu-schmal-und-marode-stadt-plant-sanierung-des-laendlichen-wegenetzes-94055190.html\" class=\"id-import-Link\" data-id-ec=\"{&quot;sht&quot;:&quot;Container&quot;,&quot;shn&quot;:&quot;Story&quot;,&quot;p&quot;:{&quot;containerType&quot;:&quot;Paragraph&quot;,&quot;displayType&quot;:&quot;Paragraph InlineLink&quot;,&quot;type&quot;:&quot;INLINE_LINK&quot;,&quot;value&quot;:&quot;hat die Stadt ein Wegenetzkonzept beschlossen.&quot;,&quot;variant&quot;:&quot;standardLink&quot;,&quot;sponsored&quot;:false,&quot;linkHref&quot;:&quot;https:\/\/www.wa.de\/lokales\/drensteinfurt\/oft-zu-schmal-und-marode-stadt-plant-sanierung-des-laendlichen-wegenetzes-94055190.html&quot;,&quot;storyElementPosition&quot;:28,&quot;storyElementCount&quot;:28}}\" rel=\"nofollow noopener\" target=\"_blank\">hat die Stadt ein Wegenetzkonzept beschlossen.<\/a><\/p>\n","protected":false},"excerpt":{"rendered":"wa.de Lokales Drensteinfurt Stand: 02.12.2025, 19:00 Uhr Von: Pia Sofie Bartmann DruckenTeilen Die Westnetz GmbH wird zum Jahreswechsel&hellip;\n","protected":false},"author":2,"featured_media":619040,"comment_status":"","ping_status":"","sticky":false,"template":"","format":"standard","meta":{"footnotes":""},"categories":[1843],"tags":[3364,29,30,8970,1209],"class_list":{"0":"post-619039","1":"post","2":"type-post","3":"status-publish","4":"format-standard","5":"has-post-thumbnail","7":"category-muenster","8":"tag-de","9":"tag-deutschland","10":"tag-germany","11":"tag-muenster","12":"tag-nordrhein-westfalen"},"share_on_mastodon":{"url":"","error":""},"_links":{"self":[{"href":"https:\/\/www.europesays.com\/de\/wp-json\/wp\/v2\/posts\/619039","targetHints":{"allow":["GET"]}}],"collection":[{"href":"https:\/\/www.europesays.com\/de\/wp-json\/wp\/v2\/posts"}],"about":[{"href":"https:\/\/www.europesays.com\/de\/wp-json\/wp\/v2\/types\/post"}],"author":[{"embeddable":true,"href":"https:\/\/www.europesays.com\/de\/wp-json\/wp\/v2\/users\/2"}],"replies":[{"embeddable":true,"href":"https:\/\/www.europesays.com\/de\/wp-json\/wp\/v2\/comments?post=619039"}],"version-history":[{"count":0,"href":"https:\/\/www.europesays.com\/de\/wp-json\/wp\/v2\/posts\/619039\/revisions"}],"wp:featuredmedia":[{"embeddable":true,"href":"https:\/\/www.europesays.com\/de\/wp-json\/wp\/v2\/media\/619040"}],"wp:attachment":[{"href":"https:\/\/www.europesays.com\/de\/wp-json\/wp\/v2\/media?parent=619039"}],"wp:term":[{"taxonomy":"category","embeddable":true,"href":"https:\/\/www.europesays.com\/de\/wp-json\/wp\/v2\/categories?post=619039"},{"taxonomy":"post_tag","embeddable":true,"href":"https:\/\/www.europesays.com\/de\/wp-json\/wp\/v2\/tags?post=619039"}],"curies":[{"name":"wp","href":"https:\/\/api.w.org\/{rel}","templated":true}]}}