{"id":619108,"date":"2025-12-02T23:52:21","date_gmt":"2025-12-02T23:52:21","guid":{"rendered":"https:\/\/www.europesays.com\/de\/619108\/"},"modified":"2025-12-02T23:52:21","modified_gmt":"2025-12-02T23:52:21","slug":"doppelhaushalt-2026-2027-star-dirigent-cornelius-meister-protestiert-gegen-kultur-kuerzung-in-stuttgart","status":"publish","type":"post","link":"https:\/\/www.europesays.com\/de\/619108\/","title":{"rendered":"Doppelhaushalt 2026\/2027: Star-Dirigent Cornelius Meister: Protestiert gegen Kultur-K\u00fcrzung in Stuttgart!"},"content":{"rendered":"<p>\t\t\t\t\t\t\t\t\t\t\t\t\t\t\t\t\t\t\t\t\t\t\t\t\t\t\t\t      \t\t            \t\t             \t\t\t\t   \t\t\t\t\t   <img decoding=\"async\" id=\"article-image\" fetchpriority=\"high\" alt=\"Doppelhaushalt 2026\/2027: Star-Dirigent Cornelius Meister: Protestiert gegen Kultur-K\u00fcrzung in Stuttgart!\" title=\"Doppelhaushalt 2026\/2027: Star-Dirigent Cornelius Meister: Protestiert gegen Kultur-K\u00fcrzung in Stuttgart!\" src=\"https:\/\/www.europesays.com\/de\/wp-content\/uploads\/2025\/12\/media.media.4df9bb1a-39d1-4dd5-8e96-1ccd787a1a67.16x9_700.jpg\" data-linkto=\"https:\/\/www.stuttgarter-nachrichten.de\/javascript:void(0);\"\/>\t\t\t\t\t\t\t\t\t\t\t\t\t\t\t\t\t\t\t\t\t\t\t\tCornelius Meister ist Generalmusikdirektor der Oper Stuttgart und des Staatsorchesters Stuttgart\u00a0Foto: Fanny Gaul\t\t\t<\/p>\n<p>Als Dirigent weltweit gefragt, ist Cornelius Meister als Generalmusikdirektor der Oper Stuttgart stets hoch engagiert. Jetzt mit einem offenen Brief. Was steht drin?<\/p>\n<p>F\u00fcr 2026 hat <a href=\"https:\/\/www.corneliusmeister.net\/\" target=\"_blank\" rel=\"nofollow noopener\">Cornelius Meister, Generalmusikdirektor der Staatsoper Stuttgart und des Staatsorchesters Stuttgart<\/a>, seinen R\u00fcckzug aus Stuttgart angek\u00fcndigt. Weniger k\u00e4mpferisch f\u00fcr sein Orchester wie f\u00fcr die Staatstheater an sich zeigt sich Meister deshalb keineswegs. Jetzt wagt sich der Star-Dirigent erneut ins Scheinwerferlicht. Anlass sind die aktuellen Entwicklungen rund um die Verhandlungen \u00fcber den Doppelhaushalt der Stadt Stuttgart 2026\/2027. <\/p>\n<p>Bis zu neun Millionen Euro weniger f\u00fcr die Staatstheater Stuttgart? <\/p>\n<p> <a href=\"https:\/\/www.stuttgarter-nachrichten.de\/inhalt.doppelhaushalt-2026-2027-wie-viel-mehr-muss-stuttgarts-kultur-noch-sparen.7f548db9-649f-4c0e-bd39-7e06a33133a8.html\" target=\"_blank\" rel=\"nofollow noopener\">Wie berichtet, will die Stadt Stuttgart auch in ihrer Kulturf\u00f6rderung noch einmal deutliche Abstriche machen<\/a>. Tiefe Einschnitte von Seiten der Stadt drohen aber auch jenen Einrichtungen, die je zur H\u00e4lfte von Stadt und Land finanziert werden. Dazu z\u00e4hlen zuvorderst die <a href=\"https:\/\/www.staatstheater-stuttgart.de\/\" target=\"_blank\" rel=\"nofollow noopener\">Staatstheater Stuttgart<\/a>. 4,4 Millionen Euro weniger will die Stadt Stuttgart 2026 zur Finanzierung von <a href=\"https:\/\/www.stuttgarter-nachrichten.de\/thema\/Staatsoper_Stuttgart\" title=\"Staatsoper Stuttgart\" class=\"art_thema\" rel=\"nofollow noopener\" target=\"_blank\">Staatsoper Stuttgart<\/a>, Stuttgarter Ballett und Schauspiel Stuttgart beitragen, f\u00fcr 2027 sind 4,6 Millionen Euro weniger vorgesehen. Geht das Land die geplante K\u00fcrzung mit, drohen bis zu neun Millionen Euro pro Jahr weniger \u2013 entsprechend heftig wird aktuell zwischen Wissenschaftsministerium und Finanzministerium verhandelt, inwieweit die Landesregierung ein solches Schreckensszenario mit unmittelbarer Gefahr f\u00fcr bis zu 100 Arbeitspl\u00e4tzen mit verhindern k\u00f6nnte. <\/p>\n<p>Zu allen Vorstellungen der Staatstheater Stuttgart liegen nun Unterschriftenlisten aus. Das Ziel: Im Schulterschluss mit allen Stuttgarter Kultureinrichtungen unter der \u00dcberschrift<a href=\"https:\/\/weact.campact.de\/petitions\/an-kultur-bildung-und-sozialem-zu-sparen-kostet-viel-zu-viel?share=9b2ed811-eb61-466f-a472-a2449a5c34d2&amp;source=copy_email&amp;utm_medium=recommendation&amp;utm_source=copy_email\" target=\"_blank\" rel=\"nofollow noopener\"> \u201eAn Kultur, Bildung und Sozialem zu sparen, kostet viel zu viel!\u201c<\/a> bis zur dritten und entscheidenden Haushaltslesung am 19. Dezember Stuttgarts OB Frank Nopper (CDU) m\u00f6glichst viele Protestunterschriften vorlegen zu k\u00f6nnen. 13840 Unterschriften waren es am Dienstagabend. <\/p>\n<p>Cornelius Meister wirbt um Unterst\u00fctzung f\u00fcr den <a href=\"https:\/\/www.stuttgarter-nachrichten.de\/thema\/Protest\" title=\"Protest\" class=\"art_thema\" rel=\"nofollow noopener\" target=\"_blank\">Protest<\/a> <\/p>\n<p>Am vergangenen Sonntag hatte Cornelius Meister ein eigenes elektronisches Rundschreiben versandt, in dem er \u201eherzlich um Ihre Unterst\u00fctzung\u201c wirbt. Keineswegs nur f\u00fcr die Staatstheater. \u201eIn 30 Sekunden k\u00f6nnen Sie online die Petition unterzeichnen\u201c, schreibt Meister, \u201eund damit vielleicht verhindern, dass der Stuttgarter Gemeinderat am 19. Dezember die Kulturfinanzierung mit Wirkung zum 1. Januar 2026 derart k\u00fcrzt, dass zahlreiche Stuttgarter Kultureinrichtungen vor dem Aus stehen werden\u201c. Und Meister w\u00fcnscht sich: \u201eBitte leiten Sie den Link weiter, damit m\u00f6glichst viele Menschen in aller Welt sich an der Petition beteiligen k\u00f6nnen.\u201c <\/p>\n<p>Cornelius Meister dirigiert \u201eDon Giovanni\u201c  <\/p>\n<p>Wer Cornelius Meister kennt, wei\u00df: Der Dirigent wird jetzt am Protest-Ball bleiben. Und um so mehr zugleich um herausragende Kunst ringen \u2013 wie an diesem Donnerstag, 4. Dezember, bei der <a href=\"https:\/\/www.staatsoper-stuttgart.de\/spielplan\/a-z\/don-giovanni\/\" target=\"_blank\" rel=\"nofollow noopener\">Wiederaufnahme von Wolfgang Amadeus Mozarts Oper \u201eDon Giovanni\u201c<\/a> im Opernhaus Stuttgart. Beginn ist um 19 Uhr. <\/p>\n","protected":false},"excerpt":{"rendered":"Cornelius Meister ist Generalmusikdirektor der Oper Stuttgart und des Staatsorchesters Stuttgart\u00a0Foto: Fanny Gaul Als Dirigent weltweit gefragt, ist&hellip;\n","protected":false},"author":2,"featured_media":619109,"comment_status":"","ping_status":"","sticky":false,"template":"","format":"standard","meta":{"footnotes":""},"categories":[1830],"tags":[1634,51886,3364,29,146786,30,80,3618,4330,112949,1441],"class_list":{"0":"post-619108","1":"post","2":"type-post","3":"status-publish","4":"format-standard","5":"has-post-thumbnail","7":"category-stuttgart","8":"tag-baden-wuerttemberg","9":"tag-cornelius-meister","10":"tag-de","11":"tag-deutschland","12":"tag-doppelhaushalt-stuttgart","13":"tag-germany","14":"tag-kultur","15":"tag-kuerzungen","16":"tag-protest","17":"tag-staatsoper-stuttgart","18":"tag-stuttgart"},"share_on_mastodon":{"url":"https:\/\/pubeurope.com\/@de\/115652667498208426","error":""},"_links":{"self":[{"href":"https:\/\/www.europesays.com\/de\/wp-json\/wp\/v2\/posts\/619108","targetHints":{"allow":["GET"]}}],"collection":[{"href":"https:\/\/www.europesays.com\/de\/wp-json\/wp\/v2\/posts"}],"about":[{"href":"https:\/\/www.europesays.com\/de\/wp-json\/wp\/v2\/types\/post"}],"author":[{"embeddable":true,"href":"https:\/\/www.europesays.com\/de\/wp-json\/wp\/v2\/users\/2"}],"replies":[{"embeddable":true,"href":"https:\/\/www.europesays.com\/de\/wp-json\/wp\/v2\/comments?post=619108"}],"version-history":[{"count":0,"href":"https:\/\/www.europesays.com\/de\/wp-json\/wp\/v2\/posts\/619108\/revisions"}],"wp:featuredmedia":[{"embeddable":true,"href":"https:\/\/www.europesays.com\/de\/wp-json\/wp\/v2\/media\/619109"}],"wp:attachment":[{"href":"https:\/\/www.europesays.com\/de\/wp-json\/wp\/v2\/media?parent=619108"}],"wp:term":[{"taxonomy":"category","embeddable":true,"href":"https:\/\/www.europesays.com\/de\/wp-json\/wp\/v2\/categories?post=619108"},{"taxonomy":"post_tag","embeddable":true,"href":"https:\/\/www.europesays.com\/de\/wp-json\/wp\/v2\/tags?post=619108"}],"curies":[{"name":"wp","href":"https:\/\/api.w.org\/{rel}","templated":true}]}}