{"id":619162,"date":"2025-12-03T00:29:37","date_gmt":"2025-12-03T00:29:37","guid":{"rendered":"https:\/\/www.europesays.com\/de\/619162\/"},"modified":"2025-12-03T00:29:37","modified_gmt":"2025-12-03T00:29:37","slug":"abfahrt-der-anschlussstelle-frankenberg-gesperrt","status":"publish","type":"post","link":"https:\/\/www.europesays.com\/de\/619162\/","title":{"rendered":"Abfahrt der Anschlussstelle Frankenberg gesperrt"},"content":{"rendered":"<p>Sechs Stunden gesperrt. Am Mittwoch ist in Fahrtrichtung Westen die Abfahrt der Anschlussstelle Frankenberg von 09:00 Uhr bis 15:00 Uhr gesperrt. Diese Ma\u00dfnahme ist notwendig, weil Kanalreinigungs- und Inspektionsarbeiten durchgef\u00fchrt werden m\u00fcssen. Nutzer der Autobahn sollten sich auf die \u00c4nderungen einstellen und entsprechende Vorkehrungen treffen. Das teilte die Autobahn GmbH des Bundes am Dienstag mit.<\/p>\n<p>Die Umleitung erfolgt als Wendefahrt \u00fcber die Anschlussstelle Chemnitz-Ost. Diese Route ist jedoch mit einem zus\u00e4tzlichen Zeitaufwand verbunden, und die Verkehrsteilnehmer werden gebeten, den \u00f6rtlichen Verkehrsfluss zu ber\u00fccksichtigen. Die zust\u00e4ndigen Beh\u00f6rden werden bem\u00fcht sein, die Arbeiten so schnell wie m\u00f6glich abzuschlie\u00dfen.<\/p>\n","protected":false},"excerpt":{"rendered":"Sechs Stunden gesperrt. Am Mittwoch ist in Fahrtrichtung Westen die Abfahrt der Anschlussstelle Frankenberg von 09:00 Uhr bis&hellip;\n","protected":false},"author":2,"featured_media":619163,"comment_status":"","ping_status":"","sticky":false,"template":"","format":"standard","meta":{"footnotes":""},"categories":[1851],"tags":[1424,146843,2770,3364,29,548,663,3934,58812,30,13,146844,14,15,859,12,4073],"class_list":{"0":"post-619162","1":"post","2":"type-post","3":"status-publish","4":"format-standard","5":"has-post-thumbnail","7":"category-chemnitz","8":"tag-aachen","9":"tag-abfahrtsperre","10":"tag-chemnitz","11":"tag-de","12":"tag-deutschland","13":"tag-eu","14":"tag-europa","15":"tag-europe","16":"tag-frankenberg","17":"tag-germany","18":"tag-headlines","19":"tag-kanalreinigungsarbeiten","20":"tag-nachrichten","21":"tag-news","22":"tag-sachsen","23":"tag-schlagzeilen","24":"tag-umleitung"},"share_on_mastodon":{"url":"","error":""},"_links":{"self":[{"href":"https:\/\/www.europesays.com\/de\/wp-json\/wp\/v2\/posts\/619162","targetHints":{"allow":["GET"]}}],"collection":[{"href":"https:\/\/www.europesays.com\/de\/wp-json\/wp\/v2\/posts"}],"about":[{"href":"https:\/\/www.europesays.com\/de\/wp-json\/wp\/v2\/types\/post"}],"author":[{"embeddable":true,"href":"https:\/\/www.europesays.com\/de\/wp-json\/wp\/v2\/users\/2"}],"replies":[{"embeddable":true,"href":"https:\/\/www.europesays.com\/de\/wp-json\/wp\/v2\/comments?post=619162"}],"version-history":[{"count":0,"href":"https:\/\/www.europesays.com\/de\/wp-json\/wp\/v2\/posts\/619162\/revisions"}],"wp:featuredmedia":[{"embeddable":true,"href":"https:\/\/www.europesays.com\/de\/wp-json\/wp\/v2\/media\/619163"}],"wp:attachment":[{"href":"https:\/\/www.europesays.com\/de\/wp-json\/wp\/v2\/media?parent=619162"}],"wp:term":[{"taxonomy":"category","embeddable":true,"href":"https:\/\/www.europesays.com\/de\/wp-json\/wp\/v2\/categories?post=619162"},{"taxonomy":"post_tag","embeddable":true,"href":"https:\/\/www.europesays.com\/de\/wp-json\/wp\/v2\/tags?post=619162"}],"curies":[{"name":"wp","href":"https:\/\/api.w.org\/{rel}","templated":true}]}}