{"id":619180,"date":"2025-12-03T00:41:19","date_gmt":"2025-12-03T00:41:19","guid":{"rendered":"https:\/\/www.europesays.com\/de\/619180\/"},"modified":"2025-12-03T00:41:19","modified_gmt":"2025-12-03T00:41:19","slug":"schwere-zwangsprostitution-ein-gestaendnis-mit-hindernissen","status":"publish","type":"post","link":"https:\/\/www.europesays.com\/de\/619180\/","title":{"rendered":"Schwere Zwangsprostitution: Ein Gest\u00e4ndnis mit Hindernissen"},"content":{"rendered":"<p class=\"fp-paragraph\">Auch vor Gericht gibt es Gest\u00e4ndnisse, die diese Bezeichnung nicht verdienen. So sah sich die Vorsitzende Richterin der 21. Strafkammer am Landgericht am Dienstag dazu gen\u00f6tigt, dem Hauptangeklagten im Prozess wegen bandenm\u00e4\u00dfiger schwerer Zwangsprostitution (wir berichteten) und seinen Verteidigern eine kurze Denkpause aufzuerlegen.<\/p>\n<p>Jetzt weiterlesen mit<\/p>\n<p>im 1. Monat<\/p>\n<p>0,99 \u20ac*<a href=\"https:\/\/abo.wn.de\/Digital+Basis.htm?utm_source=Website&amp;utm_medium=Layer&amp;utm_campaign=noUEG&amp;pwlayer=plus&amp;ezobjectid=3445843\" class=\"fp-button fp-button__primary fp-paywall-action-submit\" style=\"background-color: #000000;\" rel=\"nofollow noopener\" target=\"_blank\">weiter<\/a>*danach 9,90 \u20ac \/ Monat<\/p>\n<p>monatlich k\u00fcndbar<\/p>\n<p class=\"fp-article-paywall__plan--description\">freier Zugriff auf alle WN+ Inhalte und die News-App<\/p>\n<p><strong>Wochenabo<\/strong><\/p>\n<p>1 \u20ac<a href=\"https:\/\/abo.wn.de\/Digital+Basis.htm?utm_source=Website&amp;utm_medium=Layer&amp;utm_campaign=noUEG&amp;pwlayer=plus&amp;ezobjectid=3445843\" class=\"fp-button fp-button__primary fp-paywall-action-submit\" style=\"background-color: #000000;\" rel=\"nofollow noopener\" target=\"_blank\">weiter<\/a>ab dem 2. Jahr 2 \u20ac \/ Woche<\/p>\n<p>monatlich k\u00fcndbar<\/p>\n<p class=\"fp-article-paywall__plan--description\">freier Zugriff auf alle WN+ Inhalte und die News-App<\/p>\n<p><strong>Jahrespass<\/strong><\/p>\n<p>79 \u20ac<a href=\"https:\/\/abo.wn.de\/Digital+Basis+Jahresabo.htm?utm_source=Website&amp;utm_medium=Layer&amp;utm_campaign=noUEG&amp;pwlayer=plus&amp;ezobjectid=3445843\" class=\"fp-button fp-button__primary fp-paywall-action-submit\" style=\"background-color: #000000;\" rel=\"nofollow noopener\" target=\"_blank\">weiter<\/a>ab dem 2. Jahr 9,90 \u20ac \/ Monat<\/p>\n<p class=\"fp-article-paywall__plan--description\">freier Zugriff auf alle WN+ Inhalte und die News-App<\/p>\n<p>Sie sind bereits Abonnent? <a title=\"Hier einloggen\" alt=\"Hier einloggen\" href=\"https:\/\/account.wn.de\/login?redurl=https:\/\/www.wn.de\/muenster\/schwere-zwangsprostitution-landgericht-muenster-3445843?pid=true&amp;ueg=default\" rel=\"nofollow noopener\" target=\"_blank\"><a href=\"https:\/\/account.wn.de\/login?redurl=https:\/\/www.wn.de\/muenster\/schwere-zwangsprostitution-landgericht-muenster-3445843?pid=true&amp;ueg=default\" rel=\"nofollow noopener\" target=\"_blank\">Jetzt anmelden<\/a><\/p>\n","protected":false},"excerpt":{"rendered":"Auch vor Gericht gibt es Gest\u00e4ndnisse, die diese Bezeichnung nicht verdienen. So sah sich die Vorsitzende Richterin der&hellip;\n","protected":false},"author":2,"featured_media":619181,"comment_status":"","ping_status":"","sticky":false,"template":"","format":"standard","meta":{"footnotes":""},"categories":[1843],"tags":[3364,29,30,8970,1209],"class_list":{"0":"post-619180","1":"post","2":"type-post","3":"status-publish","4":"format-standard","5":"has-post-thumbnail","7":"category-muenster","8":"tag-de","9":"tag-deutschland","10":"tag-germany","11":"tag-muenster","12":"tag-nordrhein-westfalen"},"share_on_mastodon":{"url":"https:\/\/pubeurope.com\/@de\/115652859489365202","error":""},"_links":{"self":[{"href":"https:\/\/www.europesays.com\/de\/wp-json\/wp\/v2\/posts\/619180","targetHints":{"allow":["GET"]}}],"collection":[{"href":"https:\/\/www.europesays.com\/de\/wp-json\/wp\/v2\/posts"}],"about":[{"href":"https:\/\/www.europesays.com\/de\/wp-json\/wp\/v2\/types\/post"}],"author":[{"embeddable":true,"href":"https:\/\/www.europesays.com\/de\/wp-json\/wp\/v2\/users\/2"}],"replies":[{"embeddable":true,"href":"https:\/\/www.europesays.com\/de\/wp-json\/wp\/v2\/comments?post=619180"}],"version-history":[{"count":0,"href":"https:\/\/www.europesays.com\/de\/wp-json\/wp\/v2\/posts\/619180\/revisions"}],"wp:featuredmedia":[{"embeddable":true,"href":"https:\/\/www.europesays.com\/de\/wp-json\/wp\/v2\/media\/619181"}],"wp:attachment":[{"href":"https:\/\/www.europesays.com\/de\/wp-json\/wp\/v2\/media?parent=619180"}],"wp:term":[{"taxonomy":"category","embeddable":true,"href":"https:\/\/www.europesays.com\/de\/wp-json\/wp\/v2\/categories?post=619180"},{"taxonomy":"post_tag","embeddable":true,"href":"https:\/\/www.europesays.com\/de\/wp-json\/wp\/v2\/tags?post=619180"}],"curies":[{"name":"wp","href":"https:\/\/api.w.org\/{rel}","templated":true}]}}