{"id":619268,"date":"2025-12-03T01:40:25","date_gmt":"2025-12-03T01:40:25","guid":{"rendered":"https:\/\/www.europesays.com\/de\/619268\/"},"modified":"2025-12-03T01:40:25","modified_gmt":"2025-12-03T01:40:25","slug":"das-feuer-an-der-u9-bremst-den-aufwaertstrend","status":"publish","type":"post","link":"https:\/\/www.europesays.com\/de\/619268\/","title":{"rendered":"Das Feuer an der U9 bremst den Aufw\u00e4rtstrend"},"content":{"rendered":"<p class=\"tspBQls tspBQlt\">Die Berliner U-Bahn wird wieder zuverl\u00e4ssiger. Dies teilte die BVG am Dienstag mit. \u201eDie U-Bahn ist im Jahresendspurt weiterhin mit einer Zuverl\u00e4ssigkeit auf gutem Niveau unterwegs.\u201c <\/p>\n<p class=\"tspBQls\">Im Kleinprofil (das sind die schmaleren Linien U1 bis U4) lag die Zuverl\u00e4ssigkeit in der letzten Novemberwoche bei 97,7 Prozent, damit minimal \u00fcber dem Wert von Mitte November (97,6 Prozent).<\/p>\n<p class=\"tspBQls\">Im Gro\u00dfprofil (U5 bis U9) bremst <a href=\"https:\/\/www.tagesspiegel.de\/berlin\/nach-feuer-am-u-bahnhof-schlossstrasse-berliner-polizei-pruft-fahrlassige-brandstiftung--storungen-auf-u9-dauern-an-14982320.html?icid=in-text-link_15007180\" class=\"link link--internal\" data-gtm-class=\"article-text-link\" data-gtm-val=\"internal\" rel=\"nofollow noopener\" target=\"_blank\">das Feuer im U-Bahnhof Schlo\u00dfstra\u00dfe<\/a> den positiven Trend. Es gab von Mitte bis Ende November einen R\u00fcckgang von 97,4 auf 97,0 Prozent. Der R\u00fcckgang sei zum Teil auf die Unterbrechung der U9 nach dem Feuer zur\u00fcckzuf\u00fchren, hie\u00df es in einer Mitteilung. <\/p>\n<p><a href=\"https:\/\/www.tagesspiegel.de\/berlin\/bezirke\/steglitz-zehlendorf\/bus-frust-auf-der-berliner-schlossstrasse-furchtbar-und-unmoglich--wie-bvg-kunden-unter-dem-u9-brand-leiden-15001499.html?icid=single-topic_15007180___\" data-gtm-class=\"article-mzt-link\" class=\"tspCDni\" rel=\"nofollow noopener\" target=\"_blank\">Bus-Frust auf der Berliner Schlo\u00dfstra\u00dfe \u201eFurchtbar und unm\u00f6glich\u201c\u00a0\u2013 Wie BVG-Kunden unter dem U9-Brand leiden <\/a><\/p>\n<p class=\"tspBQls\">Am Montag hatte ein Feuer in einem Technikraum im U-Bahnhof Schlo\u00dfstra\u00dfe den Verkehr gestoppt. Die Sch\u00e4den sind gr\u00f6\u00dfer als anfangs gedacht. Bis auf Weiteres f\u00e4hrt die U9 nur zwischen Osloer Stra\u00dfe und Bundesplatz. <\/p>\n<p class=\"tspBQls\">\u201eDie Unterbrechung zwischen Bundesplatz und Rathaus Steglitz wird voraussichtlich noch mehrere Wochen andauern\u201c, teilte die BVG mit. In der App ist die Unterbrechung bis Jahresende hinterlegt. Als Ersatz fahren Busse. Die zerst\u00f6rten Kabeltrassen erfordern umfangreiche Reparatur- und Reinigungsarbeiten. <\/p>\n<p class=\"tspBQls\">Durch die v\u00f6llig \u00fcberalterte Flotte und den massiven Personalmangel war das BVG-Angebot in den vergangenen Jahren reduziert worden. Im dritten Quartal 2024 lag die Zuverl\u00e4ssigkeit bei 91,7 Prozent, im Sommer 2024 war sie noch schlechter gewesen. <a href=\"https:\/\/www.tagesspiegel.de\/berlin\/69-zuge-an-einem-tag-ausgefallen-die-probleme-bei-der-bvg-verscharfen-sich-12377993.html\" target=\"_blank\" rel=\"noopener nofollow\" class=\"link link--external\" data-gtm-class=\"article-text-link\" data-gtm-val=\"external\" aria-describedby=\"message-target-blank\">Das hei\u00dft: Jede zehnte Fahrt fiel einfach aus, unangek\u00fcndigt und nicht planbar. <\/a><\/p>\n<p class=\"tspBQls\">Im Kleinprofil war die Lage noch schlechter, auf der U4 fuhren monatelang die Z\u00fcge nur alle 20 Minuten. Normal ist ein F\u00fcnf-Minuten-Takt. Die U1 war im Sommer wochenlang wegen fehlender Fahrer eingestellt.<\/p>\n<p class=\"tspBQls\">Vor einem Jahr hatte die BVG angesichts der desastr\u00f6sen Lage einen neuen Kurs ausgerufen: \u201eStabilit\u00e4t vor Wachstum\u201c. Das Konzept sieht vor, den Betrieb f\u00fcr die Fahrg\u00e4ste m\u00f6glichst verl\u00e4sslich zu machen. Erst danach sollen wieder mehr Fahrten angeboten werden. <\/p>\n<p class=\"tspBQls\">\u201eInsgesamt ist der Stabilit\u00e4tstrend der U-Bahn aber deutlich erkennbar\u201c, schrieb die BVG am Dienstag. Seit dem Start der neuen Z\u00fcge (\u201eJK\u201c) f\u00fcr die Linien U1 bis U4 ist die Zuverl\u00e4ssigkeit auf diesen Linien um rund zehn Prozentpunkte gestiegen (von 88 Prozent vor dem Start der neuen Z\u00fcge auf aktuell 97,7 Prozent). <\/p>\n<p class=\"tspBQls\">Die neuen Z\u00fcge werden nur auf der U2 eingesetzt. Einige alte Wagen verst\u00e4rken nun die U3 (Warschauer Stra\u00dfe &#8211; Krumme Lanke). Ab dem Fahrplanwechsel am 14. Dezember wird die U3 im Regelfall mit maximal langen Z\u00fcgen (acht Wagen) fahren.<\/p>\n<p class=\"tspBQls\">Nur vier Wochen sp\u00e4ter beginnt dann d<a href=\"https:\/\/www.tagesspiegel.de\/berlin\/drei-linien-und-hunderttausende-fahrgaste-betroffen-berliner-u-bahnhof-nollendorfplatz-wird-monatelang-gesperrt-14928197.html?icid=in-text-link_15007180\" class=\"link link--internal\" data-gtm-class=\"article-text-link\" data-gtm-val=\"internal\" rel=\"nofollow noopener\" target=\"_blank\">ie Sanierung des U-Bahnhofs Nollendorfplatz mit bislang beispiellosen Einschr\u00e4nkungen f\u00fcr Fahrg\u00e4ste.<\/a> Wie berichtet, ist die Decke zwischen den Bahnsteigen einsturzgef\u00e4hrdet. <\/p>\n<p class=\"tspBQls\">Vier Monate lang wird an der Station nur die U2 halten. Die anderen drei Linien werden ganz oder teilweise eingestellt. <\/p>\n<p class=\"tspBQls\">Die U1 pendelt zwischen Wittenbergplatz und Uhlandstra\u00dfe sowie zwischen Gleisdreieck und Warschauer Stra\u00dfe. Die U3 von Krumme Lanke endet bereits Spichernstra\u00dfe (denn es fehlen am Wittenbergplatz die Gleiskapazit\u00e4ten, um die Z\u00fcge dort kehren zu lassen). Die U4 (Innsbrucker Platz bis Nollendorfplatz) wird ganz eingestellt, <a href=\"https:\/\/www.tagesspiegel.de\/berlin\/69-zuge-an-einem-tag-ausgefallen-die-probleme-bei-der-bvg-verscharfen-sich-12377993.html?icid=in-text-link_15007180\" class=\"link link--internal\" data-gtm-class=\"article-text-link\" data-gtm-val=\"internal\" rel=\"nofollow noopener\" target=\"_blank\">weil die dort pendelnden Z\u00fcge die Werkstatt nicht erreichen. <\/a><\/p>\n<p> Mehr zur BVG-Krise bei Tagesspiegel Plus <a href=\"https:\/\/www.tagesspiegel.de\/berlin\/kein-personal-aber-neue-zuge-seit-tagen-fallen-in-berlin-u-bahnen-aus--doch-die-bvg-spricht-uber-erfolge-14374871.html?icid=topic-list_15007180___\" data-gtm-class=\"article-mzt-link\" class=\"tspCDni\" rel=\"nofollow noopener\" target=\"_blank\">Kein Personal, aber neue Z\u00fcge Seit Tagen fallen in Berlin U-Bahnen aus \u2013 doch die BVG spricht \u00fcber Erfolge <\/a><a href=\"https:\/\/www.tagesspiegel.de\/berlin\/planungsdesaster-in-berlin-steglitz-gruselbahnhof-schlossstrasse-bleibt-noch-fur-jahre-eine-baustelle-14147702.html?icid=topic-list_15007180___\" data-gtm-class=\"article-mzt-link\" class=\"tspCDni\" rel=\"nofollow noopener\" target=\"_blank\">Planungsdesaster in Berlin-Steglitz Gruselbahnhof Schlo\u00dfstra\u00dfe bleibt noch f\u00fcr Jahre eine Baustelle <\/a><a href=\"https:\/\/www.tagesspiegel.de\/berlin\/weil-der-bvg-die-fahrer-fehlen-u-bahn-linie-1-durch-kreuzberg-seit-elf-tagen-eingestellt-14026220.html?icid=topic-list_15007180___\" data-gtm-class=\"article-mzt-link\" class=\"tspCDni\" rel=\"nofollow noopener\" target=\"_blank\">Weil der BVG die Fahrer fehlen U-Bahn-Linie 1 durch Kreuzberg seit elf Tagen eingestellt <\/a><\/p>\n<p class=\"tspBQls\">Da die U2 den gesamten Ost-West-Verkehr bew\u00e4ltigen muss, sollen die Z\u00fcge ab Januar wieder alle vier Minuten fahren, seit der Reduzierung gab es nur einen F\u00fcnf-Minuten-Takt.<\/p>\n","protected":false},"excerpt":{"rendered":"Die Berliner U-Bahn wird wieder zuverl\u00e4ssiger. Dies teilte die BVG am Dienstag mit. \u201eDie U-Bahn ist im Jahresendspurt&hellip;\n","protected":false},"author":2,"featured_media":619269,"comment_status":"","ping_status":"","sticky":false,"template":"","format":"standard","meta":{"footnotes":""},"categories":[1825],"tags":[4561,296,29,94201,30],"class_list":{"0":"post-619268","1":"post","2":"type-post","3":"status-publish","4":"format-standard","5":"has-post-thumbnail","7":"category-berlin","8":"tag-apps","9":"tag-berlin","10":"tag-deutschland","11":"tag-fahrrad-und-verkehr-in-berlin","12":"tag-germany"},"share_on_mastodon":{"url":"https:\/\/pubeurope.com\/@de\/115653091293199980","error":""},"_links":{"self":[{"href":"https:\/\/www.europesays.com\/de\/wp-json\/wp\/v2\/posts\/619268","targetHints":{"allow":["GET"]}}],"collection":[{"href":"https:\/\/www.europesays.com\/de\/wp-json\/wp\/v2\/posts"}],"about":[{"href":"https:\/\/www.europesays.com\/de\/wp-json\/wp\/v2\/types\/post"}],"author":[{"embeddable":true,"href":"https:\/\/www.europesays.com\/de\/wp-json\/wp\/v2\/users\/2"}],"replies":[{"embeddable":true,"href":"https:\/\/www.europesays.com\/de\/wp-json\/wp\/v2\/comments?post=619268"}],"version-history":[{"count":0,"href":"https:\/\/www.europesays.com\/de\/wp-json\/wp\/v2\/posts\/619268\/revisions"}],"wp:featuredmedia":[{"embeddable":true,"href":"https:\/\/www.europesays.com\/de\/wp-json\/wp\/v2\/media\/619269"}],"wp:attachment":[{"href":"https:\/\/www.europesays.com\/de\/wp-json\/wp\/v2\/media?parent=619268"}],"wp:term":[{"taxonomy":"category","embeddable":true,"href":"https:\/\/www.europesays.com\/de\/wp-json\/wp\/v2\/categories?post=619268"},{"taxonomy":"post_tag","embeddable":true,"href":"https:\/\/www.europesays.com\/de\/wp-json\/wp\/v2\/tags?post=619268"}],"curies":[{"name":"wp","href":"https:\/\/api.w.org\/{rel}","templated":true}]}}