{"id":619305,"date":"2025-12-03T02:01:37","date_gmt":"2025-12-03T02:01:37","guid":{"rendered":"https:\/\/www.europesays.com\/de\/619305\/"},"modified":"2025-12-03T02:01:37","modified_gmt":"2025-12-03T02:01:37","slug":"nsu-dokumentationszentrum-in-chemnitz-erhaelt-millionen-foerderung","status":"publish","type":"post","link":"https:\/\/www.europesays.com\/de\/619305\/","title":{"rendered":"NSU-Dokumentationszentrum in Chemnitz erh\u00e4lt Millionen-F\u00f6rderung"},"content":{"rendered":"<p class=\"text\">\n<br \/>Seit seiner Er\u00f6ffnung im Mai 2025 haben \u00fcber 14.000 Menschen das <a href=\"https:\/\/www.mdr.de\/nachrichten\/sachsen\/chemnitz\/chemnitz-stollberg\/nsu-dokumentations-zentrum-bilanz-kultur-news-100.html\" title=\"Ein Zentrum f\u00fcr Erinnerung: Wie Chemnitz mit dem NSU-Erbe umgeht\" target=\"_blank\" rel=\"noopener\">NSU-Dokumentationszentrum &#8222;Offener Prozess&#8220; in Chemnitz<\/a> besucht. Nun will der Bund die Arbeit weiter f\u00f6rdern und langfristig absichern: F\u00fcr 2026 stellt er 1,2 Millionen Euro f\u00fcr das Chemnitzer Zentrum sowie weitere dezentrale Erinnerungs- und Aufarbeitungsinitiativen bereit, wie das Sozialministerium in Dresden mitteilte. Der Bundestag habe dies mit dem Haushaltsbeschluss f\u00fcr 2026 entschieden.\n<\/p>\n<p>Kulturhauptstadt als Sprungbrett f\u00fcr bundesweite Anerkennung<\/p>\n<p class=\"text\">\nSozialministerin Petra K\u00f6pping (SPD) bezeichnete die Entscheidung als &#8222;gro\u00dfen Erfolg f\u00fcr die Zivilgesellschaft&#8220;. Das Zentrum, entstanden im Rahmen der <a href=\"https:\/\/www.mdr.de\/nachrichten\/sachsen\/chemnitz\/kulturhauptstadt-finale-bergparade-programm-abschluss-100.html\" title=\"Kulturhauptstadtjahr in Chemnitz beendet \" target=\"_blank\" rel=\"noopener\">Kulturhauptstadt Chemnitz 202<\/a>5, bietet Bildungsarbeit im engen Austausch mit Betroffenen des NSU-Komplexes. Mehr als 200 F\u00fchrungen und 50 Veranstaltungen fanden bereits statt.\n<\/p>\n<p>Stiftung soll Zentrum langfristig sichern<\/p>\n<p class=\"text\">\nEine Stiftung soll 2026 per Bundesgesetz geschaffen werden, um Chemnitz als ersten Standort eines bundesweiten Mehrstandortekonzepts dauerhaft zu verankern.<\/p>\n","protected":false},"excerpt":{"rendered":"Seit seiner Er\u00f6ffnung im Mai 2025 haben \u00fcber 14.000 Menschen das NSU-Dokumentationszentrum &#8222;Offener Prozess&#8220; in Chemnitz besucht. Nun&hellip;\n","protected":false},"author":2,"featured_media":619306,"comment_status":"","ping_status":"","sticky":false,"template":"","format":"standard","meta":{"footnotes":""},"categories":[1851],"tags":[146878,2770,3364,29,20613,548,663,3934,30,2989,13,81,14,15,146877,770,859,12],"class_list":{"0":"post-619305","1":"post","2":"type-post","3":"status-publish","4":"format-standard","5":"has-post-thumbnail","7":"category-chemnitz","8":"tag-aussstellung","9":"tag-chemnitz","10":"tag-de","11":"tag-deutschland","12":"tag-dokumentation","13":"tag-eu","14":"tag-europa","15":"tag-europe","16":"tag-germany","17":"tag-geschichte","18":"tag-headlines","19":"tag-mdr","20":"tag-nachrichten","21":"tag-news","22":"tag-nsu-terror","23":"tag-rechtsextremismus","24":"tag-sachsen","25":"tag-schlagzeilen"},"share_on_mastodon":{"url":"https:\/\/pubeurope.com\/@de\/115653173893420131","error":""},"_links":{"self":[{"href":"https:\/\/www.europesays.com\/de\/wp-json\/wp\/v2\/posts\/619305","targetHints":{"allow":["GET"]}}],"collection":[{"href":"https:\/\/www.europesays.com\/de\/wp-json\/wp\/v2\/posts"}],"about":[{"href":"https:\/\/www.europesays.com\/de\/wp-json\/wp\/v2\/types\/post"}],"author":[{"embeddable":true,"href":"https:\/\/www.europesays.com\/de\/wp-json\/wp\/v2\/users\/2"}],"replies":[{"embeddable":true,"href":"https:\/\/www.europesays.com\/de\/wp-json\/wp\/v2\/comments?post=619305"}],"version-history":[{"count":0,"href":"https:\/\/www.europesays.com\/de\/wp-json\/wp\/v2\/posts\/619305\/revisions"}],"wp:featuredmedia":[{"embeddable":true,"href":"https:\/\/www.europesays.com\/de\/wp-json\/wp\/v2\/media\/619306"}],"wp:attachment":[{"href":"https:\/\/www.europesays.com\/de\/wp-json\/wp\/v2\/media?parent=619305"}],"wp:term":[{"taxonomy":"category","embeddable":true,"href":"https:\/\/www.europesays.com\/de\/wp-json\/wp\/v2\/categories?post=619305"},{"taxonomy":"post_tag","embeddable":true,"href":"https:\/\/www.europesays.com\/de\/wp-json\/wp\/v2\/tags?post=619305"}],"curies":[{"name":"wp","href":"https:\/\/api.w.org\/{rel}","templated":true}]}}