{"id":619313,"date":"2025-12-03T02:06:21","date_gmt":"2025-12-03T02:06:21","guid":{"rendered":"https:\/\/www.europesays.com\/de\/619313\/"},"modified":"2025-12-03T02:06:21","modified_gmt":"2025-12-03T02:06:21","slug":"nach-wagner-aus-augsburg-bosse-raeumen-fehleinschaetzung-ein","status":"publish","type":"post","link":"https:\/\/www.europesays.com\/de\/619313\/","title":{"rendered":"Nach Wagner-Aus: Augsburg-Bosse r\u00e4umen Fehleinsch\u00e4tzung ein"},"content":{"rendered":"<p>            <img loading=\"lazy\" decoding=\"async\" class=\"ts-image\" src=\"https:\/\/www.europesays.com\/de\/wp-content\/uploads\/2025\/12\/br-fca-geschaeftsfuehrer-michael-stroell-r-und-sportdirektor-benjamin-weber-100.jpg\" alt=\"FCA-Gesch\u00e4ftsf\u00fchrer Michael Str\u00f6ll (r.) und Sportdirektor Benjamin Weber\" title=\"FCA-Gesch\u00e4ftsf\u00fchrer Michael Str\u00f6ll (r.) und Sportdirektor Benjamin Weber | picture-alliance\/dpa\"\/><\/p>\n<p class=\"metatextline\">Stand: 02.12.2025 21:54 Uhr<\/p>\n<p class=\"textabsatz columns twelve  m-ten  m-offset-one l-eight l-offset-two\">\n        <strong>Nach der abrupten Trennung von Sandro Wagner wird beim FC Augsburg vieles auf links gedreht. Die Verantwortlichen r\u00e4umen ein, dass das Projekt mit dem Trainernovizen &#8222;nicht gesessen habe&#8220; und planen langfristig auch ohne Interimsl\u00f6sung Manuel Baum.<\/strong>\n    <\/p>\n<p class=\"textabsatz m-ten m-offset-one l-eight l-offset-two columns twelve\">Das erkl\u00e4rte Ziel der Verantwortlichen ist es, einen Chefcoach zu verpflichten, der den im Sommer eingeschlagenen Kurs des Fu\u00dfball-Bundesligisten fortf\u00fchren soll. Das gaben Gesch\u00e4ftsf\u00fchrer Michael Str\u00f6ll und Sportdirektor Benjamin Weber nach der abrupten Trennung von Trainer Sandro Wagner bekannt.<\/p>\n<p>    Str\u00f6ll \u00fcber Wagner: &#8222;Die \u00dcberzeugung war nicht mehr da&#8220;<\/p>\n<p class=\"textabsatz m-ten m-offset-one l-eight l-offset-two columns twelve\">&#8222;Es ist wichtig zu betonen, dass wir von Vereinsseite &#8211; und auch Manu selbst &#8211; gesagt haben, er steht auf Zeit zur Verf\u00fcgung. Er m\u00f6chte auch in seine Position, die wir hier geschaffen haben, zur\u00fcck&#8220;, sagte Str\u00f6ll vor dem ersten Training unter dem Interimscoach am Dienstagnachmittag.<\/p>\n<p class=\"textabsatz m-ten m-offset-one l-eight l-offset-two columns twelve\">Die Beendigung des Experimentes mit Wagner nach nur f\u00fcnf Monaten erkl\u00e4rte Str\u00f6ll mit der &#8222;Dynamik&#8220; der Wochenend-Aufarbeitung <a href=\"https:\/\/www.br.de\/nachrichten\/sport\/fussball-bundesdliga-1899-hoffenheim-fc-augsburg-keine-geburtstagsgeschenk-wagners-fca-chancenlos,V3x7G4G\" title=\"nach dem deutlichen 0:3 bei der TSG Hoffenheim\" class=\"textlink--extern\" target=\"_blank\" rel=\"noopener nofollow\">nach dem deutlichen 0:3 bei der TSG Hoffenheim<\/a>. &#8222;Wenn die \u00dcberzeugung nicht mehr da ist, muss man als Klub eine Entscheidung treffen&#8220;, sagte er.<\/p>\n<p>    Projekt mit Wagner hat &#8222;nicht gesessen&#8220;<\/p>\n<p class=\"textabsatz m-ten m-offset-one l-eight l-offset-two columns twelve\">Diese sei am Ende der Gespr\u00e4che mit dem auch selbst zweifelnden Wagner &#8222;alternativlos&#8220; gewesen. &#8222;Was wir uns im Sommer gew\u00fcnscht haben, ist nicht aufgegangen, das muss man ehrlich sagen. Das haben wir uns alle anders gew\u00fcnscht, inklusiv Sandro&#8220;, sagte Str\u00f6ll zum Versuch mit der schillernden Figur Wagner.<\/p>\n<p class=\"textabsatz m-ten m-offset-one l-eight l-offset-two columns twelve\">&#8222;Wir stehen nach zw\u00f6lf Spieltagen mit zehn Punkten da.&#8220; Die Entscheidung pro Wagner habe &#8222;nicht gesessen&#8220;. In ein paar Feldern habe man eine Entwicklung gemacht. &#8222;In Summe ist das Gesamtbild aber nicht so, wie wir es uns gew\u00fcnscht haben.&#8220; Eine kolportierte Abfindung von drei Millionen Euro f\u00fcr Wagner nannte der Gesch\u00e4ftsf\u00fchrer &#8222;eine unseri\u00f6se Zahl&#8220;.<\/p>\n<p>    Kein Trainer &#8222;auf Knopfdruck&#8220;<\/p>\n<p class=\"textabsatz m-ten m-offset-one l-eight l-offset-two columns twelve\">Dass es Baum &#8222;auf Zeit&#8220; mache, daf\u00fcr sei man dankbar, so Sportdirektor Weber weiter. Das verschaffe dem Verein Ruhe f\u00fcr eine Dauerl\u00f6sung. &#8222;Es ist nicht so, dass wir jetzt auf Knopfdruck den Trainer haben&#8220;, sagte Str\u00f6ll zu einer Kandidatenliste: &#8222;Wir wollen uns f\u00fcr den richtigen Trainer entscheiden.&#8220;<\/p>\n<p class=\"textabsatz m-ten m-offset-one l-eight l-offset-two columns twelve\">Ideen habe man schon, sagte Weber. Erkl\u00e4rtes Ziel sei es, die vor der Saison eingeschlagene Neuausrichtung mit aktivem Fu\u00dfball und jungen Spielern konsequent weiterzuf\u00fchren. &#8222;Die Suche nach einem Nachfolger geht genau in diese Richtung.&#8220;<\/p>\n<p>    Baum bringt viel Erfahrung mit<\/p>\n<p class=\"textabsatz m-ten m-offset-one l-eight l-offset-two columns twelve\">Der 46 Jahre alte Baum war schon mal von 2016 bis 2019 Cheftrainer beim FCA. Aktuell ist er im Verein Leiter Entwicklung- und Fu\u00dfballinnovation. Baum sei &#8222;sehr kommunikativ, bodenst\u00e4ndig&#8220; und habe &#8222;viel Erfahrung&#8220;, was ihn vom 38 Jahre alten Bundesliga-Novizen Wagner deutlich abhebt.<\/p>\n<p class=\"textabsatz m-ten m-offset-one l-eight l-offset-two columns twelve\">Baum wird den Tabellen-14. zun\u00e4chst in den letzten drei Partien des Jahres gegen Bayer Leverkusen, bei Eintracht Frankfurt und gegen Werder Bremen coachen. &#8222;Wir werden alle Manpower in die drei Spiele legen&#8220;, sagte Weber.<\/p>\n<p class=\"textabsatz m-ten m-offset-one l-eight l-offset-two columns twelve\">Tabellenf\u00fchrung und Abstiegskampf, aktuelle Spielpaarungen, Ergebnisse und Liveticker, Torj\u00e4gerlisten, Laufleistung- sowie Zweikampfstatistiken und noch viel mehr: Fu\u00dfball im Ergebniscenter von BR24Sport.<\/p>\n<p class=\"textabsatz m-ten m-offset-one l-eight l-offset-two columns twelve\">Quelle: BR24 02.12.2025 &#8211; 18:30 Uhr<\/p>\n<p>                                        <a class=\"backlink__link\" href=\"https:\/\/www.br.de\/nachrichten\/sport\/fussball-bundesligist-fc-augsburg-nach-sandro-wagner-entlassung-bosse-raeumen-fehleinschaetzung-ein,V4E2ko5\" rel=\"nofollow noopener\" target=\"_blank\"><\/p>\n<p>                                                <img decoding=\"async\" src=\"https:\/\/images.sportschau.de\/image\/05fe9eb0-903d-4c3a-83ba-894c6893cc80\/AAABlap_YQI\/AAABmt42h34\/original\/lra-br-logo-100.svg\" alt=\"Bayerischer Rundfunk\"\/><\/p>\n<p>                                        <\/a><\/p>\n","protected":false},"excerpt":{"rendered":"Stand: 02.12.2025 21:54 Uhr Nach der abrupten Trennung von Sandro Wagner wird beim FC Augsburg vieles auf links&hellip;\n","protected":false},"author":2,"featured_media":619314,"comment_status":"","ping_status":"","sticky":false,"template":"","format":"standard","meta":{"footnotes":""},"categories":[1846],"tags":[680,772,3204,299,3364,29,548,663,3934,483,347,30,13,14,15,12,7727,265],"class_list":{"0":"post-619313","1":"post","2":"type-post","3":"status-publish","4":"format-standard","5":"has-post-thumbnail","7":"category-augsburg","8":"tag-augsburg","9":"tag-bayern","10":"tag-br","11":"tag-bundesliga","12":"tag-de","13":"tag-deutschland","14":"tag-eu","15":"tag-europa","16":"tag-europe","17":"tag-fc-augsburg","18":"tag-fussball","19":"tag-germany","20":"tag-headlines","21":"tag-nachrichten","22":"tag-news","23":"tag-schlagzeilen","24":"tag-schwaben","25":"tag-sport"},"share_on_mastodon":{"url":"https:\/\/pubeurope.com\/@de\/115653194398601638","error":""},"_links":{"self":[{"href":"https:\/\/www.europesays.com\/de\/wp-json\/wp\/v2\/posts\/619313","targetHints":{"allow":["GET"]}}],"collection":[{"href":"https:\/\/www.europesays.com\/de\/wp-json\/wp\/v2\/posts"}],"about":[{"href":"https:\/\/www.europesays.com\/de\/wp-json\/wp\/v2\/types\/post"}],"author":[{"embeddable":true,"href":"https:\/\/www.europesays.com\/de\/wp-json\/wp\/v2\/users\/2"}],"replies":[{"embeddable":true,"href":"https:\/\/www.europesays.com\/de\/wp-json\/wp\/v2\/comments?post=619313"}],"version-history":[{"count":0,"href":"https:\/\/www.europesays.com\/de\/wp-json\/wp\/v2\/posts\/619313\/revisions"}],"wp:featuredmedia":[{"embeddable":true,"href":"https:\/\/www.europesays.com\/de\/wp-json\/wp\/v2\/media\/619314"}],"wp:attachment":[{"href":"https:\/\/www.europesays.com\/de\/wp-json\/wp\/v2\/media?parent=619313"}],"wp:term":[{"taxonomy":"category","embeddable":true,"href":"https:\/\/www.europesays.com\/de\/wp-json\/wp\/v2\/categories?post=619313"},{"taxonomy":"post_tag","embeddable":true,"href":"https:\/\/www.europesays.com\/de\/wp-json\/wp\/v2\/tags?post=619313"}],"curies":[{"name":"wp","href":"https:\/\/api.w.org\/{rel}","templated":true}]}}