{"id":619373,"date":"2025-12-03T02:43:38","date_gmt":"2025-12-03T02:43:38","guid":{"rendered":"https:\/\/www.europesays.com\/de\/619373\/"},"modified":"2025-12-03T02:43:38","modified_gmt":"2025-12-03T02:43:38","slug":"forschungskolleg-vernetzt-geistes-und-sozialwissenschaften-international","status":"publish","type":"post","link":"https:\/\/www.europesays.com\/de\/619373\/","title":{"rendered":"Forschungskolleg vernetzt Geistes- und Sozialwissenschaften international"},"content":{"rendered":"<p>Direktorin Prof. Julika Griem erl\u00e4utert das besondere Profil: \u201eDas College for Social Sciences and Humanities bringt Forschungsprofessuren und Nachwuchsforschungsgruppen mit renommierten internationalen Spitzenwissenschaftler*innen als Fellows zusammen. Diese in Deutschland einzigartige Struktur macht es m\u00f6glich, interdisziplin\u00e4r innovative Forschungsthemen zu erschlie\u00dfen und Netzwerke zu bilden.\u201c Seit seiner Einrichtung im Jahr 2021 als Teil der Research Alliance Ruhr konnte das College for Social Sciences and Humanities den Gro\u00dfteil seiner Professuren mit herausragenden Geistes- und Sozialwissenschaftler*innen besetzen. Bereits 36 renommierte Forschende aus der ganzen Welt holte das College durch sein Fellowship-Programm f\u00fcr sechs Monate ins Ruhrgebiet. Aus Tandemprojekten mit Mitgliedern der UA Ruhr entstehen dabei oft langfristige Forschungskooperationen.<\/p>\n<p><strong>Spitzenforschung mit Bezug zu Kultur, Gesellschaft und Politik<\/strong><\/p>\n<p>Bei der feierlichen Er\u00f6ffnung am 1. Dezember gaben die Professor*innen des College Einblicke in die Forschungsfelder. Beispielsweise erforscht Prof. Tahani Nadim im Dialog mit der Zivilgesellschaft und Archiven, wie sich Erinnerungskultur und Sammlungspraxis durch digitale Technologien ver\u00e4ndern. Ein anderer Schwerpunkt liegt auf den Environmental Humanities, die soziale und kulturelle Aspekte von Umweltver\u00e4nderungen untersuchen. Die Juniorprofessor*innen Elena Beregow, Florian Fastenrath und Matthias Kranke untersuchen in drei Forschungsgruppen unter anderem, wie wir kulturell mit (zunehmendem) Schwitzen in Zeiten des Klimawandels umgehen, ob sich Nachhaltigkeit global steuern l\u00e4sst, und wie die Politik soziale Ungleichheit aufgreift.<\/p>\n<p>Ina Brandes, Ministerin f\u00fcr Kultur und Wissenschaft des Landes Nordrhein-Westfalen, betonte die Rolle des College in Wissenschaft und Gesellschaft: \u201eDas Ruhrgebiet zeigt, wie Wandel gelingt vom Kohlenrevier zur Wissensregion. Der Rohstoff Forschung und Wissenschaft sorgt heute f\u00fcr gute Arbeit, Wohlstand und soziale Sicherheit. Ich freue mich daher sehr, das College for Social Sciences and Humanities der Research Alliance Ruhr zu er\u00f6ffnen. Es entsteht enorme Kraft, wenn die drei gro\u00dfen Universit\u00e4ten des Ruhrgebiets ihre geistes- und sozialwissenschaftliche Expertise b\u00fcndeln. Gerade in unsicheren Zeiten brauchen wir solche starken Allianzen, die gesellschaftliche Entwicklungen klug analysieren und erkl\u00e4ren.&#8220;<\/p>\n<p>Die Rektorin der Universit\u00e4t Duisburg-Essen, Prof. Barbara Albert sowie der Rektor der Ruhr-Universit\u00e4t Bochum, Prof. Martin Paul, und TU-Rektor Prof. Manfred Bayer, betonen die wichtige Rolle des College in der Universit\u00e4tsallianz Ruhr: \u201eDas College initiiert und st\u00e4rkt internationale Verbindungen unserer Universit\u00e4ten zu renommierten Forschungseinrichtungen weltweit, insbesondere mit dem Fellowship-Programm. Durch Kooperation in der Research Alliance Ruhr stellen wir die geistes- und sozialwissenschaftliche Spitzenforschung im Ruhrgebiet noch besser und international sichtbarer auf.\u201c<\/p>\n<p><strong>Die Rolle der Wissenschaft in technologischem und politischem Wandel<\/strong><\/p>\n<p>Prof. Rajani Naidoo, UNESCO-Professorin f\u00fcr Hochschulforschung und Pr\u00e4sidiumsmitglied der University of Exeter (Gro\u00dfbritannien), zeigte in einem Festvortrag auf, wie Universit\u00e4ten den technologischen Wandel im Spannungsfeld von Gesellschaft, Politik und Wirtschaft konstruktiv mitgestalten k\u00f6nnen. In der abschlie\u00dfenden Podiumsdiskussion stand die Rolle von Forschungseinrichtungen angesichts bedrohter Demokratien im Fokus. Prof. Stephen Brown, Politikwissenschaftler an der Universit\u00e4t Ottawa (Kanada) und ehemals Fellow am College, Prof. Daniel Feierstein, Soziologe an der National University of Tres de Febrero (Argentinien) und aktueller Fellow, Prof. Eva Geulen, Direktorin des Berliner Leibniz-Zentrums f\u00fcr Literatur- und Kulturforschung, und Prof. Dorota Sajewska, Theaterwissenschaftlerin an der Ruhr-Universit\u00e4t Bochum, diskutierten dar\u00fcber, wie Wissenschaftsinstitutionen damit umgehen k\u00f6nnen, wenn Wissenschaftsfreiheit im globalen politischen Gef\u00fcge unter Druck ger\u00e4t.<\/p>\n<p><strong>\u00dcber das College<\/strong><\/p>\n<p>Das College for Social Sciences and Humanities f\u00f6rdert die geistes- und sozialwissenschaftliche Spitzenforschung in der Universit\u00e4tsallianz Ruhr und st\u00e4rkt ihre internationale Vernetzung und Sichtbarkeit. Als Institute for Advanced Study schafft es ein universit\u00e4ts\u00fcbergreifendes Forum f\u00fcr die Erschlie\u00dfung und Weiterentwicklung innovativer Forschungsfelder und setzt Impulse f\u00fcr interdisziplin\u00e4re Zusammenarbeit in den Geistes- und Sozialwissenschaften. Tragende S\u00e4ulen des College bilden drei Forschungsprofessuren, drei Forschungsgruppen sowie ein internationales Senior-Fellowship-Programm, das j\u00e4hrlich bis zu 20 herausragenden Wissen\u00adschaft\u00adler*innen einen Forschungsaufenthalt erm\u00f6glicht. Forschende auf dem Karriereweg unterst\u00fctzt das College durch Formate wie das PostdocLab.<\/p>\n<p><strong><a href=\"http:\/\/www.college-uaruhr.de\" title=\"College for Social Sciences and Humanities\" target=\"_blank\" class=\"deviant btn icon-btn btn-external\" rel=\"noreferrer noopener\">Zum College<\/a><\/strong><\/p>\n<p><strong>Ansprechperson f\u00fcr R\u00fcckfragen:<\/strong><\/p>\n<p>Melina Wachtling<br \/>College for Social Sciences and Humanities<br \/>Referentin f\u00fcr Kommunikation<br \/><a href=\"https:\/\/www.tu-dortmund.de\/detail\/forschungskolleg-vernetzt-geistes-und-sozialwissenschaften-international-58709\/mailto:communications@college-uaruhr.de\" title=\"Melina Wachtling\" target=\"_blank\" rel=\"noopener\">E-Mail<\/a><\/p>\n<p>\u00a0<\/p>\n","protected":false},"excerpt":{"rendered":"Direktorin Prof. Julika Griem erl\u00e4utert das besondere Profil: \u201eDas College for Social Sciences and Humanities bringt Forschungsprofessuren und&hellip;\n","protected":false},"author":2,"featured_media":619374,"comment_status":"","ping_status":"","sticky":false,"template":"","format":"standard","meta":{"footnotes":""},"categories":[1834],"tags":[146887,3364,29,3688,146892,146889,30,146893,146891,1209,146888,81664,146890,20239,46802,80538],"class_list":{"0":"post-619373","1":"post","2":"type-post","3":"status-publish","4":"format-standard","5":"has-post-thumbnail","7":"category-essen","8":"tag-college-for-social-sciences-and-humanities","9":"tag-de","10":"tag-deutschland","11":"tag-essen","12":"tag-fellowship-programm-wissenschaft","13":"tag-geistes-und-sozialwissenschaften","14":"tag-germany","15":"tag-interdisziplinaere-forschung-deutschland","16":"tag-internationale-forschungskooperation","17":"tag-nordrhein-westfalen","18":"tag-research-alliance-ruhr","19":"tag-ruhr-universitaet-bochum","20":"tag-spitzenforschung-ruhrgebiet","21":"tag-tu-dortmund","22":"tag-universitaet-duisburg-essen","23":"tag-universitaetsallianz-ruhr"},"share_on_mastodon":{"url":"https:\/\/pubeurope.com\/@de\/115653339046773758","error":""},"_links":{"self":[{"href":"https:\/\/www.europesays.com\/de\/wp-json\/wp\/v2\/posts\/619373","targetHints":{"allow":["GET"]}}],"collection":[{"href":"https:\/\/www.europesays.com\/de\/wp-json\/wp\/v2\/posts"}],"about":[{"href":"https:\/\/www.europesays.com\/de\/wp-json\/wp\/v2\/types\/post"}],"author":[{"embeddable":true,"href":"https:\/\/www.europesays.com\/de\/wp-json\/wp\/v2\/users\/2"}],"replies":[{"embeddable":true,"href":"https:\/\/www.europesays.com\/de\/wp-json\/wp\/v2\/comments?post=619373"}],"version-history":[{"count":0,"href":"https:\/\/www.europesays.com\/de\/wp-json\/wp\/v2\/posts\/619373\/revisions"}],"wp:featuredmedia":[{"embeddable":true,"href":"https:\/\/www.europesays.com\/de\/wp-json\/wp\/v2\/media\/619374"}],"wp:attachment":[{"href":"https:\/\/www.europesays.com\/de\/wp-json\/wp\/v2\/media?parent=619373"}],"wp:term":[{"taxonomy":"category","embeddable":true,"href":"https:\/\/www.europesays.com\/de\/wp-json\/wp\/v2\/categories?post=619373"},{"taxonomy":"post_tag","embeddable":true,"href":"https:\/\/www.europesays.com\/de\/wp-json\/wp\/v2\/tags?post=619373"}],"curies":[{"name":"wp","href":"https:\/\/api.w.org\/{rel}","templated":true}]}}