{"id":619421,"date":"2025-12-03T03:10:23","date_gmt":"2025-12-03T03:10:23","guid":{"rendered":"https:\/\/www.europesays.com\/de\/619421\/"},"modified":"2025-12-03T03:10:23","modified_gmt":"2025-12-03T03:10:23","slug":"peinlicher-blackout-rinderhalter-daniel-vergisst-namen-seiner-hofdame","status":"publish","type":"post","link":"https:\/\/www.europesays.com\/de\/619421\/","title":{"rendered":"Peinlicher Blackout: Rinderhalter Daniel vergisst Namen seiner Hofdame"},"content":{"rendered":"<p>&#8222;Bauer sucht Frau&#8220;<\/p>\n<p>Peinlicher Blackout: Rinderhalter Daniel vergisst Namen seiner Hofdame<\/p>\n<p>von teleschau<\/p>\n<p>02.12.2025, 22:01 Uhr<\/p>\n<p>02. Dezember 2025 um 22:01 Uhr<\/p>\n<p>Erschien in Kooperation mit<\/p>\n<p><a href=\"https:\/\/www.teleschau.de\/\" target=\"_blank\" rel=\"sponsored nofollow noopener\" data-qa-partner-block-logo-link=\"\"><img decoding=\"async\" data-hk=\"00932120a1510210010\" loading=\"lazy\" src=\"https:\/\/www.europesays.com\/de\/wp-content\/uploads\/2025\/12\/1764731421_790_dc048c83-0834-487b-a8f6-122c8aebc8b9.d002fad5-3499-4f0b-898c-0a00da01236b.png\" alt=\"teleschau\" width=\"160\" height=\"31\"\/><\/a><\/p>\n<p>In der aktuellen Folge von &#8222;Bauer sucht Frau&#8220; sorgt Rinderhalter Daniel f\u00fcr Aufsehen. Nach einem Einzeldate mit Hofdame Emely passiert ihm ein Missgeschick: Er vergisst ihren Namen. <\/p>\n<p>In der aktuellen Folge von &#8222;<a href=\"https:\/\/www.bunte.de\/entertainment\/doku-soaps\/bauer-sucht-frau\/\" rel=\"follow nofollow noopener\" target=\"_self\">Bauer sucht Frau<\/a>&#8220; sorgt Rinderhalter Daniel f\u00fcr Aufsehen. Nach einem Einzeldate mit Hofdame Emely passiert ihm ein Missgeschick: Er vergisst ihren Namen. Seine zweite Hofdame Jenny nimmt die Situation mit Humor und nutzt die Gelegenheit, um sich ins Gespr\u00e4ch zu bringen.<\/p>\n<p>Schwere Entscheidung bei &#8222;Bauer sucht Frau&#8220;<\/p>\n<p>Der 34-j\u00e4hrige Landwirt aus Nordrhein-Westfalen steht vor einer schwierigen Entscheidung. Er sucht eine Partnerin, die ihn bei der Arbeit auf seinem Bullenmastbetrieb unterst\u00fctzt. Zur Auswahl stehen die Gro\u00dfst\u00e4dterin Emely und Pferdeliebhaberin Jenny. Beim gemeinsamen Rinderf\u00fcttern hofft Daniel, dass sich eine der beiden Frauen als ideale Partnerin herauskristallisiert. &#8222;Ich hoffe, dass sich eine von den M\u00e4dels rauskristallisiert&#8220;, sagt er. Der Bauer, der auch einen Zwillingsbruder hat, w\u00fcnscht sich eine tatkr\u00e4ftige Unterst\u00fctzung f\u00fcr seinen Alltag auf dem Hof.<\/p>\n<p>ANZEIGE<img decoding=\"async\" data-hk=\"00932120a21230302010\" loading=\"lazy\"  src=\"https:\/\/www.europesays.com\/de\/wp-content\/uploads\/2025\/12\/b2954b37-f49d-47e6-97f5-2dcac44ce118.3649ed30-fbad-4109-b8b0-f9ff8de65d32.jpeg\"  alt=\"Bauer sucht Frau\" width=\"1080\" height=\"720\"\/> Bauer Daniel hat einen Blackout.  RTL \/ Stefan Gregorowius Jenny beeindruckt, Emely kontert<\/p>\n<p>Hofdame Jenny (25) zeigt sich engagiert und \u00fcbernimmt die Aufgabe, den Trog der Rinder zu reinigen. Daniel ist &#8222;schwer beeindruckt&#8220; von ihrem Einsatz. Emely hingegen bleibt skeptisch und kommentiert: &#8222;Einen Trog auszufegen, ist jetzt keine gro\u00dfe Kunst.&#8220; Als sie fragt, ob sie ebenfalls etwas tun k\u00f6nne, antwortet der Bauer nur kurz: &#8222;Gleich!&#8220;<\/p>\n<p>Einzelgespr\u00e4ch im K\u00e4lberstall<\/p>\n<p>Sp\u00e4ter l\u00e4dt Daniel Emely zu einem Gespr\u00e4ch unter vier Augen in den K\u00e4lberstall ein. Dabei spricht er ein sensibles Thema an: Er m\u00f6chte wissen, ob die vegan lebende P\u00e4dagogin damit umgehen kann, dass auf seinem Hof regelm\u00e4\u00dfig Tiere geschlachtet werden. Emely gibt offen zu: &#8222;Das ist schon ein Thema, mit dem ich noch zu k\u00e4mpfen habe innerlich.&#8220; Dennoch betont sie ihre Zuneigung zu Daniel: &#8222;Ich f\u00fchle mich bei dir sehr wohl.&#8220;<\/p>\n<p>ANZEIGE<\/p>\n<p><a href=\"https:\/\/www.bunte.de\/entertainment\/doku-soaps\/innerlich-zerrissen-liebes-drama-bei-bauer-sucht-frau-friedrich_1c74a56f-fd9f-4075-9625-2a2311c3e4ac.html\" rel=\"follow nofollow noopener\" target=\"_self\">Der Bauer<\/a> zeigt sich dankbar f\u00fcr ihre Offenheit und erwidert: &#8222;Ich finde die Zeit mit dir auch wunderbar! Du bist eine ganz tolle Frau.&#8220; Er wird sogar etwas pers\u00f6nlicher und fragt: &#8222;Darf ich dich mal in den Arm nehmen?&#8220; Emely z\u00f6gert nicht und stimmt zu. Die Szene l\u00e4sst vermuten, dass Daniel m\u00f6glicherweise bereits eine Entscheidung getroffen hat.<\/p>\n<p>Peinlicher Moment: Name vergessen<\/p>\n<p>Nach dem Einzeldate mit Emely trifft sich Daniel mit Jenny f\u00fcr ein weiteres Gespr\u00e4ch. Doch als Jenny ihn spielerisch darauf anspricht, dass er sie lange habe warten lassen, passiert ihm ein Fauxpas: Er kann sich nicht mehr an Emelys Namen erinnern. &#8222;Ja, die &#8230; Wie hei\u00dft sie noch mal? Sch&#8230;!&#8220;, stammelt er und versucht, die Situation zu retten. Jenny reagiert schlagfertig und lacht: &#8222;Ist nicht so wichtig!&#8220;<\/p>\n<p>ANZEIGE<\/p>\n<p>Im Interview spielt Daniel den Vorfall herunter: &#8222;Mir ist der Name von Emely nicht eingefallen kurz, aber das hat keine gro\u00dfe Bedeutung.&#8220; W\u00e4hrenddessen nutzt Jenny die Gelegenheit, um ihre Gef\u00fchle zu offenbaren. Sie erkl\u00e4rt dem Bauern, dass sie sich nach mehr Zeit zu zweit sehnt: &#8222;Ich verbringe am liebsten Zeit zu zweit mit dir.&#8220; Daraufhin \u00fcberlegt Daniel laut: &#8222;Ich sollte also schleunigst eine Entscheidung treffen, damit ich dich zu 100 Prozent kennenlernen darf?&#8220; Jenny zeigt sich erfreut \u00fcber seine Worte und meint: &#8222;Ich glaube, er hat das jetzt auch verstanden.&#8220;<\/p>\n<p>ANZEIGE<\/p>\n<p>Auch Jenny bekommt eine Umarmung von Daniel und zeigt sich begeistert: &#8222;Das l\u00f6st schon ein leichtes Kribbeln in mir aus und f\u00fchlt sich sehr sch\u00f6n an.&#8220; Doch anders als Bauer Friedrich, der in dieser Folge Hofdame Selina nach Hause schickte, muss Jenny weiterhin um Daniels Herz k\u00e4mpfen \u2013 denn Emely ist noch im Rennen.<\/p>\n","protected":false},"excerpt":{"rendered":"&#8222;Bauer sucht Frau&#8220; Peinlicher Blackout: Rinderhalter Daniel vergisst Namen seiner Hofdame von teleschau 02.12.2025, 22:01 Uhr 02. Dezember&hellip;\n","protected":false},"author":2,"featured_media":619422,"comment_status":"","ping_status":"","sticky":false,"template":"","format":"standard","meta":{"footnotes":""},"categories":[1773],"tags":[29,214,30,471,1780,215],"class_list":{"0":"post-619421","1":"post","2":"type-post","3":"status-publish","4":"format-standard","5":"has-post-thumbnail","7":"category-serien","8":"tag-deutschland","9":"tag-entertainment","10":"tag-germany","11":"tag-serien","12":"tag-series","13":"tag-unterhaltung"},"share_on_mastodon":{"url":"https:\/\/pubeurope.com\/@de\/115653446175967926","error":""},"_links":{"self":[{"href":"https:\/\/www.europesays.com\/de\/wp-json\/wp\/v2\/posts\/619421","targetHints":{"allow":["GET"]}}],"collection":[{"href":"https:\/\/www.europesays.com\/de\/wp-json\/wp\/v2\/posts"}],"about":[{"href":"https:\/\/www.europesays.com\/de\/wp-json\/wp\/v2\/types\/post"}],"author":[{"embeddable":true,"href":"https:\/\/www.europesays.com\/de\/wp-json\/wp\/v2\/users\/2"}],"replies":[{"embeddable":true,"href":"https:\/\/www.europesays.com\/de\/wp-json\/wp\/v2\/comments?post=619421"}],"version-history":[{"count":0,"href":"https:\/\/www.europesays.com\/de\/wp-json\/wp\/v2\/posts\/619421\/revisions"}],"wp:featuredmedia":[{"embeddable":true,"href":"https:\/\/www.europesays.com\/de\/wp-json\/wp\/v2\/media\/619422"}],"wp:attachment":[{"href":"https:\/\/www.europesays.com\/de\/wp-json\/wp\/v2\/media?parent=619421"}],"wp:term":[{"taxonomy":"category","embeddable":true,"href":"https:\/\/www.europesays.com\/de\/wp-json\/wp\/v2\/categories?post=619421"},{"taxonomy":"post_tag","embeddable":true,"href":"https:\/\/www.europesays.com\/de\/wp-json\/wp\/v2\/tags?post=619421"}],"curies":[{"name":"wp","href":"https:\/\/api.w.org\/{rel}","templated":true}]}}