{"id":619453,"date":"2025-12-03T03:28:18","date_gmt":"2025-12-03T03:28:18","guid":{"rendered":"https:\/\/www.europesays.com\/de\/619453\/"},"modified":"2025-12-03T03:28:18","modified_gmt":"2025-12-03T03:28:18","slug":"vlipp-e-v-vlipp-e-v-erfreut-ueber-volles-haus","status":"publish","type":"post","link":"https:\/\/www.europesays.com\/de\/619453\/","title":{"rendered":"Vlipp e. V.: Vlipp e. V. erfreut \u00fcber volles Haus"},"content":{"rendered":"<p>Foto: Ulrike Pollmann<br \/>Der Gladbecker Bildhauer und Objektk\u00fcnstler Hermann J Kassel war Gastgeber des letzten Vlipp-Tisches.<\/p>\n<p>Auch der vierte und letzte Vlipp-Tisch in diesem Jahr sorgte f\u00fcr ein volles Haus! Auch &#8222;neue Gesichter&#8220; waren zu Gast.<\/p>\n<p>Mit gro\u00dfer Freude begr\u00fc\u00dfte Ulrike Pollmann am 1. Dezember die Mitglieder und G\u00e4ste im <b>\u201eKunstraum Alte Spedition\u201c<\/b>, Ringeldorfer Stra\u00dfe 6 in Gladbeck. Ein herzlicher Dank galt dem Gastgeber <b>Hermann J Kassel,<\/b> der sein Atelier f\u00fcr dieses Treffen \u00f6ffnete. Der Bildhauer und Objektk\u00fcnstler gab interessante Einblicke in seine Arbeiten und lud die G\u00e4ste im Anschluss an den offiziellen Teil zu einem Rundgang durch sein Atelier ein.<\/p>\n<p>Als besonderer Gast wurde <b>Denise Trump<\/b>, stellvertretende Leiterin des Kulturamtes Gladbeck, begr\u00fc\u00dft. Mit einem Beitrag zum \u201eKulturprofil Gladbeck\u201c, welches sie kurz erkl\u00e4rte, stellte Denise Trump die Frage: \u201eUnd jetzt?\u201c \u201eGladbeck muss sichtbarer werden \u2013 darauf l\u00e4uft es hinaus!\u201c, sagte Trump mit Nachdruck und lud die Anwesenden ein, an dieser Aufgabe mitzuwirken. \u201eEs herrscht Aufbruchstimmung und viele neue Projekte sind in Vorbereitung\u201c, endete Denise Trump mit sichtlicher Vorfreude.<\/p>\n<p>Fazit: Ein informativer, kreativer, konstruktiver und kommunikativer Abend \u2013 auf einen Nenner gebracht: Sehr gelungen!<\/p>\n<p><b>Das erfolgreiche Format \u201eVlipp-Tisch\u201c geht auch 2026 weiter.<br \/>N\u00e4chstes Treffen:<br \/>Dienstag, 10. Februar 2026, 19:00 Uhr<br \/>Sozialpastoralen Zentrum K4<br \/>Kirchstra\u00dfe 6<br \/>45964 Gladbeck\u00a0<br \/>Anmeldung: Ulrike.Pollmann@vlipp.de<\/b><\/p>\n<p>                                                                            <img class=\"imagecontainer\" decoding=\"auto\" data-aspect-ratio=\"0.67449095\" src=\"https:\/\/media04.lokalkompass.de\/article\/2025\/12\/02\/9\/13930589_L.webp?1764699158\" bad-src=\"data:image\/gif;base64,R0lGODlhAQABAIAAAAAAAP\/\/\/yH5BAEAAAAALAAAAAABAAEAAAIBRAA7\"\/><\/p>\n<p>                                                                            <img class=\"imagecontainer\" decoding=\"auto\" data-aspect-ratio=\"0.723699881\" src=\"https:\/\/media04.lokalkompass.de\/article\/2025\/12\/02\/8\/13930598_L.webp?1764699266\" bad-src=\"data:image\/gif;base64,R0lGODlhAQABAIAAAAAAAP\/\/\/yH5BAEAAAAALAAAAAABAAEAAAIBRAA7\"\/><\/p>\n<p>                <a id=\"like-anchor\"\/><\/p>\n<p>                    Dieser Inhalt gef\u00e4llt Ihnen?<\/p>\n<p>Melden Sie sich an, um diesen Inhalt mit \u00abGef\u00e4llt mir\u00bb zu markieren.<\/p>\n<p>            \u00d7<\/p>\n<p>        <a href=\"#\" data-trigger-click-on-space-or-enter=\"\" class=\"button ggm-like-button hollow\" title=\"Gef\u00e4llt mir\" data-open=\"like-conversion-692fae4faf42e\"><\/p>\n<p>        <\/a><\/p>\n<p>\n        Gef\u00e4llt <strong>2<\/strong> mal<br \/>\n        2\n    <\/p>\n<p>            <a href=\"https:\/\/www.lokalkompass.de\/gladbeck\/profile-484522\/vlipp-e-v\" class=\"stop-click-event-propagation\" rel=\"nofollow noopener\" target=\"_blank\">    <\/p>\n<p>                                                                            <img class=\"imagecontainer\" decoding=\"auto\" data-aspect-ratio=\"0.907692308\" src=\"https:\/\/media04.lokalkompass.de\/user\/2025\/01\/12\/7\/113617_L.jpg?1736658901\" style=\"object-position: 50% 50%;\" data-object-position=\"50% 50%\" bad-src=\"data:image\/gif;base64,R0lGODlhAQABAIAAAAAAAP\/\/\/yH5BAEAAAAALAAAAAABAAEAAAIBRAA7\"\/><\/p>\n<p>        <\/a><\/p>\n<p>                    Sie m\u00f6chten diesem Profil folgen?<\/p>\n<p>Verpassen Sie nicht die neuesten Inhalte von diesem Profil: Melden Sie sich an, um neuen Inhalten von Profilen und Orten in Ihrem <strong>pers\u00f6nlichen Feed<\/strong> zu folgen.<\/p>\n<p>            \u00d7<\/p>\n<p>\n            <strong>5<\/strong> folgen diesem Profil\n        <\/p>\n","protected":false},"excerpt":{"rendered":"Foto: Ulrike PollmannDer Gladbecker Bildhauer und Objektk\u00fcnstler Hermann J Kassel war Gastgeber des letzten Vlipp-Tisches. Auch der vierte&hellip;\n","protected":false},"author":2,"featured_media":619454,"comment_status":"","ping_status":"","sticky":false,"template":"","format":"standard","meta":{"footnotes":""},"categories":[1848],"tags":[3364,29,548,663,3934,3658,30,13,14,15,1209,12],"class_list":{"0":"post-619453","1":"post","2":"type-post","3":"status-publish","4":"format-standard","5":"has-post-thumbnail","7":"category-gelsenkirchen","8":"tag-de","9":"tag-deutschland","10":"tag-eu","11":"tag-europa","12":"tag-europe","13":"tag-gelsenkirchen","14":"tag-germany","15":"tag-headlines","16":"tag-nachrichten","17":"tag-news","18":"tag-nordrhein-westfalen","19":"tag-schlagzeilen"},"share_on_mastodon":{"url":"https:\/\/pubeurope.com\/@de\/115653517157234513","error":""},"_links":{"self":[{"href":"https:\/\/www.europesays.com\/de\/wp-json\/wp\/v2\/posts\/619453","targetHints":{"allow":["GET"]}}],"collection":[{"href":"https:\/\/www.europesays.com\/de\/wp-json\/wp\/v2\/posts"}],"about":[{"href":"https:\/\/www.europesays.com\/de\/wp-json\/wp\/v2\/types\/post"}],"author":[{"embeddable":true,"href":"https:\/\/www.europesays.com\/de\/wp-json\/wp\/v2\/users\/2"}],"replies":[{"embeddable":true,"href":"https:\/\/www.europesays.com\/de\/wp-json\/wp\/v2\/comments?post=619453"}],"version-history":[{"count":0,"href":"https:\/\/www.europesays.com\/de\/wp-json\/wp\/v2\/posts\/619453\/revisions"}],"wp:featuredmedia":[{"embeddable":true,"href":"https:\/\/www.europesays.com\/de\/wp-json\/wp\/v2\/media\/619454"}],"wp:attachment":[{"href":"https:\/\/www.europesays.com\/de\/wp-json\/wp\/v2\/media?parent=619453"}],"wp:term":[{"taxonomy":"category","embeddable":true,"href":"https:\/\/www.europesays.com\/de\/wp-json\/wp\/v2\/categories?post=619453"},{"taxonomy":"post_tag","embeddable":true,"href":"https:\/\/www.europesays.com\/de\/wp-json\/wp\/v2\/tags?post=619453"}],"curies":[{"name":"wp","href":"https:\/\/api.w.org\/{rel}","templated":true}]}}