{"id":619542,"date":"2025-12-03T04:23:51","date_gmt":"2025-12-03T04:23:51","guid":{"rendered":"https:\/\/www.europesays.com\/de\/619542\/"},"modified":"2025-12-03T04:23:51","modified_gmt":"2025-12-03T04:23:51","slug":"grosseinsatz-in-hamburg-bewaffneter-mann-droht-mit-blutbad-am-gericht-regional","status":"publish","type":"post","link":"https:\/\/www.europesays.com\/de\/619542\/","title":{"rendered":"Gro\u00dfeinsatz in Hamburg: Bewaffneter Mann droht mit Blutbad am Gericht | Regional"},"content":{"rendered":"<p>Hamburg\u00a0\u2013 <b>Gro\u00dfalarm am Oberlandesgericht! Ein Mann hatte in einer Mail angedroht, mit einem Messer ein Blutbad anzurichten. Da er kein Unbekannter ist, r\u00fcckten die Einsatzkr\u00e4fte mit Gro\u00dfaufgebot an.<\/b><\/p>\n<p>Am Vormittag war das Schreiben bei Gericht eingegangen. Sofort hatten Mitarbeiter die Polizei alarmiert. Da der Absender (45) schon in der Vergangenheit Drohungen an das Gericht geschickt hatte und bereits zuvor mit einem <a href=\"https:\/\/www.bild.de\/themen\/specials\/nahkampfwaffen\/news-fotos-videos-17014754.bild.html\" class=\"text-link\" rel=\"nofollow noopener\" target=\"_blank\">Messer<\/a> aufgegriffen worden war, fahndete die Polizei sofort mit zahlreichen Einsatzkr\u00e4ften. <\/p>\n<p>Bedroher ist der Polizei schon bekannt<\/p>\n<p>Baris S. ist schon wegen Ladendiebstahl, Betrug und <a href=\"https:\/\/www.bild.de\/news\/aktuelles\/news\/von-koerperverletzung-bis-mord-50617652.bild.html\" class=\"text-link\" rel=\"nofollow noopener\" target=\"_blank\">K\u00f6rperverletzung<\/a> bei den Beamten bekannt. Als die Polizisten ihn an seiner Wohnadresse nicht finden konnten, suchten sie Gerichtsgeb\u00e4ude und Umgebung ab.<\/p>\n<p><img decoding=\"async\" width=\"992\" height=\"558\" alt=\"Ein Polizist geht die Treppe zum Oberlandesgericht hinauf und sichert das Geb\u00e4ude\" src=\"https:\/\/www.europesays.com\/de\/wp-content\/uploads\/2025\/12\/96de5b2d5a178b36d9134e7d97c0b154,8c5d50cf\"   class=\"landscape\" loading=\"lazy\"\/><\/p>\n<p class=\"fig__caption__text\">Ein Polizist geht die Treppe zum Oberlandesgericht hinauf und sichert das Geb\u00e4ude <\/p>\n<p>Foto: Marco Zitzow<\/p>\n<p>Erleichterung dann am sp\u00e4ten Nachmittag: Der Bedroher konnte in der N\u00e4he des Gerichts gestellt werden, er trug ein K\u00fcchenmesser bei sich. Die <a href=\"https:\/\/www.bild.de\/regional\/aktuelles\/polizei\/polizeieinsatz-alle-infos-76681760.bild.html\" class=\"text-link\" rel=\"nofollow noopener\" target=\"_blank\">Polizisten nahmen ihn sofort <\/a>fest. Er wurde einem Amtsarzt vorgef\u00fchrt, kam danach in eine psychiatrische Klinik.<\/p>\n","protected":false},"excerpt":{"rendered":"Hamburg\u00a0\u2013 Gro\u00dfalarm am Oberlandesgericht! Ein Mann hatte in einer Mail angedroht, mit einem Messer ein Blutbad anzurichten. Da&hellip;\n","protected":false},"author":2,"featured_media":619543,"comment_status":"","ping_status":"","sticky":false,"template":"","format":"standard","meta":{"footnotes":""},"categories":[1826],"tags":[29,30,1000,692,1981,121,9115,45,1995],"class_list":{"0":"post-619542","1":"post","2":"type-post","3":"status-publish","4":"format-standard","5":"has-post-thumbnail","7":"category-hamburg","8":"tag-deutschland","9":"tag-germany","10":"tag-gewalt","11":"tag-hamburg","12":"tag-messer","13":"tag-polizei","14":"tag-schusswaffen","15":"tag-texttospeech","16":"tag-verbrechen"},"share_on_mastodon":{"url":"https:\/\/pubeurope.com\/@de\/115653736939981566","error":""},"_links":{"self":[{"href":"https:\/\/www.europesays.com\/de\/wp-json\/wp\/v2\/posts\/619542","targetHints":{"allow":["GET"]}}],"collection":[{"href":"https:\/\/www.europesays.com\/de\/wp-json\/wp\/v2\/posts"}],"about":[{"href":"https:\/\/www.europesays.com\/de\/wp-json\/wp\/v2\/types\/post"}],"author":[{"embeddable":true,"href":"https:\/\/www.europesays.com\/de\/wp-json\/wp\/v2\/users\/2"}],"replies":[{"embeddable":true,"href":"https:\/\/www.europesays.com\/de\/wp-json\/wp\/v2\/comments?post=619542"}],"version-history":[{"count":0,"href":"https:\/\/www.europesays.com\/de\/wp-json\/wp\/v2\/posts\/619542\/revisions"}],"wp:featuredmedia":[{"embeddable":true,"href":"https:\/\/www.europesays.com\/de\/wp-json\/wp\/v2\/media\/619543"}],"wp:attachment":[{"href":"https:\/\/www.europesays.com\/de\/wp-json\/wp\/v2\/media?parent=619542"}],"wp:term":[{"taxonomy":"category","embeddable":true,"href":"https:\/\/www.europesays.com\/de\/wp-json\/wp\/v2\/categories?post=619542"},{"taxonomy":"post_tag","embeddable":true,"href":"https:\/\/www.europesays.com\/de\/wp-json\/wp\/v2\/tags?post=619542"}],"curies":[{"name":"wp","href":"https:\/\/api.w.org\/{rel}","templated":true}]}}