{"id":619596,"date":"2025-12-03T05:02:22","date_gmt":"2025-12-03T05:02:22","guid":{"rendered":"https:\/\/www.europesays.com\/de\/619596\/"},"modified":"2025-12-03T05:02:22","modified_gmt":"2025-12-03T05:02:22","slug":"mord-an-offenburger-psychotherapeutin-nach-revision-prueft-der-bundesgerichtshof-das-urteil-offenburg","status":"publish","type":"post","link":"https:\/\/www.europesays.com\/de\/619596\/","title":{"rendered":"Mord an Offenburger Psychotherapeutin. Nach Revision pr\u00fcft der Bundesgerichtshof das Urteil &#8211; Offenburg"},"content":{"rendered":"<p class=\"article-site__ressore | pb-400\">Revision beim BGH<\/p>\n<p class=\"article-site__topic article-site-plr | mb-1000\">\n<p>\t\t\t<strong><br \/>\n\t\t\t\t\t\t\t\t\t\t\t\t\tDer Bundesgerichtshof in Karlsruhe pr\u00fcft das Urteil des Offenburger Landgerichts im Falle der ermordeten Psychotherapeutin.<br \/>\n\t\t\t\t\t\t\t<\/strong><br \/>\n\t\t\t\u00a0<\/p>\n<p><a onclick=\"\" href=\"https:\/\/www.badische-zeitung.de\/ralph-fautz-x1x\" rel=\"author noopener\" target=\"_blank\"><img decoding=\"async\" src=\"https:\/\/www.europesays.com\/de\/wp-content\/uploads\/2025\/12\/468225510-f-1_1-w-100.jpg\" class=\"autor-img\" style=\"--autor-img-index:50;\" alt=\"Ralph Fautz\" title=\"Ralph Fautz\" width=\"80px\" height=\"80px\"\/><\/a><\/p>\n<p>        Wir ben\u00f6tigen Ihre Zustimmung um BotTalk anzuzeigen<\/p>\n<p class=\"mb-400\">Unter Umst\u00e4nden sammelt BotTalk personenbezogene Daten f\u00fcr eigene Zwecke und verarbeitet diese in einem Land mit nach EU-Standards nicht ausreichenden Datenschutzniveau.<\/p>\n<p class=\"mb-900\">Durch Klick auf &#8222;Akzeptieren&#8220; geben Sie Ihre Einwilligung f\u00fcr die Daten\u00fcbermittlung, die Sie jederzeit \u00fcber Cookie-Einstellungen widerrufen k\u00f6nnen.<\/p>\n<p>        <a data-cmp-servicename=\"BotTalk\" href=\"#\" class=\"cmpButtonAccept btn | bg-primary-400 fc-neutral-100\">Akzeptieren<\/a><br \/>\n        <a href=\"#\" onclick=\"UC_UI.showSecondLayer(); return false;\" class=\"fs-300\">Mehr Informationen<\/a><\/p>\n<p>\t\t\t\t\t\t\t\t\t\t<img decoding=\"async\"  src=\"https:\/\/www.europesays.com\/de\/wp-content\/uploads\/2025\/12\/485998239-w-640.jpg\" title=\"Der Bundesgerichtshof in Karlsruhe pr\u00fc...alle der ermordeten Psychotherapeutin.  | Foto: David-Wolfgang Ebener (dpa\/Symbolfoto)\" alt=\"Der Bundesgerichtshof in Karlsruhe pr\u00fc...alle der ermordeten Psychotherapeutin.  | Foto: David-Wolfgang Ebener (dpa\/Symbolfoto)\" aria-labelledby=\"imgLabel1\" width=\"980\" height=\"653\" fetchpriority=\"high\" class=\"artImg artImg-as32\"\/><\/p>\n<p>\t\t\t\t\t\t\t\t\t\t\t\tDer Bundesgerichtshof in Karlsruhe pr\u00fcft das Urteil des Offenburger Landgerichts im Falle der ermordeten Psychotherapeutin.\t\t\t\t\t\t\t\t\t\t\t\tFoto: David-Wolfgang\u00a0Ebener\u00a0(dpa\/Symbolfoto)\t\t\t\t\t\t\t\t\t\t\t<\/p>\n<p>Der Fall der ermordeten Psychotherapeutin in Offenburg vom Februar dieses Jahres landet vor dem Bundesgerichtshof in Karlsruhe. Der T\u00e4ter legte erfolgreich und fristgerecht Revision gegen das Urteil des Offenburger Landgerichts ein. Dieses verurteilte den 44 Jahre alten Deutsch-Franzosen im August zu einer lebenslangen Freiheitsstrafe mit der Option auf eine anschlie\u00dfende Sicherheitsverwahrung. Das Gericht stellte die besondere Schwere der Schuld fest.<\/p>\n<p>Der Bundesgerichtshof pr\u00fcft das Urteil auf etwaige Verfahrensfehler. Bis zum Abschluss der Pr\u00fcfung ist das Urteil des Offenburger Landgerichts nicht rechtskr\u00e4ftig.<\/p>\n<p>Die 37-j\u00e4hrige und zum Tatzeitpunkt schwangere Therapeutin wurde von ihrem ehemaligen Patienten im Februar 2025 vor der Praxis in der N\u00e4he des Offenburger Bahnhofs mit 38 Messerstichen get\u00f6tet. Im Zuge der Ermittlungen stellte sich heraus, dass der T\u00e4ter bereits zwischen 2004 und 2015 eine elfj\u00e4hrige Haftstrafe wegen Mordes in Frankreich absa\u00df.<\/p>\n","protected":false},"excerpt":{"rendered":"Revision beim BGH Der Bundesgerichtshof in Karlsruhe pr\u00fcft das Urteil des Offenburger Landgerichts im Falle der ermordeten Psychotherapeutin.&hellip;\n","protected":false},"author":2,"featured_media":619597,"comment_status":"","ping_status":"","sticky":false,"template":"","format":"standard","meta":{"footnotes":""},"categories":[1844],"tags":[1634,3364,29,30881,30,84672,8903,21135,146913,146912,4896],"class_list":{"0":"post-619596","1":"post","2":"type-post","3":"status-publish","4":"format-standard","5":"has-post-thumbnail","7":"category-karlsruhe","8":"tag-baden-wuerttemberg","9":"tag-de","10":"tag-deutschland","11":"tag-februar","12":"tag-germany","13":"tag-jahres","14":"tag-karlsruhe","15":"tag-offenburg","16":"tag-prueft","17":"tag-psychotherapeutin","18":"tag-revision"},"share_on_mastodon":{"url":"https:\/\/pubeurope.com\/@de\/115653886394245247","error":""},"_links":{"self":[{"href":"https:\/\/www.europesays.com\/de\/wp-json\/wp\/v2\/posts\/619596","targetHints":{"allow":["GET"]}}],"collection":[{"href":"https:\/\/www.europesays.com\/de\/wp-json\/wp\/v2\/posts"}],"about":[{"href":"https:\/\/www.europesays.com\/de\/wp-json\/wp\/v2\/types\/post"}],"author":[{"embeddable":true,"href":"https:\/\/www.europesays.com\/de\/wp-json\/wp\/v2\/users\/2"}],"replies":[{"embeddable":true,"href":"https:\/\/www.europesays.com\/de\/wp-json\/wp\/v2\/comments?post=619596"}],"version-history":[{"count":0,"href":"https:\/\/www.europesays.com\/de\/wp-json\/wp\/v2\/posts\/619596\/revisions"}],"wp:featuredmedia":[{"embeddable":true,"href":"https:\/\/www.europesays.com\/de\/wp-json\/wp\/v2\/media\/619597"}],"wp:attachment":[{"href":"https:\/\/www.europesays.com\/de\/wp-json\/wp\/v2\/media?parent=619596"}],"wp:term":[{"taxonomy":"category","embeddable":true,"href":"https:\/\/www.europesays.com\/de\/wp-json\/wp\/v2\/categories?post=619596"},{"taxonomy":"post_tag","embeddable":true,"href":"https:\/\/www.europesays.com\/de\/wp-json\/wp\/v2\/tags?post=619596"}],"curies":[{"name":"wp","href":"https:\/\/api.w.org\/{rel}","templated":true}]}}