{"id":619651,"date":"2025-12-03T05:34:17","date_gmt":"2025-12-03T05:34:17","guid":{"rendered":"https:\/\/www.europesays.com\/de\/619651\/"},"modified":"2025-12-03T05:34:17","modified_gmt":"2025-12-03T05:34:17","slug":"eishockey-fitness-probleme-klartext-vom-neuen-dresden-coach-sport","status":"publish","type":"post","link":"https:\/\/www.europesays.com\/de\/619651\/","title":{"rendered":"Eishockey: Fitness-Probleme! Klartext vom neuen Dresden-Coach | Sport"},"content":{"rendered":"<p><b>Das DEL-Schlusslicht greift zum letzten Strohhalm! Die Dresdner Eisl\u00f6wen haben am Dienstag Neu-Coach Gerry Fleming (58) vorgestellt. In BILD spricht der neue Mann Klartext.<\/b><\/p>\n<p>Der Kanadier legt den Finger gleich in die Wunde: \u201eIch habe es in der Vergangenheit oft erlebt, dass Spieler, die Meister wurden, im Sommer danach nicht so viel gemacht haben. Da z\u00e4hlen dann meist andere Dinge und es werden Kraft-Einheiten vernachl\u00e4ssigt. Daher ist sicher nicht jeder Spieler in der besten Form zur\u00fcck nach Dresden gekommen. Und ich denke, dort wird man Zeit brauchen, um nachzujustieren.\u201c<\/p>\n<p><b>Hei\u00dft: Gerade die Aufstiegshelden vom Mai sind im Visier. Die Uhren werden nochmal auf null gestellt. Alte Verdienste sind nur etwas wert, wenn der Klassenerhalt diese Saison gelingt.<\/b><\/p>\n<p>Mehr zum Thema<\/p>\n<p>Daf\u00fcr muss Fleming den Kampfgeist neu entflammen. \u201eWir m\u00fcssen jede Partie um unser Leben spielen\u201c, meint er. Als NHL-Star hat der ehemalige linke Fl\u00fcgelst\u00fcrmer das bei den Montreal Canadiens selbst vorgemacht. 42 Strafminuten in elf Spielen in der besten Eishockey-Liga der Welt sind schon eher Rowdy-verd\u00e4chtig. <\/p>\n<p>Auch interessant<\/p>\n<p>Anzeige<\/p>\n<p>Auch interessant<\/p>\n<p>Anzeige<\/p>\n<p><b>Warum wirkt er heute dagegen so ruhig? \u201eAuf dem Eis kann es sich immer erhitzen. Da m\u00fcssen wir f\u00fcreinander einstehen. Aber als Trainer braucht man auch Geduld\u201c, grinst Fleming, der noch bis Oktober in Wien hinter der Bande stand, jetzt aber aus Estlands Hauptstadt Tallinn nach Sachsen kommt.<\/b><\/p>\n<p>\u201eMeine Frau ist Estin und TV-Moderatorin, hat dort mehrere Fernsehshows\u201c, verr\u00e4t er. \u201eSie hat mich gefragt, ob ich mir mit Dresden sicher bin. Da habe ich gesagt: Ich kann es nicht erwarten. Da meinte sie, dass sie mich zu hundert Prozent unterst\u00fctzt. Sie wird mich hier bei Gelegenheit besuchen, aber die n\u00e4chsten drei bis vier Wochen dreht sich alles nur um die Mannschaft. Das liebe ich.\u201c<\/p>\n<p><img decoding=\"async\" width=\"992\" height=\"656\" alt=\"Die Dresdner Eisl\u00f6wen um Alec McCrea haben zuletzt oft auf die M\u00fctze bekommen.\" src=\"https:\/\/www.europesays.com\/de\/wp-content\/uploads\/2025\/12\/0dce77d1b1c2101d9f1d45295b3fbba9,113bb6a8\"   class=\"dynamic\" loading=\"lazy\"\/><\/p>\n<p class=\"fig__caption__text\">Die Dresdner Eisl\u00f6wen um Alec McCrea haben zuletzt oft auf die M\u00fctze bekommen<\/p>\n<p>Foto: IMAGO\/Eibner<\/p>\n<p><b>Schon Donnerstag (19.30 Uhr) gibt es in Augsburg sein Deb\u00fct. Fleming: \u201eDie Struktur werden wir nicht gro\u00df \u00e4ndern, sondern wie wir in diesem System spielen. Wir schauen uns die Details an: K\u00f6rperposition, Schl\u00e4gerhaltung, Zweik\u00e4mpfe, die K\u00f6rpersprache und das Positionsspiel. Daf\u00fcr muss man hart arbeiten.\u201c<\/b> <\/p>\n<p>Die Reihen sollen nochmal neu gemischt werden. \u201eWir brauchen mehr Pr\u00e4senz mit unseren gro\u00dfen Kerlen im Torraum. Dort m\u00fcssen wir sie hinbringen.\u201c<\/p>\n<p><b>Der zus\u00e4tzliche Co-Trainer Craig Streu (57) \u2013 beide kennen sich von den Eisb\u00e4ren Berlin \u2013 soll den Fokus aufs schwache Powerplay legen, wird zudem an der Unterzahl feilen, die die einzige gro\u00dfe St\u00e4rke des Tabellenletzten ist.<\/b><\/p>\n<p>Videoanalyse jetzt auch in den Drittelpausen<\/p>\n<p>Petteri Kilpivaara, der bisherige Assistent, konzentriert sich mehr auf Videoanalysen, die neuerdings auch in den Drittelpausen eingesetzt werden. \u201eDas war bisher kein Standard hier\u201c, betont Fleming.<\/p>\n<p><b>Aus seiner Zeit bei den Frankfurt L\u00f6wen, die er als Aufsteiger ebenfalls zum Liga-Verbleib brachte, wei\u00df er: \u201eEs ist nicht einfach, diesen Sprung in die DEL zu schaffen. F\u00fcr manche Zweitliga-Profis war es vielleicht ein Schock zu sehen, was hier wirklich abgeht.\u201c<\/b><\/p>\n<p><img decoding=\"async\" width=\"992\" height=\"558\" alt=\"Gerry Fleming (li.) mit seinem ebenfalls neuen Co-Trainer Craig Streu.\" src=\"https:\/\/www.europesays.com\/de\/wp-content\/uploads\/2025\/12\/78d288f22c93cb92c92b431c014173a3,cca76cd9\"   class=\"landscape\" loading=\"lazy\"\/><\/p>\n<p class=\"fig__caption__text\">Gerry Fleming (li.) mit seinem ebenfalls neuen Co-Trainer Craig Streu.<\/p>\n<p>Foto: DRESDNER EISL\u00d6WEN<\/p>\n<p>Von seinem neuen Wohnort ist Fleming alles andere, als geschockt. <\/p>\n<p><b>\u201eW\u00e4hrend meiner Berliner Zeit war ich ja nicht weit weg und kenne auch die Geschichte von Dresden, das im 2. Weltkrieg stark zerst\u00f6rt wurde. Dresden ist eine der sch\u00f6nsten St\u00e4dte Europas. Der Standort hat sehr hart gearbeitet, um in der DEL zu sein. Darum wollen wir unbedingt dort bleiben.\u201c<\/b> <\/p>\n<p>Daf\u00fcr braucht es bei sieben Punkten R\u00fcckstand und einem Spiel mehr als Vorletzte Iserlohn fast ein Wunder.<\/p>\n<p><a href=\"https:\/\/www.bild.de\/sport\/mehr-sport\/eishockey-ex-eisbaer-soll-dresden-retten-692d4097e9b1296b9ef9927e\" class=\"text-link\" target=\"_blank\" rel=\"noopener\"><b>Gerry Fleming<\/b><\/a><b>: \u201eIch rede jeden Tag mit Gott und danke ihm. Auch f\u00fcr diese M\u00f6glichkeit jetzt. Manchmal bete ich vielleicht auch, dass wir gewinnen.\u201c Bei den <\/b><a href=\"https:\/\/www.bild.de\/sport\/mehr-sport\/eishockey-zwei-bosse-weg-mega-beben-bei-del-klub-6928285d9ee3dea8ed716cae\" class=\"text-link\" target=\"_blank\" rel=\"noopener\"><b>Dresdner Eisl\u00f6wen<\/b><\/a><b> k\u00e4me Hilfe von ganz oben wie gerufen&#8230;<\/b><\/p>\n","protected":false},"excerpt":{"rendered":"Das DEL-Schlusslicht greift zum letzten Strohhalm! Die Dresdner Eisl\u00f6wen haben am Dienstag Neu-Coach Gerry Fleming (58) vorgestellt. In&hellip;\n","protected":false},"author":2,"featured_media":619652,"comment_status":"","ping_status":"","sticky":false,"template":"","format":"standard","meta":{"footnotes":""},"categories":[1835],"tags":[28914,3364,2097,29,2386,6216,127,2100,3189,247,30,7935,6003,859,3460,46306,45,5843,37998,18842],"class_list":{"0":"post-619651","1":"post","2":"type-post","3":"status-publish","4":"format-standard","5":"has-post-thumbnail","7":"category-dresden","8":"tag-augsburger-panther","9":"tag-de","10":"tag-del","11":"tag-deutschland","12":"tag-dresden","13":"tag-dresdner-eisloewen","14":"tag-ehefrau","15":"tag-eishockey","16":"tag-estland","17":"tag-fitness","18":"tag-germany","19":"tag-nhl","20":"tag-premiere","21":"tag-sachsen","22":"tag-sport-leuchtturm-leipzig","23":"tag-tallinn","24":"tag-texttospeech","25":"tag-trainer","26":"tag-tv-moderation","27":"tag-wechseln"},"share_on_mastodon":{"url":"https:\/\/pubeurope.com\/@de\/115654012724657209","error":""},"_links":{"self":[{"href":"https:\/\/www.europesays.com\/de\/wp-json\/wp\/v2\/posts\/619651","targetHints":{"allow":["GET"]}}],"collection":[{"href":"https:\/\/www.europesays.com\/de\/wp-json\/wp\/v2\/posts"}],"about":[{"href":"https:\/\/www.europesays.com\/de\/wp-json\/wp\/v2\/types\/post"}],"author":[{"embeddable":true,"href":"https:\/\/www.europesays.com\/de\/wp-json\/wp\/v2\/users\/2"}],"replies":[{"embeddable":true,"href":"https:\/\/www.europesays.com\/de\/wp-json\/wp\/v2\/comments?post=619651"}],"version-history":[{"count":0,"href":"https:\/\/www.europesays.com\/de\/wp-json\/wp\/v2\/posts\/619651\/revisions"}],"wp:featuredmedia":[{"embeddable":true,"href":"https:\/\/www.europesays.com\/de\/wp-json\/wp\/v2\/media\/619652"}],"wp:attachment":[{"href":"https:\/\/www.europesays.com\/de\/wp-json\/wp\/v2\/media?parent=619651"}],"wp:term":[{"taxonomy":"category","embeddable":true,"href":"https:\/\/www.europesays.com\/de\/wp-json\/wp\/v2\/categories?post=619651"},{"taxonomy":"post_tag","embeddable":true,"href":"https:\/\/www.europesays.com\/de\/wp-json\/wp\/v2\/tags?post=619651"}],"curies":[{"name":"wp","href":"https:\/\/api.w.org\/{rel}","templated":true}]}}