{"id":619761,"date":"2025-12-03T06:33:24","date_gmt":"2025-12-03T06:33:24","guid":{"rendered":"https:\/\/www.europesays.com\/de\/619761\/"},"modified":"2025-12-03T06:33:24","modified_gmt":"2025-12-03T06:33:24","slug":"lotus-bietet-mia-frauenkurse-halloherne-de","status":"publish","type":"post","link":"https:\/\/www.europesays.com\/de\/619761\/","title":{"rendered":"Lotus bietet MIA-Frauenkurse | halloherne.de"},"content":{"rendered":"<p>                <img loading=\"lazy\" decoding=\"async\" class=\"article__image__img\"   src=\"https:\/\/www.europesays.com\/de\/wp-content\/uploads\/2025\/12\/f8c1646a0195087c040ba0b177f814c8.jpg\" width=\"812\" height=\"539\" alt=\"MiA \u2013niederschwellige Frauenkurse: Migrantinnen stark f\u00fcr den Alltag machen.\"\/><\/p>\n<p>                    Foto:<br \/>\n                    Lotus Bildungszentrum                <\/p>\n<p>                    MiA \u2013niederschwellige Frauenkurse: Migrantinnen stark f\u00fcr den Alltag machen.                <\/p>\n<p>\n    In Kooperation mit dem Gymnasium Wanne\n<\/p>\n<p>Lotus bietet MIA-Frauenkurse<\/p>\n<p class=\"article__paragraph\">Das Bildungswerk Lotus bietet mit MiA-Kurse niederschwellige Sprachkurse, nur f\u00fcr Frauen an, um Migrantinnen im Alltag stark zu machen. Die Themen der Kurse befassen sich mit dem Leben in Deutschland, Arztbesuche, Einkaufen, Wohnungssuche und \u00e4hnliche Alltagsthemen.<\/p>\n<p><a class=\"article__banner__link\" href=\"https:\/\/www.halloherne.de\/out\/blink\/1026\" target=\"blank\" rel=\"nofollow noopener\"><br \/>\n    <img loading=\"lazy\" decoding=\"async\" class=\"article__banner__image\" width=\"470\" height=\"210\" src=\"https:\/\/www.europesays.com\/de\/wp-content\/uploads\/2025\/12\/62288260a8209d9d3b524e1818804b61.gif\" alt=\"Anzeige: Weltladen Esperanza - Weihnachten 2025\"\/><br \/>\n<\/a><\/p>\n<p class=\"article__paragraph\">Die in Zusammenarbeit mit dem Gymnasium Wanne durchgef\u00fchrten MIA-Frauenkurse sto\u00dfen bei den Frauen der Schule auf gro\u00dfes Interesse. Der Kursus unterst\u00fctzt die Teilnehmerinnen dabei, die deutsche Sprache effektiv und alltagsnah zu lernen.<\/p>\n<p>                <img decoding=\"async\" class=\"article__image__img\"   src=\"https:\/\/www.europesays.com\/de\/wp-content\/uploads\/2025\/12\/8dcb26ce2819b4cb557ffc510f074b49.jpg\" width=\"812\" height=\"539\" alt=\"MiA \u2013niederschwellige Frauenkurse: Migrantinnen stark f\u00fcr den Alltag machen.\" loading=\"lazy\"\/><\/p>\n<p>                    Foto:<br \/>\n                    Lotus Bildungszentrum                <\/p>\n<p>                    MiA \u2013niederschwellige Frauenkurse: Migrantinnen stark f\u00fcr den Alltag machen.                <\/p>\n<p>Ausfl\u00fcge unterst\u00fctzen und verfestigen das Erlernte<\/p>\n<p class=\"article__paragraph\">So findet nun im laufenden Kursus ein Ausflug ins Heimatmuseum Unser Fritz statt statt. Dabei erhalten die Teilnehmerinnen nicht nur kulturelle Einblicke, sondern k\u00f6nnen auch ihre Deutschkenntnisse in einem authentischen Umfeld vertiefen. Die Abschlussveranstaltung des Kurses ist f\u00fcr Dienstag, 16. Dezember 2025, geplant, und zwei Tage sp\u00e4ter folgt ein gemeinsamer Ausflug in die Bochumer Innenstadt.<\/p>\n<p><a class=\"article__banner__link\" href=\"https:\/\/www.halloherne.de\/out\/blink\/1010\" target=\"blank\" rel=\"nofollow noopener\"><br \/>\n    <img loading=\"lazy\" decoding=\"async\" class=\"article__banner__image\" width=\"470\" height=\"210\" src=\"https:\/\/www.europesays.com\/de\/wp-content\/uploads\/2025\/12\/a2791985239edcd75a0b11288ee6eaa2.jpg\" alt=\"Anzeige: Adventsleuchten in Crange 2025\"\/><br \/>\n<\/a><\/p>\n<p>Bei Interesse bitte melden<\/p>\n<p class=\"article__paragraph\">Interessierte Frauen k\u00f6nnen weitere Informationen zu den kommenden Kursen per E-Mail unter  erhalten.<\/p>\n<p>\n    Mittwoch, 3. Dezember 2025<br \/>\n         | Quelle: Ayla Bakir \/ Lotus Bildungszentrum<\/p>\n","protected":false},"excerpt":{"rendered":"Foto: Lotus Bildungszentrum MiA \u2013niederschwellige Frauenkurse: Migrantinnen stark f\u00fcr den Alltag machen. In Kooperation mit dem Gymnasium Wanne&hellip;\n","protected":false},"author":2,"featured_media":619762,"comment_status":"","ping_status":"","sticky":false,"template":"","format":"standard","meta":{"footnotes":""},"categories":[1839],"tags":[7507,3364,29,30,1209],"class_list":{"0":"post-619761","1":"post","2":"type-post","3":"status-publish","4":"format-standard","5":"has-post-thumbnail","7":"category-bochum","8":"tag-bochum","9":"tag-de","10":"tag-deutschland","11":"tag-germany","12":"tag-nordrhein-westfalen"},"share_on_mastodon":{"url":"https:\/\/pubeurope.com\/@de\/115654244573446070","error":""},"_links":{"self":[{"href":"https:\/\/www.europesays.com\/de\/wp-json\/wp\/v2\/posts\/619761","targetHints":{"allow":["GET"]}}],"collection":[{"href":"https:\/\/www.europesays.com\/de\/wp-json\/wp\/v2\/posts"}],"about":[{"href":"https:\/\/www.europesays.com\/de\/wp-json\/wp\/v2\/types\/post"}],"author":[{"embeddable":true,"href":"https:\/\/www.europesays.com\/de\/wp-json\/wp\/v2\/users\/2"}],"replies":[{"embeddable":true,"href":"https:\/\/www.europesays.com\/de\/wp-json\/wp\/v2\/comments?post=619761"}],"version-history":[{"count":0,"href":"https:\/\/www.europesays.com\/de\/wp-json\/wp\/v2\/posts\/619761\/revisions"}],"wp:featuredmedia":[{"embeddable":true,"href":"https:\/\/www.europesays.com\/de\/wp-json\/wp\/v2\/media\/619762"}],"wp:attachment":[{"href":"https:\/\/www.europesays.com\/de\/wp-json\/wp\/v2\/media?parent=619761"}],"wp:term":[{"taxonomy":"category","embeddable":true,"href":"https:\/\/www.europesays.com\/de\/wp-json\/wp\/v2\/categories?post=619761"},{"taxonomy":"post_tag","embeddable":true,"href":"https:\/\/www.europesays.com\/de\/wp-json\/wp\/v2\/tags?post=619761"}],"curies":[{"name":"wp","href":"https:\/\/api.w.org\/{rel}","templated":true}]}}