{"id":619771,"date":"2025-12-03T06:40:17","date_gmt":"2025-12-03T06:40:17","guid":{"rendered":"https:\/\/www.europesays.com\/de\/619771\/"},"modified":"2025-12-03T06:40:17","modified_gmt":"2025-12-03T06:40:17","slug":"weiter-keine-gedenkstaette-fuer-deutsche-soldaten","status":"publish","type":"post","link":"https:\/\/www.europesays.com\/de\/619771\/","title":{"rendered":"Weiter keine Gedenkst\u00e4tte f\u00fcr deutsche Soldaten"},"content":{"rendered":"<p class=\"mb-6 text-xs md:text-m lg:text-l font-serif group-[.font-sans]:font-sans \">\n    Das Ganze hatte schwungvoll begonnen. Im besten deutsch-franz\u00f6sischen Einvernehmen wurde vor fast drei Jahren beschlossen, der 200 badischen Soldaten zu gedenken, die im Ersten Weltkrieg im Winterbergtunnel in der Picardie starben. H\u00e4nde wurden gesch\u00fcttelt, ein Plan geschmiedet: Bis 2025 wollte man soweit sein und im Wald bei Craonne endlich eine Gedenkst\u00e4tte mit Erinnerungs- und Namensplatte einweihen, nachdem sich der Termin 2024 wegen der Olympischen Spiele nicht halten lie\u00df.\n  <\/p>\n<ul data-module-id=\"DragDropModule\" class=\"flex flex-wrap justify-start group-[.no-bookmarks]:hidden\">\n<li class=\"mb-3 mr-3\">\n    Alexander Michel<\/p>\n<p>      Icon Haken im Kreis gesetzt<\/p>\n<p>      Icon Plus im Kreis<\/p>\n<\/li>\n<li class=\"mb-3 mr-3\">\n    Erster Weltkrieg<\/p>\n<p>      Icon Haken im Kreis gesetzt<\/p>\n<p>      Icon Plus im Kreis<\/p>\n<\/li>\n<li class=\"mb-3 mr-3\">\n    Andreas Jung<\/p>\n<p>      Icon Haken im Kreis gesetzt<\/p>\n<p>      Icon Plus im Kreis<\/p>\n<\/li>\n<\/ul>\n","protected":false},"excerpt":{"rendered":"Das Ganze hatte schwungvoll begonnen. Im besten deutsch-franz\u00f6sischen Einvernehmen wurde vor fast drei Jahren beschlossen, der 200 badischen&hellip;\n","protected":false},"author":2,"featured_media":619772,"comment_status":"","ping_status":"","sticky":false,"template":"","format":"standard","meta":{"footnotes":""},"categories":[3974],"tags":[331,332,146939,31,146941,15850,548,663,3934,3980,156,2416,13,14,15,319,146940,12,140415,81407,146938],"class_list":{"0":"post-619771","1":"post","2":"type-post","3":"status-publish","4":"format-standard","5":"has-post-thumbnail","7":"category-frankreich","8":"tag-aktuelle-nachrichten","9":"tag-aktuelle-news","10":"tag-andreas-jung","11":"tag-cdu","12":"tag-craonne","13":"tag-erster-weltkrieg","14":"tag-eu","15":"tag-europa","16":"tag-europe","17":"tag-france","18":"tag-frankreich","19":"tag-gedenkstaette","20":"tag-headlines","21":"tag-nachrichten","22":"tag-news","23":"tag-paris","24":"tag-picardie","25":"tag-schlagzeilen","26":"tag-suedkurier","27":"tag-winterberg","28":"tag-winterbergtunnel"},"share_on_mastodon":{"url":"https:\/\/pubeurope.com\/@de\/115654270968253364","error":""},"_links":{"self":[{"href":"https:\/\/www.europesays.com\/de\/wp-json\/wp\/v2\/posts\/619771","targetHints":{"allow":["GET"]}}],"collection":[{"href":"https:\/\/www.europesays.com\/de\/wp-json\/wp\/v2\/posts"}],"about":[{"href":"https:\/\/www.europesays.com\/de\/wp-json\/wp\/v2\/types\/post"}],"author":[{"embeddable":true,"href":"https:\/\/www.europesays.com\/de\/wp-json\/wp\/v2\/users\/2"}],"replies":[{"embeddable":true,"href":"https:\/\/www.europesays.com\/de\/wp-json\/wp\/v2\/comments?post=619771"}],"version-history":[{"count":0,"href":"https:\/\/www.europesays.com\/de\/wp-json\/wp\/v2\/posts\/619771\/revisions"}],"wp:featuredmedia":[{"embeddable":true,"href":"https:\/\/www.europesays.com\/de\/wp-json\/wp\/v2\/media\/619772"}],"wp:attachment":[{"href":"https:\/\/www.europesays.com\/de\/wp-json\/wp\/v2\/media?parent=619771"}],"wp:term":[{"taxonomy":"category","embeddable":true,"href":"https:\/\/www.europesays.com\/de\/wp-json\/wp\/v2\/categories?post=619771"},{"taxonomy":"post_tag","embeddable":true,"href":"https:\/\/www.europesays.com\/de\/wp-json\/wp\/v2\/tags?post=619771"}],"curies":[{"name":"wp","href":"https:\/\/api.w.org\/{rel}","templated":true}]}}