{"id":619887,"date":"2025-12-03T07:47:13","date_gmt":"2025-12-03T07:47:13","guid":{"rendered":"https:\/\/www.europesays.com\/de\/619887\/"},"modified":"2025-12-03T07:47:13","modified_gmt":"2025-12-03T07:47:13","slug":"ludwigshafen-vehra-dankt-ehrenamtlichen-zum-tag-des-ehrenamt","status":"publish","type":"post","link":"https:\/\/www.europesays.com\/de\/619887\/","title":{"rendered":"Ludwigshafen VEhRA dankt Ehrenamtlichen zum Tag des Ehrenamt"},"content":{"rendered":"<p><img loading=\"lazy\" decoding=\"async\" src=\"https:\/\/www.europesays.com\/de\/wp-content\/uploads\/2025\/12\/Banner-gute-Meldung-mrn.jpg\" alt=\"Banner gute Meldung mrn\" width=\"900\" height=\"500\" class=\"alignnone size-full wp-image-614098\"  \/>Ludwigshafen \/ Metropolregion Rhein-Neckar \u2013 Die Ehrenamtsb\u00f6rse VEhRA nutzt den 5. Dezember, den internationalen Tag des Ehrenamts, um allen Menschen in Ludwigshafen zu danken, die sich freiwillig f\u00fcr das Gemeinwohl engagieren. \u201eAnerkennung und Wertsch\u00e4tzung sind entscheidend, um das vielf\u00e4ltige ehrenamtliche Engagement lebendig zu halten\u201c, betont VEhRA-Vorsitzender J\u00fcrgen Hundemer.<\/p>\n<p>Ein Ehrenamt bedeutet offiziell die \u00dcbernahme eines \u00f6ffentlichen oder gesellschaftlichen Auftrags im Interesse der Gemeinschaft \u2013 meist ohne regul\u00e4res Einkommen, in einzelnen F\u00e4llen jedoch mit der M\u00f6glichkeit einer Aufwandsentsch\u00e4digung. Im Kern steht der Begriff jedoch f\u00fcr freiwillige und unentgeltliche T\u00e4tigkeiten, die dem Gemeinwohl dienen: ob in Vereinen, bei der Feuerwehr, in der Nachbarschaftshilfe oder in vielen weiteren Bereichen des sozialen Lebens. Ehrenamtliches Engagement er\u00f6ffnet pers\u00f6nliche Entwicklungschancen, st\u00e4rkt soziale Kontakte und erm\u00f6glicht, das gesellschaftliche Miteinander in Ludwigshafen aktiv mitzugestalten.<\/p>\n<p>Das Spektrum ehrenamtlicher Aufgaben ist breit: von der Unterst\u00fctzung sozial benachteiligter Menschen \u00fcber T\u00e4tigkeiten im Sport oder im Umweltbereich bis hin zu unterschiedlichsten Hilfsangeboten. Immer steht im Mittelpunkt, anderen zu helfen und einen Beitrag zur Gemeinschaft zu leisten, so Hundemer weiter.<\/p>\n<p>Wer ein Ehrenamt sucht oder seine Hilfe anbieten m\u00f6chte, kann sich an die zentrale Vermittlungsstelle bei der Ehrenamtsb\u00f6rse VEhRA wenden. Mehr als 25.000 Menschen engagieren sich in Ludwigshafen \u2013 viele von ihnen sogar in mehreren Vereinen und Organisationen gleichzeitig. Ihr Einsatz st\u00e4rkt den Zusammenhalt und ist f\u00fcr das Gemeinwohl der Stadt von unsch\u00e4tzbarem Wert. Ihnen allen gilt der Dank von VEhRA.<\/p>\n<p>Warum engagieren sich so viele Menschen ehrenamtlich?<br \/>Zu den wichtigsten Gr\u00fcnden z\u00e4hlen die pers\u00f6nliche Weiterentwicklung, das Erlernen neuer F\u00e4higkeiten und ein gest\u00e4rktes Selbstbewusstsein. Hinzu kommen soziale Kontakte, die M\u00f6glichkeit, neue Menschen kennenzulernen, sowie die Chance, sich f\u00fcr Herzensanliegen einzusetzen und die Gesellschaft in Ludwigshafen aktiv mitzugestalten. Auch beruflich kann ein Ehrenamt Vorteile bringen, denn es zeigt Verantwortungsbewusstsein und soziale Kompetenz.<\/p>\n<p>In Ludwigshafen gibt es zahlreiche M\u00f6glichkeiten, sich einzubringen. Viele Vereine und Einrichtungen suchen freiwillige Unterst\u00fctzerinnen und Unterst\u00fctzer. Auch die Stadt Ludwigshafen bietet verschiedene Projekte an, etwa Baum-Patenschaften. Wer sich orientieren m\u00f6chte, kann auf der digitalen Plattform von VEhRA recherchieren oder nach Terminvereinbarung eine pers\u00f6nliche Beratung in der Gesch\u00e4ftsstelle am Ludwigsplatz 10 nutzen.<\/p>\n<p>Sie interessieren sich f\u00fcr ein Ehrenamt?<br \/>\u27a1\ufe0f <a href=\"https:\/\/vehra-lu.de\" rel=\"noopener\" target=\"_blank\">https:\/\/vehra-lu.de<\/a><\/p>\n<p>Sie suchen selbst ehrenamtliche Helferinnen und Helfer?<br \/>\u27a1\ufe0f <a href=\"https:\/\/www.vehra-lu.de\/vereinsliste.html\" rel=\"noopener\" target=\"_blank\">https:\/\/www.vehra-lu.de\/vereinsliste.html<\/a><\/p>\n<p class=\"post-modified-info\">Zuletzt aktualisiert am 3. Dezember 2025, 08:39<\/p>\n","protected":false},"excerpt":{"rendered":"Ludwigshafen \/ Metropolregion Rhein-Neckar \u2013 Die Ehrenamtsb\u00f6rse VEhRA nutzt den 5. Dezember, den internationalen Tag des Ehrenamts, um&hellip;\n","protected":false},"author":2,"featured_media":619888,"comment_status":"","ping_status":"","sticky":false,"template":"","format":"standard","meta":{"footnotes":""},"categories":[1845],"tags":[16927,1634,15252,8087,63764,3364,29,5393,72713,588,14967,548,663,3934,30,13,2917,25476,2096,9834,25488,25489,14,14480,15,2124,13883,5206,28951,12,11230,3041,61988,1250,7195,28306],"class_list":{"0":"post-619887","1":"post","2":"type-post","3":"status-publish","4":"format-standard","5":"has-post-thumbnail","7":"category-mannheim","8":"tag-anerkennung","9":"tag-baden-wuerttemberg","10":"tag-beratung","11":"tag-chance","12":"tag-dank","13":"tag-de","14":"tag-deutschland","15":"tag-ehrenamt","16":"tag-ehrenamtlichen","17":"tag-einsatz","18":"tag-engagement","19":"tag-eu","20":"tag-europa","21":"tag-europe","22":"tag-germany","23":"tag-headlines","24":"tag-hilfe","25":"tag-ludwigshafen","26":"tag-mannheim","27":"tag-menschen","28":"tag-metropolregion","29":"tag-metropolregion-rhein-neckar","30":"tag-nachrichten","31":"tag-neckar","32":"tag-news","33":"tag-ob","34":"tag-projekte","35":"tag-rhein","36":"tag-rhein-neckar","37":"tag-schlagzeilen","38":"tag-sozial","39":"tag-stadt","40":"tag-stadt-ludwigshafen","41":"tag-unterstuetzung","42":"tag-vereine","43":"tag-vorsitzender"},"share_on_mastodon":{"url":"https:\/\/pubeurope.com\/@de\/115654534601934592","error":""},"_links":{"self":[{"href":"https:\/\/www.europesays.com\/de\/wp-json\/wp\/v2\/posts\/619887","targetHints":{"allow":["GET"]}}],"collection":[{"href":"https:\/\/www.europesays.com\/de\/wp-json\/wp\/v2\/posts"}],"about":[{"href":"https:\/\/www.europesays.com\/de\/wp-json\/wp\/v2\/types\/post"}],"author":[{"embeddable":true,"href":"https:\/\/www.europesays.com\/de\/wp-json\/wp\/v2\/users\/2"}],"replies":[{"embeddable":true,"href":"https:\/\/www.europesays.com\/de\/wp-json\/wp\/v2\/comments?post=619887"}],"version-history":[{"count":0,"href":"https:\/\/www.europesays.com\/de\/wp-json\/wp\/v2\/posts\/619887\/revisions"}],"wp:featuredmedia":[{"embeddable":true,"href":"https:\/\/www.europesays.com\/de\/wp-json\/wp\/v2\/media\/619888"}],"wp:attachment":[{"href":"https:\/\/www.europesays.com\/de\/wp-json\/wp\/v2\/media?parent=619887"}],"wp:term":[{"taxonomy":"category","embeddable":true,"href":"https:\/\/www.europesays.com\/de\/wp-json\/wp\/v2\/categories?post=619887"},{"taxonomy":"post_tag","embeddable":true,"href":"https:\/\/www.europesays.com\/de\/wp-json\/wp\/v2\/tags?post=619887"}],"curies":[{"name":"wp","href":"https:\/\/api.w.org\/{rel}","templated":true}]}}