{"id":619891,"date":"2025-12-03T07:49:13","date_gmt":"2025-12-03T07:49:13","guid":{"rendered":"https:\/\/www.europesays.com\/de\/619891\/"},"modified":"2025-12-03T07:49:13","modified_gmt":"2025-12-03T07:49:13","slug":"falsche-anzeigen-und-bahn-ausfaelle-der-pendler-alltag-im-dezember","status":"publish","type":"post","link":"https:\/\/www.europesays.com\/de\/619891\/","title":{"rendered":"Falsche Anzeigen und Bahn-Ausf\u00e4lle &#8211; der Pendler-Alltag im Dezember"},"content":{"rendered":"<p class=\"mb-6 text-xs md:text-m lg:text-l font-serif group-[.font-sans]:font-sans \">\n    <a href=\"https:\/\/www.ka-news.de\/karlsruhe\/verkehr\/avg-erneuert-leitsystem-in-karlsruhe-kurzzeitige-ausfaelle-auf-fahrgastanzeigen-25-11-25-112841518\" target=\"_self\" class=\"underline \" rel=\"noopener\">Das neue Leitsystem f\u00fcr die Anzeigentafeln an den Bahngleisen wird seit 25. November umgestellt<\/a>. Auch rund eine Woche sp\u00e4ter, kann es noch zu fehlerhaften Informationen zu Bahnabfahrten in<a href=\"https:\/\/www.ka-news.de\/promis\/karlsruhe-kulturlandschaft-technologieregion-und-residenz-des-rechts-die-faecherstadt-im-ueberblick-art-2783253\" target=\"_self\" class=\"underline \" rel=\"noopener\"> Karlsruhe<\/a> und Region kommen. Das teilt die AVG in ihrem aktuellen Verkehrsticker am Montag, 1. Dezember, mit. <strong class=\"font-bold\">Fahrg\u00e4ste sollen w\u00e4hrend der eingeschr\u00e4nkten Auskunft via Anzeiger gegebenenfalls der Aushangfahrplan oder die Online-Auskunftssysteme als Alternative nutzen.<\/strong>\n  <\/p>\n<p>            KVV-Kundencenter am Hauptbahnhof am Dienstag geschlossen<\/p>\n<p class=\"mb-6 text-xs md:text-m lg:text-l font-serif group-[.font-sans]:font-sans \">\n    Wer am Hauptbahnhof pers\u00f6nliche Fragen an den <a href=\"https:\/\/www.ka-news.de\/region\/karlsruhe\/der-karlsruher-verkehrsverbund-kvv-alles-wichtige-auf-einen-blick-art-2834049\" target=\"_self\" class=\"underline \" rel=\"noopener\">Karlsruher Verkehrsverbund (KVV)<\/a> hat, musste diese am Dienstag aufschieben &#8211; oder in die Durlacher Allee fahren.<strong class=\"font-bold\"> Aufgrund von Reparaturarbeiten ist das Kundenzentrum vor dem Karlsruher Hauptbahnhof den ganzen Dienstag geschlossen.<\/strong> Ursache sind Reparaturarbeiten: Zwei defekte Scheiben und damit verbundene Sch\u00e4den an der Dachkonstruktion werden behoben.\n  <\/p>\n<p>            KVV-Kundenservice<\/p>\n<ul rel=\"\" class=\"[&amp;&gt;li]:relative list-none  [&amp;&gt;li]:pl-[1.2em] [&amp;&gt;li]:marker:text-[0] [&amp;&gt;li]:relative [&amp;&gt;li]:before:absolute [&amp;&gt;li]:before:w-3 [&amp;&gt;li]:before:h-3 [&amp;&gt;li]:before:bg-brand [&amp;&gt;li]:before:left-0 [&amp;&gt;li]:before:top-[8px] [&amp;&gt;li]:before:rounded-full  my-5\">\n<li class=\" mb-3 text-xs md:text-m lg:text-l\">Service-Hotline 0721\/61 07 58 85 (8 bis 18 Uhr)<\/li>\n<li class=\" mb-3 text-xs md:text-m lg:text-l\">KVV-Kundencenter Durlacher Allee ist ge\u00f6ffnet von 8 bis 17 Uhr. Erreichbar unter 0721\/6107-5885 (MO-FR von 8 &#8211; 18 Uhr)<\/li>\n<\/ul>\n<p>            Bahn-Ausf\u00e4lle am fr\u00fchen Dienstagmorgen<\/p>\n<p class=\"mb-6 text-xs md:text-m lg:text-l font-serif group-[.font-sans]:font-sans \">\n    In Karlsruhe und Region fielen am Dienstag, 2. Dezember, vereinzelte Fahrten aus. Auf der Linie S5 war zwischen 5 und 10 Uhr der Bereich zwischen W\u00f6rth Badepark und Pforzheim Hauptbahnhof betroffen.  Auf der S51 und S52 hat es den Bahnabschnitt zwischen Germersheim Bahnhof und S\u00f6llingen Bahnhof erwischt &#8211; zwei fr\u00fche Bahnen zwischen W\u00f6rth und Karlsruher beziehungsweise Karlsruhe und Germersheim entfielen.\n  <\/p>\n<p>            N\u00e4chtliche Bauarbeiten bei Bruchsal: SEV f\u00e4hrt<\/p>\n<p class=\"mb-6 text-xs md:text-m lg:text-l font-serif group-[.font-sans]:font-sans \">\n    Ab 8. Dezember m\u00fcssen Bahnreisende der Linien S31 und S32 am sp\u00e4ten Abend auf einen Schienenerstatzverkehr (SEV) umsteigen. <strong class=\"font-bold\">Ursache sind Instandshaltungsarbeiten entlang der Bahnstrecke zwischen Karlsruhe und Bruchsal. Der SEV verkehrt zwischen Karlsruhe Hauptbahnhof Vorplatz und Bruchsal und stoppt an allen Haltestellen.<\/strong>\n  <\/p>\n<p class=\"mb-6 text-xs md:text-m lg:text-l font-serif group-[.font-sans]:font-sans \">\n    <a href=\"https:\/\/www.avg.info\/fileadmin\/user_upload\/avg\/Dateien\/Unternehmen\/Pressemitteilung\/avg_pm_sev-fahrplan-s31-32-07-12.04.2023.pdf\" rel=\"nofollow noopener\" target=\"_blank\" class=\"underline \">SEV- Fahrplan (Externer Link)<\/a>\n  <\/p>\n<p>            Die Bauarbeiten zwischen Bruchsal und Karlsruhe finden in folgenden Zeitr\u00e4umen statt:<\/p>\n<ul rel=\"\" class=\"[&amp;&gt;li]:relative list-none  [&amp;&gt;li]:pl-[1.2em] [&amp;&gt;li]:marker:text-[0] [&amp;&gt;li]:relative [&amp;&gt;li]:before:absolute [&amp;&gt;li]:before:w-3 [&amp;&gt;li]:before:h-3 [&amp;&gt;li]:before:bg-brand [&amp;&gt;li]:before:left-0 [&amp;&gt;li]:before:top-[8px] [&amp;&gt;li]:before:rounded-full  my-5\">\n<li class=\" mb-3 text-xs md:text-m lg:text-l\">in der Nacht von Montag, 8. Dezember, auf Dienstag, 9. Dezember, von circa 22:45 Uhr bis 02:00 Uhr<br \/>In diesem Zeitraum entfallen alle Verbindungen der Linien S31 und S32 zwischen Karlsruhe und Bruchsal<\/li>\n<li class=\" mb-3 text-xs md:text-m lg:text-l\">am Mittwoch, 10. Dezember, von circa 22:45 Uhr bis 23:45 Uhr<br \/>An diesem Abend entf\u00e4llt je Fahrtrichtung eine Stadtbahnverbindung zwischen Bruchsal und Karlsruhe. Hierbei handelt es sich um folgende Fahrten (dabei entf\u00e4llt der durchgestrichene Abschnitt):  1.)\u00a0Linie S31\/S32 (Zugnummer 85168):\u00a0Karlsruhe Hbf (22:43)\u00a0\u2013 Bruchsal (23:12) \u2013 Menzingen (23:38)\/Odenheim (23:35)\u00a0und 2.)\u00a0Linie S31\/S32 (Zugnummer 85173): Menzingen (22:39)\/Odenheim (22:44) \u2013 Bruchsal (23:11) \u2013\u00a0Karlsruhe Hbf (23:32)<\/li>\n<\/ul>\n<p>            Neuer Fahrplan kommt am 14. Dezember<\/p>\n<p class=\"mb-6 text-xs md:text-m lg:text-l font-serif group-[.font-sans]:font-sans \">\n    Gr\u00f6\u00dfere und kleinere \u00c4nderungen im KVV-Gebiet gibt es vor Weihnachten zum Fahrplanwechsel &#8211; diesmal am 14. Dezember 2025. <strong class=\"font-bold\">Gro\u00dfe \u00c4nderungen gibt es laut KVV vor allem bei zahlreichen Buslinien, darunter der Linie 62\/70 und 71. Bei den Stra\u00dfenbahnen gibt es Anpassungen auf den Linien 1 und S2<\/strong>. Bei den AVG-Bahnen \u00e4ndern sich Z\u00fcge der Linien S1\/S11, S31\/S32, S5, S51\/S52, S7\/S71 und S4\/S41\/S42.\n  <\/p>\n<p class=\"mb-6 text-xs md:text-m lg:text-l font-serif group-[.font-sans]:font-sans \">\n    <a href=\"https:\/\/www.avg.info\/unternehmen\/presse\/pressemitteilungen\/meldungen\/kvv-und-verkehrsunternehmen-optimieren-mobilitaetsangebot-fuer-ihre-fahrgaeste.html?utm_campaign=Pressemitteilung\" rel=\"nofollow noopener\" target=\"_blank\" class=\"underline \">Die gesamten Fahrplan-\u00c4nderungen (Externer Link)<\/a>\n  <\/p>\n<ul data-module-id=\"DragDropModule\" class=\"flex flex-wrap justify-start group-[.no-bookmarks]:hidden\">\n<li class=\"mb-3 mr-3\">\n    Corina Bohner<\/p>\n<p>      Icon Haken im Kreis gesetzt<\/p>\n<p>      Icon Plus im Kreis<\/p>\n<\/li>\n<li class=\"mb-3 mr-3\">\n    Karlsruhe<\/p>\n<p>      Icon Haken im Kreis gesetzt<\/p>\n<p>      Icon Plus im Kreis<\/p>\n<\/li>\n<li class=\"mb-3 mr-3\">\n    AVG<\/p>\n<p>      Icon Haken im Kreis gesetzt<\/p>\n<p>      Icon Plus im Kreis<\/p>\n<\/li>\n<\/ul>\n","protected":false},"excerpt":{"rendered":"Das neue Leitsystem f\u00fcr die Anzeigentafeln an den Bahngleisen wird seit 25. November umgestellt. Auch rund eine Woche&hellip;\n","protected":false},"author":2,"featured_media":325653,"comment_status":"","ping_status":"","sticky":false,"template":"","format":"standard","meta":{"footnotes":""},"categories":[1844],"tags":[146984,2161,1634,2461,82877,3364,29,144295,30,8903,10294,4125,2898,26148],"class_list":{"0":"post-619891","1":"post","2":"type-post","3":"status-publish","4":"format-standard","5":"has-post-thumbnail","7":"category-karlsruhe","8":"tag-anzeigesystem","9":"tag-avg","10":"tag-baden-wuerttemberg","11":"tag-baustelle","12":"tag-bruchsal","13":"tag-de","14":"tag-deutschland","15":"tag-fahrtausfall","16":"tag-germany","17":"tag-karlsruhe","18":"tag-krankheitswelle","19":"tag-pendler","20":"tag-verspaetung","21":"tag-woerth"},"share_on_mastodon":{"url":"https:\/\/pubeurope.com\/@de\/115654542258443751","error":""},"_links":{"self":[{"href":"https:\/\/www.europesays.com\/de\/wp-json\/wp\/v2\/posts\/619891","targetHints":{"allow":["GET"]}}],"collection":[{"href":"https:\/\/www.europesays.com\/de\/wp-json\/wp\/v2\/posts"}],"about":[{"href":"https:\/\/www.europesays.com\/de\/wp-json\/wp\/v2\/types\/post"}],"author":[{"embeddable":true,"href":"https:\/\/www.europesays.com\/de\/wp-json\/wp\/v2\/users\/2"}],"replies":[{"embeddable":true,"href":"https:\/\/www.europesays.com\/de\/wp-json\/wp\/v2\/comments?post=619891"}],"version-history":[{"count":0,"href":"https:\/\/www.europesays.com\/de\/wp-json\/wp\/v2\/posts\/619891\/revisions"}],"wp:featuredmedia":[{"embeddable":true,"href":"https:\/\/www.europesays.com\/de\/wp-json\/wp\/v2\/media\/325653"}],"wp:attachment":[{"href":"https:\/\/www.europesays.com\/de\/wp-json\/wp\/v2\/media?parent=619891"}],"wp:term":[{"taxonomy":"category","embeddable":true,"href":"https:\/\/www.europesays.com\/de\/wp-json\/wp\/v2\/categories?post=619891"},{"taxonomy":"post_tag","embeddable":true,"href":"https:\/\/www.europesays.com\/de\/wp-json\/wp\/v2\/tags?post=619891"}],"curies":[{"name":"wp","href":"https:\/\/api.w.org\/{rel}","templated":true}]}}