{"id":619896,"date":"2025-12-03T07:52:25","date_gmt":"2025-12-03T07:52:25","guid":{"rendered":"https:\/\/www.europesays.com\/de\/619896\/"},"modified":"2025-12-03T07:52:25","modified_gmt":"2025-12-03T07:52:25","slug":"herford-kinder-schmuecken-weihnachtsbaeume-in-der-innenstadt","status":"publish","type":"post","link":"https:\/\/www.europesays.com\/de\/619896\/","title":{"rendered":"Herford: Kinder schm\u00fccken Weihnachtsb\u00e4ume in der Innenstadt"},"content":{"rendered":"<p>Das Schm\u00fccken der Weihnachtsb\u00e4ume in der Herforder Innenstadt ist auch dieses Jahr wieder Thema der Kinder.<\/p>\n<p>Kreatives Basteln in Kindertagesst\u00e4tten<\/p>\n<p>In rund 30 Kindertagesst\u00e4tten wurde deswegen in den vergangenen Wochen reichlich gebastelt.<\/p>\n<p>Traditionelles Dekorieren der Innenstadt<\/p>\n<p>Seit Jahren ist es Brauch, dass die Herforder Einzelh\u00e4ndler zusammen mit den Kita-Kindern alle 40 B\u00e4ume in der City dekorieren.<\/p>\n<p>Dank f\u00fcr Engagement der Kinder<\/p>\n<p>Als Dankesch\u00f6n bekommen die Kleinen Geschenke. Das Schm\u00fccken geht noch bis Ende der Woche.<\/p>\n","protected":false},"excerpt":{"rendered":"Das Schm\u00fccken der Weihnachtsb\u00e4ume in der Herforder Innenstadt ist auch dieses Jahr wieder Thema der Kinder. Kreatives Basteln&hellip;\n","protected":false},"author":2,"featured_media":619897,"comment_status":"","ping_status":"","sticky":false,"template":"","format":"standard","meta":{"footnotes":""},"categories":[1841],"tags":[17274,1605,3364,29,17169,30,16398,11628,1209,138271],"class_list":{"0":"post-619896","1":"post","2":"type-post","3":"status-publish","4":"format-standard","5":"has-post-thumbnail","7":"category-bielefeld","8":"tag-brauchtum","9":"tag-bielefeld","10":"tag-de","11":"tag-deutschland","12":"tag-einzelhaendler","13":"tag-germany","14":"tag-herford","15":"tag-kindertagesstaetten","16":"tag-nordrhein-westfalen","17":"tag-weihnachtsdekoration"},"share_on_mastodon":{"url":"https:\/\/pubeurope.com\/@de\/115654554098614725","error":""},"_links":{"self":[{"href":"https:\/\/www.europesays.com\/de\/wp-json\/wp\/v2\/posts\/619896","targetHints":{"allow":["GET"]}}],"collection":[{"href":"https:\/\/www.europesays.com\/de\/wp-json\/wp\/v2\/posts"}],"about":[{"href":"https:\/\/www.europesays.com\/de\/wp-json\/wp\/v2\/types\/post"}],"author":[{"embeddable":true,"href":"https:\/\/www.europesays.com\/de\/wp-json\/wp\/v2\/users\/2"}],"replies":[{"embeddable":true,"href":"https:\/\/www.europesays.com\/de\/wp-json\/wp\/v2\/comments?post=619896"}],"version-history":[{"count":0,"href":"https:\/\/www.europesays.com\/de\/wp-json\/wp\/v2\/posts\/619896\/revisions"}],"wp:featuredmedia":[{"embeddable":true,"href":"https:\/\/www.europesays.com\/de\/wp-json\/wp\/v2\/media\/619897"}],"wp:attachment":[{"href":"https:\/\/www.europesays.com\/de\/wp-json\/wp\/v2\/media?parent=619896"}],"wp:term":[{"taxonomy":"category","embeddable":true,"href":"https:\/\/www.europesays.com\/de\/wp-json\/wp\/v2\/categories?post=619896"},{"taxonomy":"post_tag","embeddable":true,"href":"https:\/\/www.europesays.com\/de\/wp-json\/wp\/v2\/tags?post=619896"}],"curies":[{"name":"wp","href":"https:\/\/api.w.org\/{rel}","templated":true}]}}