{"id":619914,"date":"2025-12-03T08:05:13","date_gmt":"2025-12-03T08:05:13","guid":{"rendered":"https:\/\/www.europesays.com\/de\/619914\/"},"modified":"2025-12-03T08:05:13","modified_gmt":"2025-12-03T08:05:13","slug":"deutschland-bekommt-ersten-asterix-freizeitpark-ausserhalb-frankreichs-2","status":"publish","type":"post","link":"https:\/\/www.europesays.com\/de\/619914\/","title":{"rendered":"Deutschland bekommt ersten Asterix-Freizeitpark au\u00dferhalb Frankreichs"},"content":{"rendered":"<p>Der franz\u00f6sische Freizeitparkbetreiber &#8222;Compagnie des Alpes&#8220; will bis zum Jahr 2031 den ersten Asterix-Park au\u00dferhalb Frankreichs er\u00f6ffnen. Wie die Nachrichtenagentur AFP berichtet, wird die neue Anlage auf dem Gel\u00e4nde des im April erworbenen deutschen Freizeitparks Belantis s\u00fcdlich von Leipzig entstehen. Die Umwandlung soll schrittweise erfolgen. Geplant sei, dass der erste Bereich, der Id\u00e9fix, dem Hund von Ob\u00e9lix, gewidmet ist, bereits im Fr\u00fchjahr 2026 er\u00f6ffnet. Was die Anzahl der verkauften Asterix-Comics angeht, ist Deutschland demnach der zweitgr\u00f6\u00dfte Markt direkt hinter Frankreich. Auch sei Deutschland der zweitgr\u00f6\u00dfte europ\u00e4ische Markt f\u00fcr Freizeitparks. Der Asterix-Park entsteht den Angaben zufoge in Absprache mit dem Verlag Albert Ren\u00e9, der die Astrix-Comics herausbringt.<\/p>\n","protected":false},"excerpt":{"rendered":"Der franz\u00f6sische Freizeitparkbetreiber &#8222;Compagnie des Alpes&#8220; will bis zum Jahr 2031 den ersten Asterix-Park au\u00dferhalb Frankreichs er\u00f6ffnen. Wie&hellip;\n","protected":false},"author":2,"featured_media":617586,"comment_status":"","ping_status":"","sticky":false,"template":"","format":"standard","meta":{"footnotes":""},"categories":[3974],"tags":[331,332,548,663,3934,3980,156,13,14,15,12],"class_list":{"0":"post-619914","1":"post","2":"type-post","3":"status-publish","4":"format-standard","5":"has-post-thumbnail","7":"category-frankreich","8":"tag-aktuelle-nachrichten","9":"tag-aktuelle-news","10":"tag-eu","11":"tag-europa","12":"tag-europe","13":"tag-france","14":"tag-frankreich","15":"tag-headlines","16":"tag-nachrichten","17":"tag-news","18":"tag-schlagzeilen"},"share_on_mastodon":{"url":"https:\/\/pubeurope.com\/@de\/115654605058597098","error":""},"_links":{"self":[{"href":"https:\/\/www.europesays.com\/de\/wp-json\/wp\/v2\/posts\/619914","targetHints":{"allow":["GET"]}}],"collection":[{"href":"https:\/\/www.europesays.com\/de\/wp-json\/wp\/v2\/posts"}],"about":[{"href":"https:\/\/www.europesays.com\/de\/wp-json\/wp\/v2\/types\/post"}],"author":[{"embeddable":true,"href":"https:\/\/www.europesays.com\/de\/wp-json\/wp\/v2\/users\/2"}],"replies":[{"embeddable":true,"href":"https:\/\/www.europesays.com\/de\/wp-json\/wp\/v2\/comments?post=619914"}],"version-history":[{"count":0,"href":"https:\/\/www.europesays.com\/de\/wp-json\/wp\/v2\/posts\/619914\/revisions"}],"wp:featuredmedia":[{"embeddable":true,"href":"https:\/\/www.europesays.com\/de\/wp-json\/wp\/v2\/media\/617586"}],"wp:attachment":[{"href":"https:\/\/www.europesays.com\/de\/wp-json\/wp\/v2\/media?parent=619914"}],"wp:term":[{"taxonomy":"category","embeddable":true,"href":"https:\/\/www.europesays.com\/de\/wp-json\/wp\/v2\/categories?post=619914"},{"taxonomy":"post_tag","embeddable":true,"href":"https:\/\/www.europesays.com\/de\/wp-json\/wp\/v2\/tags?post=619914"}],"curies":[{"name":"wp","href":"https:\/\/api.w.org\/{rel}","templated":true}]}}