{"id":619999,"date":"2025-12-03T09:04:15","date_gmt":"2025-12-03T09:04:15","guid":{"rendered":"https:\/\/www.europesays.com\/de\/619999\/"},"modified":"2025-12-03T09:04:15","modified_gmt":"2025-12-03T09:04:15","slug":"protagonistin-bei-wm-auslosung-heidi-klum-feiert-ueberraschendes-comeback","status":"publish","type":"post","link":"https:\/\/www.europesays.com\/de\/619999\/","title":{"rendered":"Protagonistin bei WM-Auslosung: Heidi Klum feiert \u00fcberraschendes Comeback"},"content":{"rendered":"<p>Protagonistin bei WM-AuslosungHeidi Klum feiert \u00fcberraschendes Comeback<img decoding=\"async\" class=\"Image_img__fQCi0 Image_Img_16_9__4BLfH widget-picture-inline_maximizable__t_E7h\" loading=\"eager\" fetchpriority=\"high\" src=\"https:\/\/www.europesays.com\/de\/wp-content\/uploads\/2025\/12\/Supermodel-Heidi-Klum-wird-die-Auslosung-zur-Endrunde-der-Fussball-WM-2026-moderieren.webp.webp\" alt=\"Supermodel-Heidi-Klum-wird-die-Auslosung-zur-Endrunde-der-Fussball-WM-2026-moderieren\"\/>Supermodel Heidi Klum wird die Auslosung zur Endrunde der Fu\u00dfball-WM 2026 moderieren. TeilenFolgen auf:<a href=\"https:\/\/www.whatsapp.com\/channel\/0029Va5cdVJD8SDp5YZgYF01\" title=\"Auf WhatsApp folgen\" target=\"_blank\" rel=\"noopener\"><img decoding=\"async\" src=\"https:\/\/www.n-tv.de\/socialIcons\/whatsapp.svg\" alt=\"whatsapp\" class=\"ArticleShare_icon__FsrC2\"\/><\/a><a href=\"https:\/\/news.google.com\/publications\/CAAiEPMdif5mpRNxiLOeUpHCwwsqFAgKIhDzHYn-ZqUTcYiznlKRwsML?hl=de&amp;gl=DE&amp;ceid=DE%3Ade\" title=\"Auf Google News folgen\" target=\"_blank\" rel=\"noopener\"><img decoding=\"async\" src=\"https:\/\/www.n-tv.de\/socialIcons\/google.svg\" alt=\"whatsapp\" class=\"ArticleShare_icon__FsrC2\"\/><\/a><\/p>\n<p class=\"Typography_text-m__XI0da Typography_weight-bold__uT6mq storyline_lead_text_leadtext__q_wg8\">Die Gruppen-Auslosung zur Fu\u00dfball-WM im kommenden Jahr bringt maximale Spannung: Deutschland trifft in der Vorrunde zwar nicht auf eine Top-Nation. Aber der Turnierweg hat viele gro\u00dfe Herausforderungen. Das sp\u00fcrt auch der Bundestrainer.<\/p>\n<p class=\"Typography_text-default__P3otY Typography_weight-normal__pqUbH storyline_paragraph_p__qSR5N\">Vor dem Abflug zur Gruppenauslosung nach Washington w\u00e4chst auch bei Julian Nagelsmann die WM-Anspannung. &#8222;Man sp\u00fcrt das Kribbeln im K\u00f6rper, die Vorfreude steigt und wir k\u00f6nnen auf allen Ebenen voll in die Vorbereitung einsteigen&#8220;, sagte der Bundestrainer der Deutschen Presse-Agentur vor der gro\u00dfen Los-Zeremonie am Freitag (18 Uhr im Liveticker bei ntv.de).<\/p>\n<p class=\"Typography_text-default__P3otY Typography_weight-normal__pqUbH storyline_paragraph_p__qSR5N\">In der US-Hauptstadt werden bei einer Super-Gala mit US-Pr\u00e4sident Donald Trump als Stargast, Moderatorin Heidi Klum und Robbie Williams und Nicole Scherzinger als Show-Act die drei Gruppengegner der Fu\u00dfball-Nationalmannschaft f\u00fcr die Endrunde 2026 und der m\u00f6gliche Turnier-Weg bis zum Finale am 19. Juli 2026 in East Rutherford bei New York bestimmt. Klum wird gemeinsam mit den Schauspielern Kevin Hart und Danny Ramirez f\u00fchren, wie die FIFA mitteilte.<\/p>\n<p>&#8222;Unglaubliche Ehre, wieder Teil dieser Magie zu sein&#8220;<\/p>\n<p class=\"Typography_text-default__P3otY Typography_weight-normal__pqUbH storyline_paragraph_p__qSR5N\">Heidi Klum hatte bereits bei der Auslosung zur WM 2006 in Deutschland mit Reinhold Beckmann auf der B\u00fchne gestanden. &#8222;Nachdem ich bereits vor zwanzig Jahren in meinem Heimatland an dieser Show beteiligt war, ist es etwas ganz Besonderes, nun erneut die Auslosung zu moderieren&#8220;, sagte Klum: &#8222;Die WM eint die Welt wie nichts anderes, und es ist eine unglaubliche Ehre, wieder Teil dieser Magie zu sein \u2013 dieses Mal auf einer noch viel gr\u00f6\u00dferen B\u00fchne mit drei Gastgeberl\u00e4ndern und 48 Mannschaften.&#8220;<\/p>\n<p class=\"Typography_text-default__P3otY Typography_weight-normal__pqUbH storyline_paragraph_p__qSR5N\">Nagelsmann reist am Donnerstag mit Verbandspr\u00e4sident Bernd Neuendorf und Sportdirektor Rudi V\u00f6ller an der Spitze einer DFB-Delegation nach Washington. &#8222;Die WM schien bisher noch etwas weiter weg &#8211; nicht nur geografisch. Mit der Auslosung, wenn wir unsere Gegner und Spielorte kennen, r\u00fcckt sie sp\u00fcrbar n\u00e4her&#8220;, sagte Nagelsmann vor dem Event im John F. Kennedy Center for the Performing Arts unweit vom Wei\u00dfen Haus<\/p>\n<p>Kein Duell mit Top-Nation<\/p>\n<p class=\"Typography_text-default__P3otY Typography_weight-normal__pqUbH storyline_paragraph_p__qSR5N\">Der Bundestrainer wird nach der Auslosung und der f\u00fcr Samstag (18 Uhr) von der FIFA geplanten Bekanntgabe der Spielorte f\u00fcr alle 72 Gruppenspiele noch in Amerika bleiben, um das m\u00f6gliche Teamquartier der DFB-Elf zu inspizieren. &#8222;Dieses Turnier bleibt auch logistisch eine Herausforderung &#8211; f\u00fcr uns und f\u00fcr unsere Fans, auf deren Unterst\u00fctzung wir uns bei der WM sehr freuen. Wir wissen es sehr zu sch\u00e4tzen, wie viel sie n\u00e4chstes Jahr auf sich nehmen werden, um dabei sein zu k\u00f6nnen&#8220;, sagte Nagelsmann.<\/p>\n<p class=\"Typography_text-default__P3otY Typography_weight-normal__pqUbH storyline_paragraph_p__qSR5N\">Deutschland ist bei der Lose-Show als Weltranglisten-Neunter im Topf 1 gesetzt. Das ist wichtig, weil damit feststeht, dass man in der Gruppenphase nicht auf die besten Teams der Welt treffen kann. Im selben Topf sind auch Spanien, Argentinien, Frankreich, England, Brasilien, Portugal, die Niederlande, Belgien sowie die drei Gastgeber USA, Mexiko und Kanada. Diese Teams k\u00f6nnen fr\u00fchestens in der K.o.-Phase zum DFB-Gegner werden.<\/p>\n<p>Robuste Gegner und Haaland drohen<\/p>\n<p class=\"Typography_text-default__P3otY Typography_weight-normal__pqUbH storyline_paragraph_p__qSR5N\">M\u00f6gliche schwere Kontrahenten sind aus Topf 2 die als robust bekannten Teams aus Kolumbien und Uruguay, in Topf 3 lauert Norwegen mit Superstar Erling Haaland als potenzieller Kontrahent. Und im schlechtesten Topf 4 sind, weil noch nicht fix qualifiziert, die Italiener mit allen anderen Playoff-Teams. Es kann also schwierig werden f\u00fcr Nagelsmann.<\/p>\n<p class=\"Typography_text-default__P3otY Typography_weight-normal__pqUbH storyline_paragraph_p__qSR5N\">Gegen die USA wird Deutschland aber seine WM-Generalprobe bestreiten, wie der DFB kurz vor der Auslosung bekanntgab. Am 6. Juni (20.30 Uhr) wird im Soldier Field von Chicago gespielt. In die US-Metropole reist die DFB-Auswahl nach dem Test gegen Finnland am 31. Mai (20.45 Uhr) in Mainz, um sich rechtzeitig in Amerika zu akklimatisieren.<\/p>\n<p class=\"Typography_text-s__wu_cm Typography_weight-normal__pqUbH Typography_color-darkgrey__sZEnP article-detail-footer_source__KslPc\">Quelle: ntv.de, tno\/dpa<\/p>\n","protected":false},"excerpt":{"rendered":"Protagonistin bei WM-AuslosungHeidi Klum feiert \u00fcberraschendes ComebackSupermodel Heidi Klum wird die Auslosung zur Endrunde der Fu\u00dfball-WM 2026 moderieren.&hellip;\n","protected":false},"author":2,"featured_media":620000,"comment_status":"","ping_status":"","sticky":false,"template":"","format":"standard","meta":{"footnotes":""},"categories":[136],"tags":[29,481,106,347,31007,38029,30,5135,2602,265],"class_list":{"0":"post-619999","1":"post","2":"type-post","3":"status-publish","4":"format-standard","5":"has-post-thumbnail","7":"category-sport","8":"tag-deutschland","9":"tag-dfb","10":"tag-donald-trump","11":"tag-fussball","12":"tag-fussball-nationalmannschaft","13":"tag-fussball-wm-2026","14":"tag-germany","15":"tag-heidi-klum","16":"tag-julian-nagelsmann","17":"tag-sport"},"share_on_mastodon":{"url":"https:\/\/pubeurope.com\/@de\/115654838758910432","error":""},"_links":{"self":[{"href":"https:\/\/www.europesays.com\/de\/wp-json\/wp\/v2\/posts\/619999","targetHints":{"allow":["GET"]}}],"collection":[{"href":"https:\/\/www.europesays.com\/de\/wp-json\/wp\/v2\/posts"}],"about":[{"href":"https:\/\/www.europesays.com\/de\/wp-json\/wp\/v2\/types\/post"}],"author":[{"embeddable":true,"href":"https:\/\/www.europesays.com\/de\/wp-json\/wp\/v2\/users\/2"}],"replies":[{"embeddable":true,"href":"https:\/\/www.europesays.com\/de\/wp-json\/wp\/v2\/comments?post=619999"}],"version-history":[{"count":0,"href":"https:\/\/www.europesays.com\/de\/wp-json\/wp\/v2\/posts\/619999\/revisions"}],"wp:featuredmedia":[{"embeddable":true,"href":"https:\/\/www.europesays.com\/de\/wp-json\/wp\/v2\/media\/620000"}],"wp:attachment":[{"href":"https:\/\/www.europesays.com\/de\/wp-json\/wp\/v2\/media?parent=619999"}],"wp:term":[{"taxonomy":"category","embeddable":true,"href":"https:\/\/www.europesays.com\/de\/wp-json\/wp\/v2\/categories?post=619999"},{"taxonomy":"post_tag","embeddable":true,"href":"https:\/\/www.europesays.com\/de\/wp-json\/wp\/v2\/tags?post=619999"}],"curies":[{"name":"wp","href":"https:\/\/api.w.org\/{rel}","templated":true}]}}