{"id":620314,"date":"2025-12-03T12:29:26","date_gmt":"2025-12-03T12:29:26","guid":{"rendered":"https:\/\/www.europesays.com\/de\/620314\/"},"modified":"2025-12-03T12:29:26","modified_gmt":"2025-12-03T12:29:26","slug":"hwk-muenster-und-lwl-staerken-inklusion","status":"publish","type":"post","link":"https:\/\/www.europesays.com\/de\/620314\/","title":{"rendered":"HWK M\u00fcnster und LWL st\u00e4rken Inklusion"},"content":{"rendered":"\n<p class=\"short-info\">Anl\u00e4sslich des Internationalen Tages der Menschen mit Behinderungen hebt die Handwerkskammer M\u00fcnster die Bedeutung inklusiver Besch\u00e4ftigung hervor.<\/p>\n<p>                                                                                                                                                                                                                                                                                                                                                                         <img decoding=\"async\" alt=\"Gesch\u00e4ftsf\u00fchrer Markus Hartmann begr\u00fc\u00dft Zornitza Ivanov als neue Inklusionsberaterin bei der Handwerkskammer M\u00fcnster. Foto: \u00a9 Teamfoto Marquardt\" title=\"Gesch\u00e4ftsf\u00fchrer Markus Hartmann begr\u00fc\u00dft Zornitza Ivanov als neue Inklusionsberaterin bei der Handwerkskammer M\u00fcnster. Foto: \u00a9 Teamfoto Marquardt\" src=\"https:\/\/www.europesays.com\/de\/wp-content\/uploads\/2025\/12\/1764764966_325_\"\/>Gesch\u00e4ftsf\u00fchrer Markus Hartmann begr\u00fc\u00dft Zornitza Ivanov als neue Inklusionsberaterin bei der Handwerkskammer M\u00fcnster. Foto: \u00a9 Teamfoto Marquardt<\/p>\n<p>&#8222;Inklusion ist nicht nur sozial, sie ist auch wirtschaftlich sinnvoll&#8220; \u2013 davon ist man bei der Handwerkskammer M\u00fcnster nicht nur anl\u00e4sslich des Internationalen Tages der Menschen mit Behinderung am 3. Dezember sicher. Die Kammer hat ihr Engagement weiter ausgebaut: Die Inklusionsberatung wurde um eine zus\u00e4tzliche Expertin erg\u00e4nzt \u2013\u00a0<strong>Zornitza Ivanov<\/strong> verst\u00e4rkt nun die Arbeit von <strong>Claudia Stremming und J\u00f6rg Janzen<\/strong>. Das Dreierteam unterst\u00fctzt Inklusionsbetriebe aller Branchen in ganz Westfalen bei betriebswirtschaftlichen Fragestellungen. Der Service, der auf verbesserte berufliche Perspektiven bei Behinderung abzielt, wird in Zusammenarbeit mit dem LWL-Inklusionsamt Arbeit angeboten. Gleiches gilt f\u00fcr die ebenfalls bei der Handwerkskammer angesiedelte Fachberatung f\u00fcr Inklusion im Rahmen der &#8222;Einheitlichen Ansprechstellen f\u00fcr Arbeitgeber&#8220; (EAA). Hier ber\u00e4t Annette Averesch Handwerksbetriebe, die Menschen mit Behinderungen besch\u00e4ftigen oder ausbilden m\u00f6chten, etwa zu finanziellen Unterst\u00fctzungsm\u00f6glichkeiten, rechtlichen Bedingungen und zur Gestaltung geeigneter Arbeitspl\u00e4tze.\u00a0LWL-Sozialdezernent Mehmet Ali betont: &#8222;Wir lassen niemanden zur\u00fcck. Das ist demokratischer Kern und gesellschaftlicher Auftrag zugleich. Die enge Kooperation zwischen LWL und Handwerkskammer M\u00fcnster zeigt, was m\u00f6glich ist, wenn wir Barrieren nicht nur beklagen, sondern abbauen. Jeder geschaffene Arbeitsplatz ist ein Sieg f\u00fcr W\u00fcrde, Selbstbestimmung und soziale Gerechtigkeit.&#8220;<\/p>\n<p>F\u00fcr die Handwerkskammer geh\u00f6rt Inklusion zu einer zukunftsorientierten Personalstrategie von Unternehmen. &#8222;Hier gibt es einen gro\u00dfen, oft \u00fcbersehenen Talentpool f\u00fcr die Fachkr\u00e4ftegewinnung&#8220;, sagt Gesch\u00e4ftsf\u00fchrer Markus Hartmann. Inklusion bedeute, Menschen mit Behinderungen als gleichwertige Fachkr\u00e4fte in den Arbeitsalltag einzubeziehen. Das k\u00f6nne auch das Image st\u00e4rken.\u00a0Eine aktuelle Blitzumfrage der Handwerkskammer, an der 185 Handwerksbetriebe aus dem Kammerbezirk teilgenommen haben, zeichnet ein deutliches Stimmungsbild. Jeder Zehnte gibt an, dass eine Inhaberin oder ein Inhaber eine anerkannte Behinderung hat. Fast die H\u00e4lfte der befragten Unternehmen besch\u00e4ftigt bereits Menschen mit Behinderung. Die Besch\u00e4ftigung erfolgt in verschiedenen Bereichen, vor allem in der Produktion und in der Verwaltung. 57 Prozent berichten von \u00fcberwiegend positiven oder sehr positiven Erfahrungen.<\/p>\n<p> Hoher Informationsbedarf <\/p>\n<p>Gleichzeitig zeigt die Umfrage einen hohen Informationsbedarf: Jeder siebte Betrieb w\u00fcnscht sich Orientierung, vor allem zu F\u00f6rderm\u00f6glichkeiten und Recht. Jeder F\u00fcnfte plant die Einstellung von Menschen mit Behinderungen. 39 Prozent sind diesbez\u00fcglich noch unentschlossen. Die Ergebnisse verdeutlichten, dass Inklusion im Handwerk bereits erfolgreich praktiziert wird, aber weitere Unterst\u00fctzung weiterhin notwendig bleibe, kommentiert die HWK.<\/p>\n<p>In Westfalen-Lippe sind rund 25.000 schwerbehinderte Menschen arbeitslos. Etwa 170 Inklusionsbetriebe und -abteilungen, darunter 19 Handwerksunternehmen im Kammerbezirk M\u00fcnster, besch\u00e4ftigen insgesamt 4.350 Mitarbeiter, wovon die H\u00e4lfte Menschen mit Behinderungen sind. Der LWL finanziert das Beratungsangebot der Handwerkskammer, das den Betrieben kostenfrei zur Verf\u00fcgung steht.\u00a0<\/p>\n<p>\u00a0<\/p>\n<p><strong>Hintergrund: Inklusion<\/strong>\u00a0<a href=\"https:\/\/www.hwk-muenster.de\/inklusion\" target=\"_blank\" rel=\"nofollow noopener\"><strong>Hier gibt es alle weiteren Infos der Handwerkskammer M\u00fcnster rund um das Thema Inklusion.<\/strong><\/a>\u00a0<\/p>\n<p><strong>DHB jetzt auch digital!<\/strong><a href=\"https:\/\/www.digithek.de\/hb-handwerksblatt\" target=\"_blank\" rel=\"nofollow noopener\">Einfach hier klicken und f\u00fcr das digitale Deutsche Handwerksblatt (DHB) registrieren!<\/a><a href=\"https:\/\/www.handwerksblatt.de\/die-handwerkskammern-in-deutschland\/hwk-munster\" target=\"_self\" rel=\"nofollow noopener\">Weitere Meldungen aus dem Bezirk der Handwerkskammer M\u00fcnster<\/a><\/p>\n<p>                                                                                              Text: Handwerkskammer M\u00fcnster \/ handwerksblatt.de                                                                                                                                                                                                                                                      <\/p>\n","protected":false},"excerpt":{"rendered":"Anl\u00e4sslich des Internationalen Tages der Menschen mit Behinderungen hebt die Handwerkskammer M\u00fcnster die Bedeutung inklusiver Besch\u00e4ftigung hervor. Gesch\u00e4ftsf\u00fchrer&hellip;\n","protected":false},"author":2,"featured_media":620315,"comment_status":"","ping_status":"","sticky":false,"template":"","format":"standard","meta":{"footnotes":""},"categories":[1843],"tags":[3364,29,30,8970,1209],"class_list":{"0":"post-620314","1":"post","2":"type-post","3":"status-publish","4":"format-standard","5":"has-post-thumbnail","7":"category-muenster","8":"tag-de","9":"tag-deutschland","10":"tag-germany","11":"tag-muenster","12":"tag-nordrhein-westfalen"},"share_on_mastodon":{"url":"https:\/\/pubeurope.com\/@de\/115655645853401288","error":""},"_links":{"self":[{"href":"https:\/\/www.europesays.com\/de\/wp-json\/wp\/v2\/posts\/620314","targetHints":{"allow":["GET"]}}],"collection":[{"href":"https:\/\/www.europesays.com\/de\/wp-json\/wp\/v2\/posts"}],"about":[{"href":"https:\/\/www.europesays.com\/de\/wp-json\/wp\/v2\/types\/post"}],"author":[{"embeddable":true,"href":"https:\/\/www.europesays.com\/de\/wp-json\/wp\/v2\/users\/2"}],"replies":[{"embeddable":true,"href":"https:\/\/www.europesays.com\/de\/wp-json\/wp\/v2\/comments?post=620314"}],"version-history":[{"count":0,"href":"https:\/\/www.europesays.com\/de\/wp-json\/wp\/v2\/posts\/620314\/revisions"}],"wp:featuredmedia":[{"embeddable":true,"href":"https:\/\/www.europesays.com\/de\/wp-json\/wp\/v2\/media\/620315"}],"wp:attachment":[{"href":"https:\/\/www.europesays.com\/de\/wp-json\/wp\/v2\/media?parent=620314"}],"wp:term":[{"taxonomy":"category","embeddable":true,"href":"https:\/\/www.europesays.com\/de\/wp-json\/wp\/v2\/categories?post=620314"},{"taxonomy":"post_tag","embeddable":true,"href":"https:\/\/www.europesays.com\/de\/wp-json\/wp\/v2\/tags?post=620314"}],"curies":[{"name":"wp","href":"https:\/\/api.w.org\/{rel}","templated":true}]}}