{"id":620420,"date":"2025-12-03T13:33:11","date_gmt":"2025-12-03T13:33:11","guid":{"rendered":"https:\/\/www.europesays.com\/de\/620420\/"},"modified":"2025-12-03T13:33:11","modified_gmt":"2025-12-03T13:33:11","slug":"redseelig-gespraechsangebot-rund-um-seelische-gesundheit-und-psychische-krisen-am-donnerstag-11-dezember-2025-in-borken","status":"publish","type":"post","link":"https:\/\/www.europesays.com\/de\/620420\/","title":{"rendered":"\u201eredSEELig\u201c: Gespr\u00e4chsangebot rund um seelische Gesundheit und psychische Krisen am Donnerstag, 11. Dezember 2025, in Borken"},"content":{"rendered":"<p>Teilnahme ist kostenlos \/ Anmeldung nicht erforderlich<\/p>\n<p>\u201eHoffnung. Macht. Sinn. \u2013 Macht Hoffnung Sinn?\u201c \u2013 mit dieser Frage besch\u00e4ftigten sich die G\u00e4ste der Veranstaltung der Reihe \u201eredSEELig\u201c am Donnerstag, 11. Dezember 2025, von 18 bis 20 Uhr im FARB in Borken, Markt 15. Die Mitglieder des Sozialpsychiatrischen Verbundes im Kreis Borken laden an diesem Abend Angeh\u00f6rige, Betroffene und Fachkr\u00e4fte aus dem psychosozialen Arbeitsfeld zu einem gemeinsamen Gespr\u00e4ch und Erfahrungsaustausch ein. Die Teilnahme ist kostenlos, eine Anmeldung ist nicht erforderlich.<\/p>\n<p>Hoffnung entsteht, wenn sich Menschen ein w\u00fcnschenswertes k\u00fcnftiges Ergebnis vorstellen \u2013 und gleichzeitig zumindest eine minimale M\u00f6glichkeit sehen, dass dies eintreten k\u00f6nnte. Hoffnung ist damit sowohl emotional als auch rational: Sie vereint Gef\u00fchl und Einsch\u00e4tzung.<\/p>\n<p>Psychologische Erkenntnisse zeigen: Hoffnung kann sehr hilfreich sein. Sie st\u00e4rkt die Motivation, aktiv zu werden, erh\u00f6ht die Widerstandskraft gegen\u00fcber Stress, unterst\u00fctzt Heilungsprozesse bei Krankheiten und f\u00f6rdert Kreativit\u00e4t wie L\u00f6sungsorientierung. \u201eIn diesem Sinne ist Hoffnung ein Motor f\u00fcr das Handeln, nicht blo\u00df ein passives Warten. Wer hofft, gibt nicht so leicht auf\u201c, schildert Ulrike Wendholt vom Sozialpsychiatrischen Dienst des Kreises Borken.<\/p>\n<p>Trotzdem ist Hoffnung nicht immer hilfreich. Sie kann problematisch werden, wenn sie auf unrealistischen Erwartungen beruht oder davon abh\u00e4lt, notwendige Ver\u00e4nderungen anzunehmen. In solchen F\u00e4llen kann Hoffnung zu einer emotionalen Last werden oder sogar in Selbstt\u00e4uschung \u00fcbergehen. Sinnvoll wird Hoffnung vor allem dann, wenn sie realistisch, reflektiert und handlungsorientiert ist. Hoffnung, die sich mit klaren Informationen, Selbstkritik und Bereitschaft zum Handeln verbindet, hilft, schwierige Phasen zu \u00fcberstehen und die Zukunft aktiv zu gestalten. \u201eEs geht nicht darum, immer positiv zu denken. sondern vielmehr darum, trotz Unsicherheiten mutig nach vorne zu schauen &#8211; ohne die Augen vor der Realit\u00e4t zu verschlie\u00dfen\u201c, erg\u00e4nzt Jelena Borgers, Psychiatriekoordinatorin des Kreises Borken.<\/p>\n<p>Weitere Infos zum Sozialpsychiatrischen Dienst des Kreises Borken und zum Sozialpsychiatrischen Verbund sind auf der Internetseite des Kreises Borken unter <a href=\"http:\/\/www.kreis-borken.de\/spd\" rel=\"nofollow noopener\" target=\"_blank\">www.kreis-borken.de\/spd<\/a>\u00a0und <a href=\"http:\/\/www.kreis-borken.de\/spv\" rel=\"nofollow noopener\" target=\"_blank\">www.kreis-borken.de\/spv<\/a>\u00a0zu finden. Fragen zum Thema beantworten Jelena Borgers (Tel. 02861\/681-6023) und Ulrike Wendholt (Tel. 02861\/681-6012).<\/p>\n","protected":false},"excerpt":{"rendered":"Teilnahme ist kostenlos \/ Anmeldung nicht erforderlich \u201eHoffnung. Macht. Sinn. \u2013 Macht Hoffnung Sinn?\u201c \u2013 mit dieser Frage&hellip;\n","protected":false},"author":2,"featured_media":620421,"comment_status":"","ping_status":"","sticky":false,"template":"","format":"standard","meta":{"footnotes":""},"categories":[137],"tags":[29,30,141,232],"class_list":{"0":"post-620420","1":"post","2":"type-post","3":"status-publish","4":"format-standard","5":"has-post-thumbnail","7":"category-gesundheit","8":"tag-deutschland","9":"tag-germany","10":"tag-gesundheit","11":"tag-health"},"share_on_mastodon":{"url":"https:\/\/pubeurope.com\/@de\/115655895027859771","error":""},"_links":{"self":[{"href":"https:\/\/www.europesays.com\/de\/wp-json\/wp\/v2\/posts\/620420","targetHints":{"allow":["GET"]}}],"collection":[{"href":"https:\/\/www.europesays.com\/de\/wp-json\/wp\/v2\/posts"}],"about":[{"href":"https:\/\/www.europesays.com\/de\/wp-json\/wp\/v2\/types\/post"}],"author":[{"embeddable":true,"href":"https:\/\/www.europesays.com\/de\/wp-json\/wp\/v2\/users\/2"}],"replies":[{"embeddable":true,"href":"https:\/\/www.europesays.com\/de\/wp-json\/wp\/v2\/comments?post=620420"}],"version-history":[{"count":0,"href":"https:\/\/www.europesays.com\/de\/wp-json\/wp\/v2\/posts\/620420\/revisions"}],"wp:featuredmedia":[{"embeddable":true,"href":"https:\/\/www.europesays.com\/de\/wp-json\/wp\/v2\/media\/620421"}],"wp:attachment":[{"href":"https:\/\/www.europesays.com\/de\/wp-json\/wp\/v2\/media?parent=620420"}],"wp:term":[{"taxonomy":"category","embeddable":true,"href":"https:\/\/www.europesays.com\/de\/wp-json\/wp\/v2\/categories?post=620420"},{"taxonomy":"post_tag","embeddable":true,"href":"https:\/\/www.europesays.com\/de\/wp-json\/wp\/v2\/tags?post=620420"}],"curies":[{"name":"wp","href":"https:\/\/api.w.org\/{rel}","templated":true}]}}