{"id":621006,"date":"2025-12-03T19:13:22","date_gmt":"2025-12-03T19:13:22","guid":{"rendered":"https:\/\/www.europesays.com\/de\/621006\/"},"modified":"2025-12-03T19:13:22","modified_gmt":"2025-12-03T19:13:22","slug":"vor-dem-silvester-wahnsinn-wenn-berlin-wieder-zum-krawallgebiet-wird","status":"publish","type":"post","link":"https:\/\/www.europesays.com\/de\/621006\/","title":{"rendered":"Vor dem Silvester-Wahnsinn: Wenn Berlin wieder zum Krawallgebiet wird"},"content":{"rendered":"<p>Vor dem Silvester-WahnsinnWenn Berlin wieder zum Krawallgebiet wird03.12.2025, 18:56 Uhr <a href=\"https:\/\/www.n-tv.de\/autoren\/Volker-Petersen-article14511836.html\" class=\"article-detail-head_author___bDMZ\" target=\"_blank\" rel=\"noopener\"><img decoding=\"async\" class=\"Image_img__fQCi0 Image_Img_1_1__Ei3jf\" loading=\"eager\" fetchpriority=\"high\" src=\"https:\/\/www.europesays.com\/de\/wp-content\/uploads\/2025\/12\/RTL01231-1.webp.webp\" alt=\"RTL01231-1\"\/>Von Volker Petersen<\/a><img decoding=\"async\" class=\"Image_img__fQCi0 Image_Img_16_9__4BLfH widget-picture-inline_maximizable__t_E7h\" loading=\"eager\" fetchpriority=\"high\" src=\"https:\/\/www.europesays.com\/de\/wp-content\/uploads\/2025\/12\/Boeller-fliegen-unweit-der-Pallasstrasse-Am-Vorabend-vor-dem-Jahreswechsel-schossen-Jugendliche-zahl.webp\" alt=\"Boeller-fliegen-unweit-der-Pallasstrasse-Am-Vorabend-vor-dem-Jahreswechsel-schossen-Jugendliche-zahlreiche-Raketen-in-den-Nachthimmel-An-Silvester-ist-der-Bereich-rund-um-der-Pallasstrasse-als-Boeller-Verbotszone-geplant-Das-Verbot-gilt-vom-Silvesterabend-um-18-00-Uhr-bis-zum-Neujahrsmorgen-um-6-00-Uhr-wie-die-Polizei-am-Donnerstag-mitteilte\"\/>B\u00f6ller und Feuerwerk explodieren in Berlin-Neuk\u00f6lln. (Foto: picture alliance\/dpa)TeilenFolgen auf:<a href=\"https:\/\/www.whatsapp.com\/channel\/0029Va5cdVJD8SDp5YZgYF01\" title=\"Auf WhatsApp folgen\" target=\"_blank\" rel=\"noopener\"><img decoding=\"async\" src=\"https:\/\/www.n-tv.de\/socialIcons\/whatsapp.svg\" alt=\"whatsapp\" class=\"ArticleShare_icon__FsrC2\"\/><\/a><a href=\"https:\/\/news.google.com\/publications\/CAAiEPMdif5mpRNxiLOeUpHCwwsqFAgKIhDzHYn-ZqUTcYiznlKRwsML?hl=de&amp;gl=DE&amp;ceid=DE%3Ade\" title=\"Auf Google News folgen\" target=\"_blank\" rel=\"noopener\"><img decoding=\"async\" src=\"https:\/\/www.n-tv.de\/socialIcons\/google.svg\" alt=\"whatsapp\" class=\"ArticleShare_icon__FsrC2\"\/><\/a><\/p>\n<p class=\"Typography_text-m__XI0da Typography_weight-bold__uT6mq storyline_lead_text_leadtext__q_wg8\">Da ist sie wieder, die j\u00e4hrliche Debatte um ein B\u00f6llerverbot an Silvester. Die Knaller-Gegner haben gute Argumente, die Feuerwerksfreunde allerdings auch. <\/p>\n<p class=\"Typography_text-default__P3otY Typography_weight-normal__pqUbH storyline_paragraph_p__qSR5N\">Meistens geht es schon am Vortag los. Bumm, Bummbumm, Bumm. Wenn in Berlin der 31. Dezember beginnt, ist schon lange B\u00f6llerzeit. Bis Mitternacht warten? Das war mal. Sp\u00e4testens ab 20 Uhr schwillt die Knallerei zu einem kriegs\u00e4hnlichen Ger\u00e4uschteppich an. Um Mitternacht drehen die Berliner dann noch einmal richtig auf, Presslufthammer-Style. Dazwischen Blaulicht, \u00dcbergriffe auf Polizei- und Rettungskr\u00e4fte, Blut und Tr\u00e4nen. <\/p>\n<p class=\"Typography_text-default__P3otY Typography_weight-normal__pqUbH storyline_paragraph_p__qSR5N\">Ach ja, und Spa\u00df, f\u00fcr manche. Am n\u00e4chsten Morgen sieht die halbe Stadt aus wie eine M\u00fcllkippe. \u00dcberall angekokelte, bunte Pappe, Raketenreste, ausgebrannte B\u00f6ller. Der Staub liegt noch in der Luft. Aber die Stadtreinigung macht ja alles weg, vielen Dank. Wenn man nicht gerade Schwarzpulver im Blut hat, ist Berlin an Silvester ein Albtraum. <\/p>\n<p class=\"Typography_text-default__P3otY Typography_weight-normal__pqUbH storyline_paragraph_p__qSR5N\">Auch andere St\u00e4dte n\u00e4hern sich an Silvester dem Ausnahmezustand. So verwundert es nicht, dass mehr und mehr Menschen ein B\u00f6llerverbot fordern. Jedes Jahr kommt die Debatte wieder auf. Diesmal durch ein B\u00fcndnis aus Deutscher Umwelthilfe, der Gewerkschaft der Polizei, der Bundes\u00e4rztekammer, Tiersch\u00fctzern und etwa vier Dutzend anderen Organisationen. <\/p>\n<p class=\"Typography_text-default__P3otY Typography_weight-normal__pqUbH storyline_paragraph_p__qSR5N\">Ihre Argumente sind offensichtlich. Zu viel L\u00e4rm, zu viele Unf\u00e4lle, zu viel M\u00fcll, f\u00fcr Tiere ist es eine Tortur, die \u00dcbergriffe auf Polizisten und Rettungskr\u00e4fte kann man niemandem zumuten. Die Feinstaub-Belastung geht durch die Decke. Und es gibt ja Alternativen: Zentrale Feuerwerke zum Zuschauen f\u00fcr alle oder Licht-Shows mit Drohnen und Lasern. Statt 180 Millionen Euro f\u00fcr Feuerwerk auszugeben, k\u00f6nnten die Deutschen etwas Sinnvolles damit tun. <\/p>\n<p>Alle f\u00fcr die St\u00e4dte bestrafen?<\/p>\n<p class=\"Typography_text-default__P3otY Typography_weight-normal__pqUbH storyline_paragraph_p__qSR5N\">Doch auch die Feuerwerksfreunde haben Argumente auf ihrer Seite. Das Wichtigste: Nicht ganz Deutschland ist so wie Berlin. In kleineren St\u00e4dten und D\u00f6rfern geht es in der Regel friedlicher zu. Familien machen ein bisschen Feuerwerk, haben Spa\u00df, fertig. Sie werfen keine B\u00f6ller aufeinander, schie\u00dfen keine Raketen aus der Hand auf Polizisten ab und drohen Rettungssanit\u00e4tern keine Schl\u00e4ge an. Alles ganz entspannt. Soll man da das halbe Land f\u00fcr die Missst\u00e4nde in Gro\u00dfst\u00e4dten bestrafen? <\/p>\n<p class=\"Typography_text-default__P3otY Typography_weight-normal__pqUbH storyline_paragraph_p__qSR5N\">So argumentierte beispielsweise die fr\u00fchere Innenministerin von Brandenburg, Katrin Lange. Die Debatte gehe am eigentlichen Problem vorbei, sagte sie nach dem letzten Jahreswechsel dem RBB-Inforadio. &#8222;Leute, die gezielt auf andere Menschen Feuerwerksk\u00f6rper abfeuern, sind auch keine Feiernden, sondern Verbrecher und geh\u00f6ren meines Erachtens in den Knast&#8220;, sagte die SPD-Politikerin. Aus ihrer Sicht m\u00fcsste man eher \u00fcber die Strafverfolgung reden, die nicht funktioniere. Es gibt in der SPD aber auch Bef\u00fcrworter eines B\u00f6llerverbots. <\/p>\n<p class=\"Typography_text-default__P3otY Typography_weight-normal__pqUbH storyline_paragraph_p__qSR5N\">Auch der heutige Kanzleramtsminister und CDU-Politiker Thorsten Frei hat sich gegen ein Verbot ausgesprochen. Er glaubt nicht, dass es verfassungsgem\u00e4\u00df w\u00e4re. Ein Verbot k\u00f6nnte dem Grundsatz der Verh\u00e4ltnism\u00e4\u00dfigkeit widersprechen. Das schrieb er in einer Antwort auf eine entsprechende Frage, die das Portal <a class=\"inline_link\" rel=\"nofollow noopener\" href=\"https:\/\/www.abgeordnetenwatch.de\/profile\/thorsten-frei\/fragen-antworten\/wie-stehen-sie-zu-einem-feuerwerksverbot-in-privaten-haenden\" target=\"_blank\">abgeordnetenwatch.de<\/a> dokumentiert. In der Sache \u00e4u\u00dfert er sich dann \u00e4hnlich wie SPD-Politikerin Lange. &#8222;Denn was nutzen am Ende B\u00f6llerverbote, an die sich Chaoten auch in Zukunft nicht halten, w\u00e4hrend 99,9 Prozent der Menschen bestraft werden, obwohl sie friedlich und vern\u00fcnftig feiern?&#8220;, fragt er. <\/p>\n<p>Umfrage zeigt Mehrheit f\u00fcr Verbot<\/p>\n<p class=\"Typography_text-default__P3otY Typography_weight-normal__pqUbH storyline_paragraph_p__qSR5N\">Ein vollst\u00e4ndiges Verbot privater Feuerwerke w\u00e4re au\u00dferdem nur schwer fl\u00e4chendeckend zu kontrollieren, argumentiert der Innenminister von Nordrhein-Westfalen, Herbert Reul. In vielen St\u00e4dten fehlt es an Personal, um Regeln konsequent durchzusetzen, sagte der CDU-Politiker dem WDR. &#8222;Dann m\u00fcssen sie an jeder Ecke einen Polizisten stehen haben, der daf\u00fcr sorgt, dass keiner einen B\u00f6ller wirft. Das schaffen wir ja nicht mal im Fu\u00dfballstadion.\u201c&#8220;<\/p>\n<p class=\"Typography_text-default__P3otY Typography_weight-normal__pqUbH storyline_paragraph_p__qSR5N\">Ein striktes Verbot k\u00f6nnte dazu f\u00fchren, dass Menschen verst\u00e4rkt auf illegale Produkte aus dem Internet zur\u00fcckgreifen, die oft wesentlich gef\u00e4hrlicher sind. Zudem k\u00f6nnte es zu einem Anstieg selbstgebauter B\u00f6ller kommen, deren Risiken kaum kontrollierbar sind.<\/p>\n<p class=\"Typography_text-default__P3otY Typography_weight-normal__pqUbH storyline_paragraph_p__qSR5N\">Das sind keine schlechten Gegenargumente &#8211; und vermutlich der Grund, warum es in naher Zukunft kein B\u00f6llerverbot geben wird. Doch die Menschen in Deutschland sehen das mittlerweile anders. 59 Prozent sind laut einer Forsa-Umfrage im Auftrag des &#8222;Stern&#8220; f\u00fcr ein B\u00f6llerverbot &#8211; so wie es auch in den Niederlanden ab dem Jahreswechsel 2026\/27 gelten wird. F\u00fcr alle Zeiten ausgeschlossen ist das B\u00f6llerverbot sicher nicht. <\/p>\n<p class=\"Typography_text-default__P3otY Typography_weight-normal__pqUbH storyline_paragraph_p__qSR5N\">mit dpa<\/p>\n<p class=\"Typography_text-s__wu_cm Typography_weight-normal__pqUbH Typography_color-darkgrey__sZEnP article-detail-footer_source__KslPc\">Quelle: ntv.de<\/p>\n","protected":false},"excerpt":{"rendered":"Vor dem Silvester-WahnsinnWenn Berlin wieder zum Krawallgebiet wird03.12.2025, 18:56 Uhr Von Volker PetersenB\u00f6ller und Feuerwerk explodieren in Berlin-Neuk\u00f6lln.&hellip;\n","protected":false},"author":2,"featured_media":621007,"comment_status":"","ping_status":"","sticky":false,"template":"","format":"standard","meta":{"footnotes":""},"categories":[1825],"tags":[296,60948,29,30,16,2281,1533],"class_list":{"0":"post-621006","1":"post","2":"type-post","3":"status-publish","4":"format-standard","5":"has-post-thumbnail","7":"category-berlin","8":"tag-berlin","9":"tag-boellerverbot","10":"tag-deutschland","11":"tag-germany","12":"tag-politik","13":"tag-silvester","14":"tag-thorsten-frei"},"share_on_mastodon":{"url":"https:\/\/pubeurope.com\/@de\/115657234231335638","error":""},"_links":{"self":[{"href":"https:\/\/www.europesays.com\/de\/wp-json\/wp\/v2\/posts\/621006","targetHints":{"allow":["GET"]}}],"collection":[{"href":"https:\/\/www.europesays.com\/de\/wp-json\/wp\/v2\/posts"}],"about":[{"href":"https:\/\/www.europesays.com\/de\/wp-json\/wp\/v2\/types\/post"}],"author":[{"embeddable":true,"href":"https:\/\/www.europesays.com\/de\/wp-json\/wp\/v2\/users\/2"}],"replies":[{"embeddable":true,"href":"https:\/\/www.europesays.com\/de\/wp-json\/wp\/v2\/comments?post=621006"}],"version-history":[{"count":0,"href":"https:\/\/www.europesays.com\/de\/wp-json\/wp\/v2\/posts\/621006\/revisions"}],"wp:featuredmedia":[{"embeddable":true,"href":"https:\/\/www.europesays.com\/de\/wp-json\/wp\/v2\/media\/621007"}],"wp:attachment":[{"href":"https:\/\/www.europesays.com\/de\/wp-json\/wp\/v2\/media?parent=621006"}],"wp:term":[{"taxonomy":"category","embeddable":true,"href":"https:\/\/www.europesays.com\/de\/wp-json\/wp\/v2\/categories?post=621006"},{"taxonomy":"post_tag","embeddable":true,"href":"https:\/\/www.europesays.com\/de\/wp-json\/wp\/v2\/tags?post=621006"}],"curies":[{"name":"wp","href":"https:\/\/api.w.org\/{rel}","templated":true}]}}