{"id":621030,"date":"2025-12-03T19:28:20","date_gmt":"2025-12-03T19:28:20","guid":{"rendered":"https:\/\/www.europesays.com\/de\/621030\/"},"modified":"2025-12-03T19:28:20","modified_gmt":"2025-12-03T19:28:20","slug":"wie-stark-sind-die-schmerzen-telenotarzt-in-halle-im-einsatz","status":"publish","type":"post","link":"https:\/\/www.europesays.com\/de\/621030\/","title":{"rendered":"\u201eWie stark sind die Schmerzen?\u201c Telenotarzt in Halle im Einsatz"},"content":{"rendered":"<p>Schnelle Hilfe per Video\u00a0\u201eWie stark sind die Schmerzen?\u201c Telenotarzt in Halle im Einsatz<\/p>\n<p class=\"fp-article-heading__excerpt text-lg\">Der Telenotarzt ist seit \u00fcber einem Jahr im s\u00fcdlichen Sachsen-Anhalt im Einsatz. Nach fast 800 Eins\u00e4tzen soll das System nun landesweit ausgerollt werden. Damit \u00e4ndert sich f\u00fcr viele Patienten die Versorgung. Besuch beim Arzt per Video in der halleschen Leitstelle.<\/p>\n<p>Von  Lisa Garn 03.12.2025, 18:00<\/p>\n","protected":false},"excerpt":{"rendered":"Schnelle Hilfe per Video\u00a0\u201eWie stark sind die Schmerzen?\u201c Telenotarzt in Halle im Einsatz Der Telenotarzt ist seit \u00fcber&hellip;\n","protected":false},"author":2,"featured_media":621031,"comment_status":"","ping_status":"","sticky":false,"template":"","format":"standard","meta":{"footnotes":""},"categories":[1860],"tags":[3364,29,548,663,3934,30,4062,17332,13,14,15,17331,860,12],"class_list":{"0":"post-621030","1":"post","2":"type-post","3":"status-publish","4":"format-standard","5":"has-post-thumbnail","7":"category-halle-saale","8":"tag-de","9":"tag-deutschland","10":"tag-eu","11":"tag-europa","12":"tag-europe","13":"tag-germany","14":"tag-halle","15":"tag-halle-saale","16":"tag-headlines","17":"tag-nachrichten","18":"tag-news","19":"tag-saale","20":"tag-sachsen-anhalt","21":"tag-schlagzeilen"},"share_on_mastodon":{"url":"https:\/\/pubeurope.com\/@de\/115657290925382932","error":""},"_links":{"self":[{"href":"https:\/\/www.europesays.com\/de\/wp-json\/wp\/v2\/posts\/621030","targetHints":{"allow":["GET"]}}],"collection":[{"href":"https:\/\/www.europesays.com\/de\/wp-json\/wp\/v2\/posts"}],"about":[{"href":"https:\/\/www.europesays.com\/de\/wp-json\/wp\/v2\/types\/post"}],"author":[{"embeddable":true,"href":"https:\/\/www.europesays.com\/de\/wp-json\/wp\/v2\/users\/2"}],"replies":[{"embeddable":true,"href":"https:\/\/www.europesays.com\/de\/wp-json\/wp\/v2\/comments?post=621030"}],"version-history":[{"count":0,"href":"https:\/\/www.europesays.com\/de\/wp-json\/wp\/v2\/posts\/621030\/revisions"}],"wp:featuredmedia":[{"embeddable":true,"href":"https:\/\/www.europesays.com\/de\/wp-json\/wp\/v2\/media\/621031"}],"wp:attachment":[{"href":"https:\/\/www.europesays.com\/de\/wp-json\/wp\/v2\/media?parent=621030"}],"wp:term":[{"taxonomy":"category","embeddable":true,"href":"https:\/\/www.europesays.com\/de\/wp-json\/wp\/v2\/categories?post=621030"},{"taxonomy":"post_tag","embeddable":true,"href":"https:\/\/www.europesays.com\/de\/wp-json\/wp\/v2\/tags?post=621030"}],"curies":[{"name":"wp","href":"https:\/\/api.w.org\/{rel}","templated":true}]}}