{"id":62106,"date":"2025-04-26T06:25:11","date_gmt":"2025-04-26T06:25:11","guid":{"rendered":"https:\/\/www.europesays.com\/de\/62106\/"},"modified":"2025-04-26T06:25:11","modified_gmt":"2025-04-26T06:25:11","slug":"missbrauch-an-franzoesischen-schulen-die-kinder-dachten-sie-haetten-es-vielleicht-so-verdient","status":"publish","type":"post","link":"https:\/\/www.europesays.com\/de\/62106\/","title":{"rendered":"Missbrauch an franz\u00f6sischen Schulen: Die Kinder dachten, sie h\u00e4tten es vielleicht so verdient"},"content":{"rendered":"<p>\n                        In katholischen Eliteinternaten Frankreichs sollen unz\u00e4hlige Sch\u00fclerinnen und Sch\u00fcler gequ\u00e4lt und missbraucht worden sein. Eine Betroffene ist die Tochter des Premiers.\n                    <\/p>\n<p>        25. April 2025, 20:06 Uhr\n    <\/p>\n<p>    <a class=\"z-text-button\" href=\"#comments\" title=\"Kommentare anzeigen\" data-ct-row=\"comments\" data-ct-column=\"false\"><\/p>\n<p>            60<br \/>\n            Kommentare<br \/>\n        <\/a><br \/>\n            Zusammenfassen<\/p>\n<p>                Schlie\u00dfen<br \/>\n                Artikelzusammenfassung<\/p>\n<p>H\u00e9l\u00e8ne Perlant spricht erstmals \u00fcber die Gewalt, die sie als Sch\u00fclerin in einem angesehenen franz\u00f6sischen Internat erlebte, das nun im Zentrum eines P\u00e4dophilieskandals steht. Ihr Vater, Premierminister Fran\u00e7ois Bayrou, wird beschuldigt, von den Vorf\u00e4llen gewusst zu haben, aber nicht gehandelt zu haben. \u00dcber sechs Jahrzehnte lang wurden in der katholischen Einrichtung k\u00f6rperliche und sexuelle Gewalt ausge\u00fcbt. Hunderte Betroffene haben sich gemeldet, und eine Untersuchungskommission soll aufkl\u00e4ren, warum die Verbrechen so lange unges\u00fchnt blieben.<\/p>\n<p>                Dies ist ein experimentelles Tool. Die Resultate k\u00f6nnen unvollst\u00e4ndig, veraltet oder sogar falsch sein.<\/p>\n<p class=\"summy__feedback-paragraph\">Fanden Sie die Zusammenfassung hilfreich? <\/p>\n<p>                        Gef\u00e4llt mir<\/p>\n<p>                        Gef\u00e4llt mir<\/p>\n<p>                        Gef\u00e4llt mir nicht<\/p>\n<p>                        Gef\u00e4llt mir nicht<\/p>\n<p>                        Send<\/p>\n<p>            <img decoding=\"async\" class=\"article__media-item\" src=\"https:\/\/www.europesays.com\/de\/wp-content\/uploads\/2025\/04\/1745648711_413_wide__1000x562.jpeg\" alt=\"Missbrauch an franz\u00f6sischen Schulen: Die Geb\u00e4udeanlage des B\u00e9tharram-Internats in Westfrankreich (2025)\"\/><\/p>\n<p>                    Die Geb\u00e4udeanlage des B\u00e9tharram-Internats in Westfrankreich (2025)<br \/>\n            \u00a9\u00a0[M] Gaizka Iroz\/\u200bAFP\/\u200bGetty Images<\/p>\n<p class=\"paragraph\">H\u00e9l\u00e8ne Perlant erinnert sich vor allem an die vierzig &#8222;leeren Augenpaare&#8220;. Vierzig Menschen sahen zu, wie ein 120 Kilo schwerer Priester sie an den Haaren \u00fcber den Boden schleifte, ihr Fausthiebe in den Bauch versetzte und sie verletzt in einer Ecke liegen lie\u00df. Sie war 14 Jahre alt und auf einer Ferienfreizeit ihrer Schule, des angesehenen Internats B\u00e9tharram in Westfrankreich. Diese Woche sprach Perlant erstmals in franz\u00f6sischen Medien \u00fcber ihr Trauma. Die heute 53-J\u00e4hrige ist nicht nur eine von Hunderten Betroffenen, sondern auch die Tochter des Pariser Premierministers <a class=\"rtr-entity\" href=\"https:\/\/www.zeit.de\/thema\/francois-bayrou\" target=\"_blank\" rel=\"noopener\">Fran\u00e7ois Bayrou<\/a>.<\/p>\n","protected":false},"excerpt":{"rendered":"In katholischen Eliteinternaten Frankreichs sollen unz\u00e4hlige Sch\u00fclerinnen und Sch\u00fcler gequ\u00e4lt und missbraucht worden sein. Eine Betroffene ist die&hellip;\n","protected":false},"author":2,"featured_media":62107,"comment_status":"","ping_status":"","sticky":false,"template":"","format":"standard","meta":{"footnotes":""},"categories":[5],"tags":[331,332,3364,29,28208,156,30,1724,13,3887,1920,28207,14,15,319,12,966],"class_list":{"0":"post-62106","1":"post","2":"type-post","3":"status-publish","4":"format-standard","5":"has-post-thumbnail","7":"category-nachrichten","8":"tag-aktuelle-nachrichten","9":"tag-aktuelle-news","10":"tag-de","11":"tag-deutschland","12":"tag-francois-bayrou","13":"tag-frankreich","14":"tag-germany","15":"tag-gesellschaft","16":"tag-headlines","17":"tag-kindesmissbrauch","18":"tag-missbrauch","19":"tag-missbrauch-an-franzoesischen-schulen","20":"tag-nachrichten","21":"tag-news","22":"tag-paris","23":"tag-schlagzeilen","24":"tag-schule"},"share_on_mastodon":{"url":"https:\/\/pubeurope.com\/@de\/114402841375709415","error":""},"_links":{"self":[{"href":"https:\/\/www.europesays.com\/de\/wp-json\/wp\/v2\/posts\/62106","targetHints":{"allow":["GET"]}}],"collection":[{"href":"https:\/\/www.europesays.com\/de\/wp-json\/wp\/v2\/posts"}],"about":[{"href":"https:\/\/www.europesays.com\/de\/wp-json\/wp\/v2\/types\/post"}],"author":[{"embeddable":true,"href":"https:\/\/www.europesays.com\/de\/wp-json\/wp\/v2\/users\/2"}],"replies":[{"embeddable":true,"href":"https:\/\/www.europesays.com\/de\/wp-json\/wp\/v2\/comments?post=62106"}],"version-history":[{"count":0,"href":"https:\/\/www.europesays.com\/de\/wp-json\/wp\/v2\/posts\/62106\/revisions"}],"wp:featuredmedia":[{"embeddable":true,"href":"https:\/\/www.europesays.com\/de\/wp-json\/wp\/v2\/media\/62107"}],"wp:attachment":[{"href":"https:\/\/www.europesays.com\/de\/wp-json\/wp\/v2\/media?parent=62106"}],"wp:term":[{"taxonomy":"category","embeddable":true,"href":"https:\/\/www.europesays.com\/de\/wp-json\/wp\/v2\/categories?post=62106"},{"taxonomy":"post_tag","embeddable":true,"href":"https:\/\/www.europesays.com\/de\/wp-json\/wp\/v2\/tags?post=62106"}],"curies":[{"name":"wp","href":"https:\/\/api.w.org\/{rel}","templated":true}]}}