{"id":621080,"date":"2025-12-03T19:57:19","date_gmt":"2025-12-03T19:57:19","guid":{"rendered":"https:\/\/www.europesays.com\/de\/621080\/"},"modified":"2025-12-03T19:57:19","modified_gmt":"2025-12-03T19:57:19","slug":"nach-korruptionsskandal-massive-proteste-griechischer-landwirte","status":"publish","type":"post","link":"https:\/\/www.europesays.com\/de\/621080\/","title":{"rendered":"Nach Korruptionsskandal: Massive Proteste griechischer Landwirte"},"content":{"rendered":"<p>            <img loading=\"lazy\" decoding=\"async\" class=\"ts-image\" src=\"https:\/\/www.europesays.com\/de\/wp-content\/uploads\/2025\/12\/traktoren-grenze-blockade-100.jpg\" alt=\"Die Drohnenaufnahme zeigt Traktoren von Landwirten, die in der N\u00e4he von Trikala (Griechenland) eine Nationalstra\u00dfe in der N\u00e4he einer Mautstelle blockieren.\" title=\"Die Drohnenaufnahme zeigt Traktoren von Landwirten, die in der N\u00e4he von Trikala (Griechenland) eine Nationalstra\u00dfe in der N\u00e4he einer Mautstelle blockieren. | REUTERS\"\/><\/p>\n<p class=\"metatextline\">Stand: 03.12.2025 20:48 Uhr<\/p>\n<p class=\"textabsatz columns twelve  m-ten  m-offset-one l-eight l-offset-two\">\n        <strong>In Griechenland blockieren Landwirte seit Tagen Stra\u00dfen und Grenz\u00fcberg\u00e4nge. Es kam zu Zusammenst\u00f6\u00dfen mit der Polizei. Hintergrund ist ein Korruptionsskandal im Zusammenhang mit der Auszahlung von EU-Agrarsubventionen. <\/strong>\n    <\/p>\n<p class=\"textabsatz m-ten m-offset-one l-eight l-offset-two columns twelve\">Griechische Bauern haben aus Protest gegen die verz\u00f6gerte Auszahlung von EU-Subventionen Grenz\u00fcberg\u00e4nge im Norden des Landes blockiert. Traktorkonvois versperrten die Zufahrtsstra\u00dfen nach Nordmazedonien, Bulgarien und in die T\u00fcrkei und zwangen Autofahrer zu langen Umwegen. Auch innerhalb des Landes kam es zu Blockaden mit Traktoren und landwirtschaftlichem Ger\u00e4t auf wichtigen Stra\u00dfen.<\/p>\n<p class=\"textabsatz m-ten m-offset-one l-eight l-offset-two columns twelve\">Bereits am Wochenende hatten Hunderte Landwirte in mehreren Regionen Stra\u00dfen mit Traktoren blockiert. Der griechische Minister f\u00fcr \u00f6ffentliche Ordnung erkl\u00e4rte diese Woche, die Regierung sei weiterhin zu Gespr\u00e4chen mit den Anf\u00fchrern der Proteste bereit. Sie werde aber die Blockade wichtiger Verkehrsknotenpunkte nicht dulden.<\/p>\n<p>    Korruptionsskandal hinter Protesten<\/p>\n<p class=\"textabsatz m-ten m-offset-one l-eight l-offset-two columns twelve\">In mehreren Regionen kam es bereits zu Zusammenst\u00f6\u00dfen zwischen Landwirten und der Polizei. Beim Versuch, neue Stra\u00dfensperren zu verhindern, setzte die Polizei Tr\u00e4nengas ein. Es gab Festnahmen und mehrere Verletzte. Die Sperrungen f\u00fchren auch im internationalen Lastwagenverkehr zu erheblichen Verz\u00f6gerungen.<\/p>\n<p class=\"textabsatz m-ten m-offset-one l-eight l-offset-two columns twelve\">Hintergrund der Aktionen ist ein eskalierender Protest gegen die verz\u00f6gerte Auszahlung von EU-Subventionen im Zusammenhang mit Ermittlungen zu einem Korruptionsskandal. Dabei waren F\u00e4lle aufgedeckt worden, in denen ohne Berechtigung EU-Hilfen beantragt und ausgezahlt wurden.<\/p>\n<p>    Weitere Festnahmen im Zusammenhang mit Skandal<\/p>\n<p class=\"textabsatz m-ten m-offset-one l-eight l-offset-two columns twelve\">Der Skandal f\u00fchrte im Juni zum R\u00fccktritt von f\u00fcnf ranghohen Regierungsvertretern und zur schrittweisen Schlie\u00dfung einer staatlichen Beh\u00f6rde, die f\u00fcr Agrarsubventionen zust\u00e4ndig war. Auch in den vergagenen Wochen wurden Dutzende Menschen festgenommen, die mit dem Skandal in Verbindung stehen sollen.<\/p>\n<p class=\"textabsatz m-ten m-offset-one l-eight l-offset-two columns twelve\">Die Festnahmen erfolgten im Zuge einer Untersuchung der Europ\u00e4ischen Staatsanwaltschaft. Die unabh\u00e4ngige EU-Beh\u00f6rde f\u00fcr Finanzkriminalit\u00e4t erkl\u00e4rte Ende Oktober, die Ermittlungen st\u00fcnden im Zusammenhang mit einem systematischen, gro\u00df angelegten Subventionsbetrug und Geldw\u00e4sche.<\/p>\n<p>    Landwirte wollen Proteste fortsetzen<\/p>\n<p class=\"textabsatz m-ten m-offset-one l-eight l-offset-two columns twelve\">Vor dem Hintergund der ausstehenden EU-Agrarsubventionen beklagen viele griechische Landwirte verz\u00f6gerte Auszahlungen. Sie fordern zudem zus\u00e4tzlich Unterst\u00fctzung angesichts drastisch gestiegener Produktionskosten. Auch faire und kostendeckende Preise f\u00fcr ihre Erzeugnisse stehen auf der Liste der Forderungen der Landwirte.<\/p>\n<p class=\"textabsatz m-ten m-offset-one l-eight l-offset-two columns twelve\">Die Bauern k\u00fcndigten an, ihre Aktionen auch an Weihnachten und bis Neujahr fortzusetzen, solange die Regierung keine konkreten Zusagen macht. Vertreter der Protestbewegung sprechen von einem &#8222;Kampf um die Existenz der H\u00f6fe&#8220;.<\/p>\n<p class=\"textabsatz m-ten m-offset-one l-eight l-offset-two columns twelve\">Mit Informationen von Moritz Pompl, ARD-Studio Athen <\/p>\n","protected":false},"excerpt":{"rendered":"Stand: 03.12.2025 20:48 Uhr In Griechenland blockieren Landwirte seit Tagen Stra\u00dfen und Grenz\u00fcberg\u00e4nge. Es kam zu Zusammenst\u00f6\u00dfen mit&hellip;\n","protected":false},"author":2,"featured_media":621081,"comment_status":"","ping_status":"","sticky":false,"template":"","format":"standard","meta":{"footnotes":""},"categories":[3933],"tags":[331,332,548,663,158,3934,3935,1565,13,4615,14,15,159,12],"class_list":{"0":"post-621080","1":"post","2":"type-post","3":"status-publish","4":"format-standard","5":"has-post-thumbnail","7":"category-eu","8":"tag-aktuelle-nachrichten","9":"tag-aktuelle-news","10":"tag-eu","11":"tag-europa","12":"tag-europaeische-union","13":"tag-europe","14":"tag-european-union","15":"tag-griechenland","16":"tag-headlines","17":"tag-landwirtschaft","18":"tag-nachrichten","19":"tag-news","20":"tag-proteste","21":"tag-schlagzeilen"},"share_on_mastodon":{"url":"https:\/\/pubeurope.com\/@de\/115657405600334620","error":""},"_links":{"self":[{"href":"https:\/\/www.europesays.com\/de\/wp-json\/wp\/v2\/posts\/621080","targetHints":{"allow":["GET"]}}],"collection":[{"href":"https:\/\/www.europesays.com\/de\/wp-json\/wp\/v2\/posts"}],"about":[{"href":"https:\/\/www.europesays.com\/de\/wp-json\/wp\/v2\/types\/post"}],"author":[{"embeddable":true,"href":"https:\/\/www.europesays.com\/de\/wp-json\/wp\/v2\/users\/2"}],"replies":[{"embeddable":true,"href":"https:\/\/www.europesays.com\/de\/wp-json\/wp\/v2\/comments?post=621080"}],"version-history":[{"count":0,"href":"https:\/\/www.europesays.com\/de\/wp-json\/wp\/v2\/posts\/621080\/revisions"}],"wp:featuredmedia":[{"embeddable":true,"href":"https:\/\/www.europesays.com\/de\/wp-json\/wp\/v2\/media\/621081"}],"wp:attachment":[{"href":"https:\/\/www.europesays.com\/de\/wp-json\/wp\/v2\/media?parent=621080"}],"wp:term":[{"taxonomy":"category","embeddable":true,"href":"https:\/\/www.europesays.com\/de\/wp-json\/wp\/v2\/categories?post=621080"},{"taxonomy":"post_tag","embeddable":true,"href":"https:\/\/www.europesays.com\/de\/wp-json\/wp\/v2\/tags?post=621080"}],"curies":[{"name":"wp","href":"https:\/\/api.w.org\/{rel}","templated":true}]}}