{"id":621134,"date":"2025-12-03T20:30:20","date_gmt":"2025-12-03T20:30:20","guid":{"rendered":"https:\/\/www.europesays.com\/de\/621134\/"},"modified":"2025-12-03T20:30:20","modified_gmt":"2025-12-03T20:30:20","slug":"muenchen-gedenkt-dem-maerchenkoenig-hier-entsteht-das-denkmal-fuer-den-kini","status":"publish","type":"post","link":"https:\/\/www.europesays.com\/de\/621134\/","title":{"rendered":"M\u00fcnchen gedenkt dem M\u00e4rchenk\u00f6nig: Hier entsteht das Denkmal f\u00fcr den Kini"},"content":{"rendered":"<p>&#8222;Bald&#8220; soll eine Statue vom M\u00e4rchenk\u00f6nig Ludwig II an der Corneliusbr\u00fccke stehen \u2013 das schrieb die <a href=\"https:\/\/www.abendzeitung-muenchen.de\/muenchen\/stadtviertel\/maerchenkoenig-ludwig-ii-der-kini-bekommt-ein-denkmal-in-muenchen-art-544611\" title=\"M\u00e4rchenk\u00f6nig Ludwig II: Der Kini bekommt ein Denkmal in M\u00fcnchen\" rel=\"nofollow noopener\" target=\"_blank\">AZ schon 2018<\/a> zu den Pl\u00e4nen des Deutsche-Eiche-Wirts Dietmar Holzapfel, die sogar noch ein paar Jahre \u00e4lter sind.<\/p>\n<p>Die Spendensuche war allerdings lange schwierig, und auch im Rathaus war man sich lange uneins, ob und wie so ein Kini-Denkmal an die Br\u00fccke kommen soll.<\/p>\n<p>Holzapfel: 250.000 Euro f\u00fcr Kini-Statue gesammelt<\/p>\n<p>  <img decoding=\"async\" loading=\"lazy\" src=\"https:\/\/www.europesays.com\/de\/wp-content\/uploads\/2025\/12\/1632311_artikelbild_1Fc3xd_RKnM8s.jpg\" alt=\"Eiche-Wirt Dietmar Holzapfel mit Hund Tino.\" title=\"Eiche-Wirt Dietmar Holzapfel mit Hund Tino.\" width=\"812\" height=\"459\"\/><\/p>\n<p>      Eiche-Wirt Dietmar Holzapfel mit Hund Tino.<br \/>\n      \u00a9 Daniel von Loeper<\/p>\n<p>    Eiche-Wirt Dietmar Holzapfel mit Hund Tino.<\/p>\n<p>von Daniel von Loeper <\/p>\n<p>&#8222;}&#8220;&gt; <\/p>\n<p>Jetzt die frohe Botschaft: Eine Viertelmillion Euro habe man gesammelt, so Holzapfel zur AZ. &#8222;Im M\u00e4rz k\u00f6nnte man mit den Arbeiten zur Schaffung eines Denkmals beginnen&#8220;, sagt er.<\/p>\n<p>Kini-Denkmal wird kleiner als urspr\u00fcnglich gedacht<\/p>\n<p>Der Plan: Eine S\u00e4ule soll aufgebaut werden, &#8222;es sei denn, das Land Bayern steuert doch noch etwas bei&#8220;, sagt Holzapfel am Dienstag zur AZ. 2014 hat er einen Verein gegr\u00fcndet, um den Kini an seinen angestammten Platz zu bringen. Von einem Wiederaufbau des alten Denkmals hat man abgesehen, das w\u00e4re zu teuer und statisch schwer umsetzbar, hie\u00df es.<\/p>\n<p>Es sollte darum, so die Pl\u00e4ne noch vor zwei Jahren, eine &#8222;romantische Ruine&#8220; mit Begr\u00fcnung auf der Br\u00fccke werden.\u00a0 Auf jeden Fall besser als der aktuelle Zustand: &#8222;Der jetzige Platz ist so verkommen&#8220;, findet Holzapfel. &#8222;Es ist eigentlich ein Schandfleck&#8220;.\u00a0<\/p>\n<p>  <img decoding=\"async\" loading=\"lazy\" src=\"https:\/\/www.abendzeitung-muenchen.de\/storage\/image\/7\/1\/0\/9\/1539017_ohne-ruinen-aber-sehr-malerisch-so-soll-die-veraenderte-fassung-des-kini-de_artikelbild_1DNvz8_OguNM5.jpg\" alt=\"Ohne Ruinen, aber sehr malerisch: So soll die ver\u00e4nderte Fassung des Kini-Denkmals aussehen.\" title=\"Ohne Ruinen, aber sehr malerisch: So soll die ver\u00e4nderte Fassung des Kini-Denkmals aussehen.\" width=\"812\" height=\"459\"\/><\/p>\n<p>      Ohne Ruinen, aber sehr malerisch: So soll die ver\u00e4nderte Fassung des Kini-Denkmals aussehen.<br \/>\n      \u00a9 Baureferat<\/p>\n<p>    Ohne Ruinen, aber sehr malerisch: So soll die ver\u00e4nderte Fassung des Kini-Denkmals aussehen.<\/p>\n<p>von Baureferat <\/p>\n<p>&#8222;}&#8220;&gt; <\/p>\n<p>Die neuen Pl\u00e4ne sind nun kleiner geworden, aus Geldgr\u00fcnden. Trotzdem: &#8222;Es liegt mir sehr am Herzen, dass der Kini ein Denkmal bekommt&#8220;, sagt Holzapfel zur AZ. Es gebe zwar ein Denkmal in den Maximiliansanlagen, &#8222;aber das kennen noch nicht einmal die M\u00fcnchner&#8220;.\u00a0<\/p>\n<p>Einige Gro\u00dfspender h\u00e4tten das jetzt erm\u00f6glicht und auch viele Kleinspenden. Ganze 150.000 Euro k\u00e4men von der Deutschen Eiche selber. Bereits im M\u00e4rz diesen Jahres hat der st\u00e4dtische Bauausschuss f\u00fcr das verkleinerte Projekt <a href=\"https:\/\/www.abendzeitung-muenchen.de\/muenchen\/neues-muenchner-kini-denkmal-kommt-wird-aber-deutlich-kleiner-art-1041883\" target=\"_blank\" title=\"Neues M\u00fcnchner Kini-Denkmal kommt \u2013 wird aber deutlich kleiner\" rel=\"nofollow noopener\">gr\u00fcnes Licht gegeben<\/a>. Weil aber die Corneliusbr\u00fccke noch als Ausweiroute f\u00fcr die Ludwig<\/p>\n<p>  <img decoding=\"async\" loading=\"lazy\" src=\"https:\/\/www.europesays.com\/de\/wp-content\/uploads\/2025\/12\/1292703_artikelbild_1ACZQZ_QQ6gRD.jpg\" alt=\"Geheuchelte Erinnerung: Das 1910 errichtete, 1942 eingeschmolzene und 1969 abschlie\u00dfend beseitigte Denkmal f\u00fcr Ludwig II. an der Corneliusbr\u00fccke auf einer zeitgen\u00f6ssischen Postkarte. Heute steht dort der erhaltene Kopf auf einer S\u00e4ule, die Reste des Denkmals befinden sich im st\u00e4dtischen Steinlager.\" title=\"Geheuchelte Erinnerung: Das 1910 errichtete, 1942 eingeschmolzene und 1969 abschlie\u00dfend beseitigte Denkmal f\u00fcr Ludwig II. an der Corneliusbr\u00fccke auf einer zeitgen\u00f6ssischen Postkarte. Heute steht dort der erhaltene Kopf auf einer S\u00e4ule, die Reste des Denkmals befinden sich im st\u00e4dtischen Steinlager.\" width=\"812\" height=\"459\"\/><\/p>\n<p>      Geheuchelte Erinnerung: Das 1910 errichtete, 1942 eingeschmolzene und 1969 abschlie\u00dfend beseitigte Denkmal f\u00fcr Ludwig II. an der Corneliusbr\u00fccke auf einer zeitgen\u00f6ssischen Postkarte. Heute steht dort der erhaltene Kopf auf einer S\u00e4ule, die Reste des Denkmals befinden sich im st\u00e4dtischen Steinlager.<br \/>\n      \u00a9 imago images\/Heinz Gebhardt<\/p>\n<p>    Geheuchelte Erinnerung: Das 1910 errichtete, 1942 eingeschmolzene und 1969 abschlie\u00dfend beseitigte Denkmal f\u00fcr Ludwig II. an der Corneliusbr\u00fccke auf einer zeitgen\u00f6ssischen Postkarte. Heute steht dort der erhaltene Kopf auf einer S\u00e4ule, die Reste des Denkmals befinden sich im st\u00e4dtischen Steinlager.<\/p>\n<p>von imago images\/Heinz Gebhardt <\/p>\n<p>&#8222;}&#8220;&gt; <\/p>\n<p>Bis 1943 stand ein Denkmal des Kini an der Bastion der Corneliusbr\u00fccke, eine drei Meter hohe Bronzestatue umgeben von einer Conche, einer elf Meter hohen Muschel aus rosafarbenem Marmor. W\u00e4hrend des Zweiten Weltkriegs haben die Nazis die Statue dann im Rahmen der &#8222;Reichsmetallspende&#8220; f\u00fcr die Waffenproduktion eingeschmolzen.\u00a0<\/p>\n","protected":false},"excerpt":{"rendered":"&#8222;Bald&#8220; soll eine Statue vom M\u00e4rchenk\u00f6nig Ludwig II an der Corneliusbr\u00fccke stehen \u2013 das schrieb die AZ schon&hellip;\n","protected":false},"author":2,"featured_media":621135,"comment_status":"","ping_status":"","sticky":false,"template":"","format":"standard","meta":{"footnotes":""},"categories":[1827],"tags":[772,6849,11351,53613,29,53614,30,66966,59873,1268],"class_list":{"0":"post-621134","1":"post","2":"type-post","3":"status-publish","4":"format-standard","5":"has-post-thumbnail","7":"category-muenchen","8":"tag-bayern","9":"tag-corneliusbruecke","10":"tag-denkmal","11":"tag-deutsche-eiche","12":"tag-deutschland","13":"tag-dietmar-holzapfel","14":"tag-germany","15":"tag-kini","16":"tag-ludwig-ii","17":"tag-muenchen"},"share_on_mastodon":{"url":"https:\/\/pubeurope.com\/@de\/115657536296256166","error":""},"_links":{"self":[{"href":"https:\/\/www.europesays.com\/de\/wp-json\/wp\/v2\/posts\/621134","targetHints":{"allow":["GET"]}}],"collection":[{"href":"https:\/\/www.europesays.com\/de\/wp-json\/wp\/v2\/posts"}],"about":[{"href":"https:\/\/www.europesays.com\/de\/wp-json\/wp\/v2\/types\/post"}],"author":[{"embeddable":true,"href":"https:\/\/www.europesays.com\/de\/wp-json\/wp\/v2\/users\/2"}],"replies":[{"embeddable":true,"href":"https:\/\/www.europesays.com\/de\/wp-json\/wp\/v2\/comments?post=621134"}],"version-history":[{"count":0,"href":"https:\/\/www.europesays.com\/de\/wp-json\/wp\/v2\/posts\/621134\/revisions"}],"wp:featuredmedia":[{"embeddable":true,"href":"https:\/\/www.europesays.com\/de\/wp-json\/wp\/v2\/media\/621135"}],"wp:attachment":[{"href":"https:\/\/www.europesays.com\/de\/wp-json\/wp\/v2\/media?parent=621134"}],"wp:term":[{"taxonomy":"category","embeddable":true,"href":"https:\/\/www.europesays.com\/de\/wp-json\/wp\/v2\/categories?post=621134"},{"taxonomy":"post_tag","embeddable":true,"href":"https:\/\/www.europesays.com\/de\/wp-json\/wp\/v2\/tags?post=621134"}],"curies":[{"name":"wp","href":"https:\/\/api.w.org\/{rel}","templated":true}]}}