{"id":621136,"date":"2025-12-03T20:31:27","date_gmt":"2025-12-03T20:31:27","guid":{"rendered":"https:\/\/www.europesays.com\/de\/621136\/"},"modified":"2025-12-03T20:31:27","modified_gmt":"2025-12-03T20:31:27","slug":"kommunalwahl-2026-wer-wird-buergermeister-in-muenchen-und-neubiberg","status":"publish","type":"post","link":"https:\/\/www.europesays.com\/de\/621136\/","title":{"rendered":"Kommunalwahl 2026: Wer wird B\u00fcrgermeister in M\u00fcnchen \u2013 und Neubiberg?"},"content":{"rendered":"<p>        <strong>M\u00fcnchen<\/strong><\/p>\n<p>Bei der Kommunalwahl am 8. M\u00e4rz 2026 sind viele gespannt auf das landesweite Abschneiden der Parteien. Dabei ist die Wahl eigentlich eine Summe vieler kleiner Wahlen f\u00fcr Spitzen\u00e4mter vor Ort. Interessant werden die OB-Wahlen in gr\u00f6\u00dferen St\u00e4dten und manche Landratswahlen. Aber nicht nur. Eine beispielhafte Liste, wo es besonders interessant oder spannend wird:<\/p>\n<p>Oberbayern<\/p>\n<p><strong>In M\u00fcnchen<\/strong> wird das Rennen voraussichtlich unter drei erfahrenen Kommunalpolitikern ausgemacht: Amtsinhaber <a href=\"https:\/\/www.abendzeitung-muenchen.de\/person\/dieter-reiter\/\" target=\"_blank\" rel=\"noopener\">Dieter Reiter<\/a> von der <a href=\"https:\/\/www.abendzeitung-muenchen.de\/organisation\/spd\/\" target=\"_blank\" rel=\"noopener\">SPD<\/a> ist schon seit 2014 Oberb\u00fcrgermeister der Landeshauptstadt und m\u00f6chte ein drittes Mal das Vertrauen der B\u00fcrgerinnen und B\u00fcrger erlangen. Er profitiert von der Abschaffung der Altersgrenze f\u00fcr Kommunalpolitiker vor zwei Jahren \u2013 ohne diese Entscheidung der Staatsregierung h\u00e4tte er mit nunmehr 67 Jahren gerade so nicht noch einmal antreten d\u00fcrfen.<\/p>\n<p>Reiters Konkurrenten sind deutlich j\u00fcnger: <a href=\"https:\/\/www.abendzeitung-muenchen.de\/person\/dominik-krause\/\" target=\"_blank\" rel=\"noopener\">Dominik Krause<\/a> von den Gr\u00fcnen ist erst 35 Jahre alt, sitzt aber bereits seit mehr als einem Jahrzehnt im Stadtrat und wurde 2023 zum Zweiten B\u00fcrgermeister M\u00fcnchens gew\u00e4hlt. Von der <a href=\"https:\/\/www.abendzeitung-muenchen.de\/organisation\/csu\/\" target=\"_blank\" rel=\"noopener\">CSU<\/a> tritt der 1976 geborene Jurist Clemens Baumg\u00e4rtner an, der als ehemaliger Wirtschaftsreferent die Stadtverwaltung ebenfalls sehr gut kennt.<\/p>\n<p><strong>In Neubiberg<\/strong> h\u00e4lt die CSU trotz Drogen-Vorw\u00fcrfen an ihrem B\u00fcrgermeister fest und will mit ihm in den Kommunalwahlkampf ziehen. Thomas Pardeller war in M\u00fcnchen von der <a href=\"https:\/\/www.abendzeitung-muenchen.de\/organisation\/polizei\/\" target=\"_blank\" rel=\"noopener\">Polizei<\/a> mit Drogen erwischt worden. I<a href=\"https:\/\/www.abendzeitung-muenchen.de\/muenchen\/mit-geringer-menge-kokain-erwischt-wie-sich-neubibergs-buergermeister-entschuldigen-moechte-art-1087775\" title=\"Mit geringer Menge Kokain erwischt: Wie sich Neubibergs B\u00fcrgermeister entschuldigen m\u00f6chte\" target=\"_blank\" rel=\"noopener\">hm wird der Besitz von 0,2 Gramm Kokain vorgeworfen.<\/a>\u00a0In einer pers\u00f6nlichen Erkl\u00e4rung schrieb er: &#8222;Ich habe einen Riesenfehler, eine Riesendummheit gemacht.&#8220;<\/p>\n<p>Schwaben<\/p>\n<p><strong>In Augsburg<\/strong> strebt Oberb\u00fcrgermeisterin Eva Weber (CSU) eine zweite Amtszeit an, mehrere Gegenkandidaten wollen dies verhindern. Auch Webers gr\u00fcne Koalitionspartnerin, B\u00fcrgermeisterin Martina Wild, m\u00f6chte den Chefsessel im Rathaus erobern. F\u00fcr die Sozialdemokraten tritt der Stadtrats-Fraktionschef Florian Freund an, nachdem Weber vor sechs Jahren gegen den damaligen SPD-Kandidaten in die Stichwahl musste. In der Vergangenheit hatten in Bayerns drittgr\u00f6\u00dfter Stadt abwechselnd CSU- und SPD-OBs regiert.<\/p>\n<p>Eines der Hauptthemen des Wahlkampfs d\u00fcrfte das Kostendesaster bei der Sanierung des Augsburger Theaters werden. Die Modernisierung des Staatstheaters wurde einst mit 186 Millionen Euro berechnet, inzwischen stehen Kosten von 417 Millionen Euro im Raum.<\/p>\n<p>    <a href=\"https:\/\/www.abendzeitung-muenchen.de\/bayern\/so-funktioniert-die-kommunalwahl-in-bayern-art-1097109\" data-mrf-recirculation=\"Artikel-Link\" target=\"_blank\" rel=\"noopener\"><img decoding=\"async\" loading=\"lazy\" src=\"https:\/\/www.europesays.com\/de\/wp-content\/uploads\/2025\/12\/1632128_kommunalwahl-bayern_mehrzumthema_1FbWw__UaagV2.jpg\" alt=\"Am 8. M\u00e4rz stehen die n\u00e4chsten Kommunalwahlen in Bayern an. (Archivbild)\" title=\"Am 8. M\u00e4rz stehen die n\u00e4chsten Kommunalwahlen in Bayern an. (Archivbild)\" width=\"696\" height=\"390\"\/><\/a><\/p>\n<p>        <a href=\"https:\/\/www.abendzeitung-muenchen.de\/bayern\/so-funktioniert-die-kommunalwahl-in-bayern-art-1097109\" data-mrf-recirculation=\"Artikel-Link\" target=\"_blank\" rel=\"noopener\">So funktioniert die Kommunalwahl in Bayern        <\/a><\/p>\n<p>                X<\/p>\n<p>Sie haben den Artikel der Merkliste hinzugef\u00fcgt. <\/p>\n<p>                <a href=\"https:\/\/www.abendzeitung-muenchen.de\/meine-az\/merkliste\/\" title=\"Zur Merkliste\" target=\"_blank\" rel=\"noopener\"><br \/>\n                zur Merkliste<br \/>\n                <\/a>  <\/p>\n<p>\u00a0<\/p>\n<p>Einen ungew\u00f6hnlichen Seitentausch gibt es bei der B\u00fcrgermeisterwahl im schw\u00e4bischen WERTINGEN (Landkreis Dillingen an der Donau). Bernhard Uhl, der seit 2014 f\u00fcr die CSU Rathauschef in Zusmarshausen im Landkreis Augsburg war, tritt nun in Wertingen als parteiloser Bewerber f\u00fcr die Gr\u00fcnen an. Hintergrund ist, dass Uhl in Zusmarshausen CSU-intern nicht mehr unumstritten war. Daraufhin erkl\u00e4rte er die k\u00fcnftige Zusammenarbeit mit den Gr\u00fcnen und seinen Austritt bei den Christsozialen.<\/p>\n<p>Oberpfalz<\/p>\n<p>Ein Wechsel auf dem Chefsessel steht im Rathaus REGENSBURG an. Amtsinhaberin Gertrud Maltz-Schwarzfischer (SPD) tritt nicht mehr an und nannte daf\u00fcr famili\u00e4re Gr\u00fcnde. Als Kandidaten f\u00fcr ihre Nachfolge stellte ihre Partei Thomas Burger auf, den Vorsitzenden der Stadtratsfraktion.<\/p>\n<p>Maltz-Schwarzfischer hatte den Posten 2017 zun\u00e4chst kommissarisch \u00fcbernommen, und zwar von ihrem damals im Zusammenhang mit der sogenannten Parteispendenaff\u00e4re suspendierten Vorg\u00e4nger Joachim Wolbergs. 2020 trat die heute 65-J\u00e4hrige wieder an und setzte sich in einer Stichwahl gegen die CSU-Kandidatin Astrid Freudenstein durch. Diese geht auch 2026 wieder ins Rennen um den OB-Posten.<\/p>\n<p>Niederbayern<\/p>\n<p>Nach dem \u00fcberraschenden R\u00fccktritt des B\u00fcrgermeisters von DINGOLFING am 13. November d\u00fcrfte die Wahl in der niederbayerischen Stadt besonders in den Fokus r\u00fccken. Der 48-j\u00e4hrige Armin Grassinger (Unabh\u00e4ngige W\u00e4hlergemeinschaft Dingolfing\/UWG) hatte eigentlich im kommenden Jahr erneut antreten wollen. Aufgrund von Anfeindungen und Bedrohungen gegen sich und seine Familie zog er sich jedoch zur\u00fcck. Die Amtsgesch\u00e4fte \u00fcbernahm zun\u00e4chst die 2. B\u00fcrgermeisterin Maria Huber (UWG).<\/p>\n<p>Mittelfranken<\/p>\n<p><strong>In N\u00fcrnberg<\/strong>, Bayerns zweitgr\u00f6\u00dfter Stadt, wird spannend, ob dem CSU-Oberb\u00fcrgermeister Marcus K\u00f6nig wieder der Wahlsieg gelingt. N\u00fcrnberg galt jahrzehntelang (bis auf eine kurze Unterbrechung) als rote Hochburg. Doch als der beliebte SPD-Oberb\u00fcrgermeister <a href=\"https:\/\/www.abendzeitung-muenchen.de\/person\/ulrich-maly\/\" target=\"_blank\" rel=\"noopener\">Ulrich Maly<\/a> nach 18 Jahren im Amt bei der letzten Wahl 2020 nicht mehr antrat, eroberte der CSU-Politiker das N\u00fcrnberger Rathaus.<\/p>\n<p>Diesen fordert nun SPD-Spitzenkandidat Nasser Ahmed heraus. Sollte er gewinnen, w\u00fcrde N\u00fcrnberg erstmals von einem Oberb\u00fcrgermeister mit Migrationshintergrund regiert. Ahmeds Eltern stammen aus Eritrea, er selbst wurde in N\u00fcrnberg geboren.<\/p>\n<p>Unterfranken<\/p>\n<p><strong>In W\u00fcrzburg<\/strong> wird dieses Mal kein neuer Oberb\u00fcrgermeister gew\u00e4hlt. Mit Martin Heilig an der Rathausspitze gibt es seit dem 1. Juli erstmals einen gr\u00fcnen Oberb\u00fcrgermeister in Bayern \u2013 sein Vorg\u00e4nger Christian Schuchardt (<a href=\"https:\/\/www.abendzeitung-muenchen.de\/organisation\/cdu\/\" target=\"_blank\" rel=\"noopener\">CDU<\/a>) war im Sommer zum Deutschen St\u00e4dtetag gewechselt, die Wahl hatte deshalb vorgezogen werden m\u00fcssen.<\/p>\n<p>F\u00fcr Schlagzeilen d\u00fcrfte aber die Stadtratswahl sorgen, weil der umstrittene AfD-Landtagsabgeordnete Daniel Halemba f\u00fcr seine Partei als Spitzenkandidat ins Rennen geht. Der 24-J\u00e4hrige steht vom 7. Januar an vor dem Amtsgericht W\u00fcrzburg \u2013 wegen Volksverhetzung, Geldw\u00e4sche, Sachbesch\u00e4digung, N\u00f6tigung und versuchter N\u00f6tigung. Er weist die Vorw\u00fcrfe zur\u00fcck.<\/p>\n<p><strong>In Aschaffenburg<\/strong> will Oberb\u00fcrgermeister J\u00fcrgen Herzing (SPD) gerne in eine weitere Amtszeit gehen. Der 65-J\u00e4hrige tritt gegen mindestens vier Kandidaten an \u2013 darunter ist der Chef der \u00f6rtlichen Kriminalpolizei, Markus Schlemmer. Der Kriminaldirektor ist 57 Jahre alt, CSU-Mitglied und stellt auf das Thema Sicherheit ab.<\/p>\n<p>Der Miltenberger Landrat Jens Marco Scherf l\u00e4sst seine Dienstgesch\u00e4fte seit Monaten aus gesundheitlichen Gr\u00fcnden ruhen und tritt bei der Kommunalwahl auch nicht mehr an. Der Gr\u00fcnen-Politiker war 2014 erstmals zum Landrat von Miltenberg gew\u00e4hlt worden und hatte sich in der Migrationsdebatte auch bundesweit Geh\u00f6r verschafft. Um das Amt bewerben sich sechs Kandidaten. Die gr\u00f6\u00dften Chancen d\u00fcrften Bj\u00f6rn Bartels (CSU\/39) und Michael Sch\u00fc\u00dfler (FW\/40) haben.<\/p>\n<p>Oberfranken<\/p>\n<p><strong>In Bamberg<\/strong> will eine ehemalige bayerische Staatsministerin den Chefsessel im Rathaus f\u00fcr die CSU erobern: <a href=\"https:\/\/www.abendzeitung-muenchen.de\/person\/melanie-huml\/\" target=\"_blank\" rel=\"noopener\">Melanie Huml<\/a>, einst Gesundheits- und Europaministerin, tritt bei der OB-Wahl an. Lange war spekuliert worden, ob die 50-J\u00e4hrige in den Wahlkampf einsteigt und Oberb\u00fcrgermeisterin ihrer Heimatstadt werden will, Ende Oktober schlie\u00dflich wurde sie offiziell nominiert. Bisher hatte die bei Touristen und Ausfl\u00fcglern beliebte Welterbe-Stadt einen SPD-Oberb\u00fcrgermeister, Andreas Starke tritt jedoch nicht wieder an. Der Jurist war 2006 erstmals ins Amt gew\u00e4hlt worden. Seine Partei schickt nun Sebastian Niedermaier ins Rennen.<\/p>\n<p>Politik zwischen Hof und Berlin \u2013 das Ehepaar B\u00e4r kennt diesen Spagat seit Jahren. W\u00e4hrend <a href=\"https:\/\/www.abendzeitung-muenchen.de\/person\/dorothee-baer\/\" target=\"_blank\" rel=\"noopener\">Dorothee B\u00e4r<\/a> (CSU) inzwischen Bundesministerin f\u00fcr Forschung ist, will ihr Mann Oliver \u2013 auch bei der CSU \u2013 Landrat f\u00fcr den LANDKREIS HOF bleiben. Herausgefordert wird er von SPD-Kandidat Alexander Mosena und Stefan Heindl (<a href=\"https:\/\/www.abendzeitung-muenchen.de\/organisation\/fdp\/\" target=\"_blank\" rel=\"noopener\">FDP<\/a>). Bemerkenswert: Vor allem der Norden Bayerns galt jahrelang als vergleichsweise starkes SPD-Gebiet. B\u00e4r gewann 2014 eher \u00fcberraschend die Wahl, 2020 fiel sein Vorsprung deutlicher aus.<\/p>\n<p>Eine interessante Personalie ergibt sich <strong>in Lichtenberg<\/strong> im Landkreis Hof: Hier gewann 2020 ein 19-J\u00e4hriger die Kommunalwahl und wurde zum damals j\u00fcngsten B\u00fcrgermeister Deutschlands: Kristan von Waldenfels. Inzwischen ist seine politische Karriere weitergegangen, er sitzt f\u00fcr die CSU im <a href=\"https:\/\/www.abendzeitung-muenchen.de\/organisation\/bayerischer-landtag\/\" target=\"_blank\" rel=\"noopener\">bayerischen Landtag<\/a>, als bisher j\u00fcngster Abgeordneter \u00fcberhaupt. B\u00fcrgermeister in Lichtenberg ist er aber geblieben. Und will das auch nach der Wahl 2026 sein.<\/p>\n<p>Kristan von Waldenfels werde wieder kandidieren, hie\u00df es aus seinem Abgeordnetenb\u00fcro. Der junge Politiker selbst sagte, er habe seit seiner Wahl zum Landtagsabgeordneten immer wieder festgestellt, &#8222;wie sehr mir mein Amt als B\u00fcrgermeister hilft, die Konsequenzen einzusch\u00e4tzen, die parlamentarische Entscheidungen dann vor Ort tats\u00e4chlich haben&#8220;.<\/p>\n","protected":false},"excerpt":{"rendered":"M\u00fcnchen Bei der Kommunalwahl am 8. M\u00e4rz 2026 sind viele gespannt auf das landesweite Abschneiden der Parteien. Dabei&hellip;\n","protected":false},"author":2,"featured_media":621137,"comment_status":"","ping_status":"","sticky":false,"template":"","format":"standard","meta":{"footnotes":""},"categories":[1827],"tags":[772,8389,76378,29,8253,2177,30,10917,1268,2218,147201],"class_list":{"0":"post-621136","1":"post","2":"type-post","3":"status-publish","4":"format-standard","5":"has-post-thumbnail","7":"category-muenchen","8":"tag-bayern","9":"tag-buergermeister","10":"tag-clemens-baumgaertner","11":"tag-deutschland","12":"tag-dieter-reiter","13":"tag-dominik-krause","14":"tag-germany","15":"tag-kommunalwahl","16":"tag-muenchen","17":"tag-rathaus","18":"tag-thomas-pardeller"},"share_on_mastodon":{"url":"https:\/\/pubeurope.com\/@de\/115657538651673180","error":""},"_links":{"self":[{"href":"https:\/\/www.europesays.com\/de\/wp-json\/wp\/v2\/posts\/621136","targetHints":{"allow":["GET"]}}],"collection":[{"href":"https:\/\/www.europesays.com\/de\/wp-json\/wp\/v2\/posts"}],"about":[{"href":"https:\/\/www.europesays.com\/de\/wp-json\/wp\/v2\/types\/post"}],"author":[{"embeddable":true,"href":"https:\/\/www.europesays.com\/de\/wp-json\/wp\/v2\/users\/2"}],"replies":[{"embeddable":true,"href":"https:\/\/www.europesays.com\/de\/wp-json\/wp\/v2\/comments?post=621136"}],"version-history":[{"count":0,"href":"https:\/\/www.europesays.com\/de\/wp-json\/wp\/v2\/posts\/621136\/revisions"}],"wp:featuredmedia":[{"embeddable":true,"href":"https:\/\/www.europesays.com\/de\/wp-json\/wp\/v2\/media\/621137"}],"wp:attachment":[{"href":"https:\/\/www.europesays.com\/de\/wp-json\/wp\/v2\/media?parent=621136"}],"wp:term":[{"taxonomy":"category","embeddable":true,"href":"https:\/\/www.europesays.com\/de\/wp-json\/wp\/v2\/categories?post=621136"},{"taxonomy":"post_tag","embeddable":true,"href":"https:\/\/www.europesays.com\/de\/wp-json\/wp\/v2\/tags?post=621136"}],"curies":[{"name":"wp","href":"https:\/\/api.w.org\/{rel}","templated":true}]}}