{"id":621171,"date":"2025-12-03T20:50:23","date_gmt":"2025-12-03T20:50:23","guid":{"rendered":"https:\/\/www.europesays.com\/de\/621171\/"},"modified":"2025-12-03T20:50:23","modified_gmt":"2025-12-03T20:50:23","slug":"microsoft-dementiert-bericht-ueber-gesenkte-ziele","status":"publish","type":"post","link":"https:\/\/www.europesays.com\/de\/621171\/","title":{"rendered":"MICROSOFT dementiert Bericht \u00fcber gesenkte Ziele"},"content":{"rendered":"<ul class=\"instrument-list\" data-v-daf89000=\"\">\n<li data-v-daf89000=\"\">Dow Jones &#8211; WKN: 969420 &#8211; ISIN: US2605661048 &#8211; Kurs: 47.474,46 $ (NYSE)<\/li>\n<\/ul>\n<p data-v-daf89000=\"\">Microsoft hat einen Medienbericht zur\u00fcckgewiesen, wonach das Unternehmen die Umsatzziele f\u00fcr KI-bezogene Software gesenkt habe. Laut CNBC erkl\u00e4rte ein Sprecher, die Aussagen in dem Bericht von &#8222;The Information&#8220; seien falsch. Das Medium habe Wachstumsprognosen und Verkaufsziele vermischt und die Vertriebsstruktur missverstanden.<\/p>\n<p data-v-daf89000=\"\">Zuvor hatte &#8222;The Information&#8220; berichtet, Microsoft habe die Erwartungen an die Ausgabenbereitschaft der Kunden f\u00fcr KI-Agenten gesenkt, nachdem viele Vertriebsmitarbeiter ihre Ziele verfehlt h\u00e4tten. Die Aktie reagierte zun\u00e4chst negativ, erholte sich nach dem Dementi jedoch teilweise.<\/p>\n<p><img decoding=\"async\" src=\"https:\/\/www.europesays.com\/de\/wp-content\/uploads\/2025\/12\/8413344.png\" data-chart-id=\"8413344\" data-v-d3fec617=\"\"\/>Intraday-Entwicklung wichtiger Basiswerte (Indikationen)<\/p>\n<ul data-v-d3fec617=\"\">\n<li data-v-d3fec617=\"\"\/>\n<li data-v-d3fec617=\"\">Mehr anzeigen <\/li>\n<\/ul>\n<p data-v-daf89000=\"\">Urspr\u00fcnglicher Artikel:<\/p>\n<p>Gesenkte KI-Prognosen von MICROSOFT belasten Gesamtmarkt<\/p>\n<p data-v-daf89000=\"\"><b data-v-daf89000=\"\">Der weltgr\u00f6\u00dfte Softwarekonzern Microsoft hat Umsatzziele f\u00fcr bestimmte KI-Produkte einem Medienbericht zufolge reduziert, nachdem Kunden bisher verhalten auf die neuen Produkte reagieren.<\/b><\/p>\n<p data-v-daf89000=\"\">Mehrere Microsoft-Gesch\u00e4ftsbereiche haben ihre Wachstumsprognosen f\u00fcr KI-Software nach unten angepasst, wie die in der Regel gut informierte Branchenpublikation &#8222;The Information&#8220; berichtet.<\/p>\n<p data-v-daf89000=\"\">Bereits im vergangenen Gesch\u00e4ftsjahr, das im Juni endete, h\u00e4tten viele Vertriebsmitarbeiter ihre Zielvorgaben nicht erreicht, hei\u00dft es. Der Grund sei, dass Kunden bisher eher verhalten auf neue KI-Agenten reagieren.<\/p>\n<p data-v-daf89000=\"\">Die Nachricht hat am Mittwoch im vorb\u00f6rslichen Handel auch andere Technologiewerte und damit den Gesamtmarkt belastet. Die riesigen Investitionen im KI-Bereich waren zuletzt entscheidend f\u00fcr das Wachstum der US-Wirtschaft. Berichte \u00fcber eine schleppende Kundennachfrage k\u00f6nnten die \u00c4ngste vor Fehlinvestitionen im KI-Bereich wieder verst\u00e4rken.<\/p>\n<p><img decoding=\"async\" src=\"https:\/\/www.europesays.com\/de\/wp-content\/uploads\/2025\/12\/8412628.png\" data-chart-id=\"8412628\" data-v-d3fec617=\"\"\/>Intraday-Entwicklung wichtiger Basiswerte (Indikationen)<\/p>\n<ul data-v-d3fec617=\"\">\n<li data-v-d3fec617=\"\"\/>\n<li data-v-d3fec617=\"\">Mehr anzeigen <\/li>\n<\/ul>\n<p data-v-daf89000=\"\"><a href=\"https:\/\/stock3.com\/store\/stock3-select-296\" class=\"m-link\" tabindex=\"0\" data-v-daf89000=\"\" data-v-27ae1725=\"\" rel=\"nofollow noopener\" target=\"_blank\"><b data-v-daf89000=\"\">Du willst Einblick in ein Depot Deiner Wahl und die<\/b><\/a> <a href=\"https:\/\/stock3.com\/store\/stock3-select-296\" class=\"m-link\" tabindex=\"0\" data-v-daf89000=\"\" data-v-27ae1725=\"\" rel=\"nofollow noopener\" target=\"_blank\"><b data-v-daf89000=\"\">Top Picks von vier stock3-Experten? Dann teste jetzt unseren neuen Service stock3 Select!<\/b><\/a><\/p>\n<p data-v-daf89000=\"\"><a href=\"https:\/\/stock3.com\/store\/stock3-select-296\" class=\"m-link\" tabindex=\"0\" data-v-daf89000=\"\" data-v-27ae1725=\"\" rel=\"nofollow noopener\" target=\"_blank\"><img decoding=\"async\" src=\"https:\/\/www.europesays.com\/de\/wp-content\/uploads\/2025\/12\/stock3-select_v8_Pr\u00e4si (1).png\" data-v-daf89000=\"\"\/><\/a><\/p>\n<p data-v-daf89000=\"\"><a target=\"_blank\" rel=\"nofollow noopener\" href=\"https:\/\/inside.stock3.com\/offenlegung-der-chefredaktion-der-stock3-ag-wegen-moeglicher-interessenkonflikte\/\" class=\"m-link\" tabindex=\"0\" data-v-daf89000=\"\" data-v-27ae1725=\"\">Offenlegung der Chefredaktion der stock3 AG wegen m\u00f6glicher Interessenkonflikte<\/a><\/p>\n","protected":false},"excerpt":{"rendered":"Dow Jones &#8211; WKN: 969420 &#8211; ISIN: US2605661048 &#8211; Kurs: 47.474,46 $ (NYSE) Microsoft hat einen Medienbericht zur\u00fcckgewiesen,&hellip;\n","protected":false},"author":2,"featured_media":621172,"comment_status":"","ping_status":"","sticky":false,"template":"","format":"standard","meta":{"footnotes":""},"categories":[134],"tags":[175,170,169,29,30,171,174,173,172],"class_list":{"0":"post-621171","1":"post","2":"type-post","3":"status-publish","4":"format-standard","5":"has-post-thumbnail","7":"category-unternehmen-maerkte","8":"tag-business","9":"tag-companies","10":"tag-companies-markets","11":"tag-deutschland","12":"tag-germany","13":"tag-markets","14":"tag-maerkte","15":"tag-unternehmen","16":"tag-unternehmen-maerkte"},"share_on_mastodon":{"url":"https:\/\/pubeurope.com\/@de\/115657613571546492","error":""},"_links":{"self":[{"href":"https:\/\/www.europesays.com\/de\/wp-json\/wp\/v2\/posts\/621171","targetHints":{"allow":["GET"]}}],"collection":[{"href":"https:\/\/www.europesays.com\/de\/wp-json\/wp\/v2\/posts"}],"about":[{"href":"https:\/\/www.europesays.com\/de\/wp-json\/wp\/v2\/types\/post"}],"author":[{"embeddable":true,"href":"https:\/\/www.europesays.com\/de\/wp-json\/wp\/v2\/users\/2"}],"replies":[{"embeddable":true,"href":"https:\/\/www.europesays.com\/de\/wp-json\/wp\/v2\/comments?post=621171"}],"version-history":[{"count":0,"href":"https:\/\/www.europesays.com\/de\/wp-json\/wp\/v2\/posts\/621171\/revisions"}],"wp:featuredmedia":[{"embeddable":true,"href":"https:\/\/www.europesays.com\/de\/wp-json\/wp\/v2\/media\/621172"}],"wp:attachment":[{"href":"https:\/\/www.europesays.com\/de\/wp-json\/wp\/v2\/media?parent=621171"}],"wp:term":[{"taxonomy":"category","embeddable":true,"href":"https:\/\/www.europesays.com\/de\/wp-json\/wp\/v2\/categories?post=621171"},{"taxonomy":"post_tag","embeddable":true,"href":"https:\/\/www.europesays.com\/de\/wp-json\/wp\/v2\/tags?post=621171"}],"curies":[{"name":"wp","href":"https:\/\/api.w.org\/{rel}","templated":true}]}}