{"id":621181,"date":"2025-12-03T20:56:18","date_gmt":"2025-12-03T20:56:18","guid":{"rendered":"https:\/\/www.europesays.com\/de\/621181\/"},"modified":"2025-12-03T20:56:18","modified_gmt":"2025-12-03T20:56:18","slug":"silvester-2025-feuerwerksverbot-in-aachener-altstadt-alle-regeln","status":"publish","type":"post","link":"https:\/\/www.europesays.com\/de\/621181\/","title":{"rendered":"Silvester 2025: Feuerwerksverbot in Aachener Altstadt \u2013 alle Regeln"},"content":{"rendered":"<p class=\"Paragraph_paragraph__exhQA Paragraph_paragraph--default-lg-default__8QZrI articleParagraph\">Die Stadt Aachen hat f\u00fcr dieses Jahr Silvester erneut eine Allgemeinverf\u00fcgung zum Verbot von Feuerwerk erlassen. Das Verbot zum Abbrennen von Feuerwerksk\u00f6rpern gilt f\u00fcr den Zeitraum ab dem 31. Dezember 2025 0 Uhr bis zum 1. Januar 2026 24 Uhr. Nicht mitf\u00fchren darf man Feuerwerksk\u00f6rper in dem genannten Bereich ab dem 31. Dezember 2025\u00a018 Uhr bis zum 1. Januar 2026 24 Uhr. Die gesamte Allgemeinverf\u00fcgung gibt es online unter <a class=\"LinkText_link-text__4lolN annotation-link_annotationLink__nXU8B\" href=\"https:\/\/aachen.de\/ohnefeuerwerk\/\" target=\"_blank\" rel=\"nofollow noopener\">aachen.de\/ohnefeuerwerk<\/a>.<\/p>\n<p class=\"Paragraph_paragraph__exhQA Paragraph_paragraph--default-lg-default__8QZrI articleParagraph\">Wie die Stadt erkl\u00e4rt, ist das Verbot beschr\u00e4nkt auf das Mitf\u00fchren und Abbrennen von Feuerwerksk\u00f6rpern, die eine H\u00f6he von \u00fcber einem Meter erreichen k\u00f6nnen, auf und innerhalb des Grabenrings sowie dem Theaterplatz. Damit ist nicht die Gr\u00f6\u00dfe des Gegenstandes gemeint, sondern dessen Explosionsh\u00f6he. Verboten sind: Bodenfeuerwerk, das geeignet ist, die Effekte in einer H\u00f6he von mehr als einem Meter auszusto\u00dfen und Bodenfeuerwerk, das unkontrolliert eine H\u00f6he von \u00fcber einem Meter erreichen kann (Schw\u00e4rmer, Heuler und \u00c4hnliches). Knallfr\u00f6sche, Wunderkerzen und auch kleinere B\u00f6ller d\u00fcrfen frei im gesamten St\u00e4dtebereich mitgef\u00fchrt werden. <\/p>\n<p class=\"Paragraph_paragraph__exhQA Paragraph_paragraph--default-lg-default__8QZrI articleParagraph\">Im Jahr 2010 kam es in der Silvesternacht zu einem Brand in der Nikolauskirche. Verursacht durch eine Silvesterrakete, besch\u00e4digte das Feuer das Geb\u00e4ude und den historischen Hochaltar.\u00a0Deshalb soll die Allgemeinverf\u00fcgung die Bereiche sch\u00fctzen, in denen sich die historischen, religi\u00f6sen und kulturell sch\u00fctzenswerten Bauwerke konzentrieren, die durch das Silvesterfeuerwerk einer besonderen und erheblich gesteigerten Brandgefahr ausgesetzt sind.<\/p>\n<p class=\"Paragraph_paragraph__exhQA Paragraph_paragraph--default-lg-default__8QZrI articleParagraph\">Wer sich nicht an die Einschr\u00e4nkung h\u00e4lt und Feuerwerksk\u00f6rper im genannten Bereich mit sich f\u00fchrt oder anz\u00fcndet, muss mit einer Ordnungswidrigkeit und einer daraus resultierenden Geldstrafe von bis zu 1000 Euro rechnen. Das Ordnungsamt wird das Verbot in der Innenstadt kontrollieren. Auch Polizeikontrollen sind m\u00f6glich.<\/p>\n<p><a href=\"https:\/\/www.aachener-zeitung.de\/lokales\/region-aachen\/aachen\/was-der-himmelblaue-kaefer-bei-buergermeister-otten-macht\/107820048.html\" class=\"RelatedTeaser_related-teaser__w3AgI RelatedTeaser_related-teaser--image__GJcRr read-more_withImage__1YJa_\" data-article-id=\"107820048\" rel=\"nofollow noopener\" target=\"_blank\"><\/p>\n<p>Lesen Sie auch:Was der himmelblaue K\u00e4fer bei B\u00fcrgermeister Otten macht<\/p>\n<p><\/a><\/p>\n<p class=\"Paragraph_paragraph__exhQA Paragraph_paragraph--default-lg-default__8QZrI articleParagraph\">Zus\u00e4tzlich weist die Stadt Aachen darauf hin, dass gem\u00e4\u00df Paragraf 23 Absatz 1 der ersten Verordnung zum Sprengstoffgesetz das Abbrennen pyrotechnischer Gegenst\u00e4nde in unmittelbarer N\u00e4he von Kirchen, Krankenh\u00e4usern, Kinder- und Altersheimen sowie besonders brandempfindlichen Geb\u00e4uden oder Anlagen grunds\u00e4tzlich verboten ist. Dies gilt auch f\u00fcr alle Bereiche au\u00dferhalb des Grabenrings. Somit d\u00fcrfen zum Beispiel in Kornelim\u00fcnster oder Burtscheid auch nur eingeschr\u00e4nkt Feuerwerksk\u00f6rper gez\u00fcndet werden.<\/p>\n<p><a href=\"https:\/\/www.aachener-zeitung.de\/region-nrw\/tipps-fuer-die-adventszeit-wanderungen-luftspruenge-und-rasante-fahrten\/107881451.html\" class=\"RelatedTeaser_related-teaser__w3AgI RelatedTeaser_related-teaser--image__GJcRr read-more_withImage__1YJa_\" data-article-id=\"107881451\" rel=\"nofollow noopener\" target=\"_blank\"><\/p>\n<p>Lesen Sie auch:Tipps f\u00fcr die Adventszeit: Wanderungen, Luftspr\u00fcnge und rasante Fahrten<\/p>\n<p><\/a><\/p>\n<p class=\"Paragraph_paragraph__exhQA Paragraph_paragraph--default-lg-default__8QZrI articleParagraph\">Das Verbot zum Schutz der historischen, religi\u00f6sen und kulturell sch\u00fctzenswerten Bauwerke betrifft alle \u00f6ffentlichen Stra\u00dfen, Gehwege, Wege, Pl\u00e4tze und Anlagen sowie private Stra\u00dfen, Zuwegungen, Grundst\u00fccke und Geb\u00e4ude des innerst\u00e4dtischen Grabenrings und den von diesem umfassten Innenbereich sowie den Theaterplatz. Der innerst\u00e4dtische Grabenring umfasst:\u00a0Seilgraben, Komphausbadstra\u00dfe, Kurhausstra\u00dfe, Peterstra\u00dfe (ab Kurhaustra\u00dfe), Friedrich-Wilhelm-Platz, Kapuzinergraben, Alexianergraben, L\u00f6hergraben, Karlsgraben, Templergraben, Driescher G\u00e4sschen, Hirschgraben.<\/p>\n<p><a href=\"https:\/\/www.aachener-zeitung.de\/lokales\/region-aachen\/aachen\/mit-dem-blick-aus-forst-buergermeister-fuer-ganz-aachen\/108175732.html\" class=\"RelatedTeaser_related-teaser__w3AgI RelatedTeaser_related-teaser--image__GJcRr read-more_withImage__1YJa_\" data-article-id=\"108175732\" rel=\"nofollow noopener\" target=\"_blank\"><\/p>\n<p>Lesen Sie auch:Mit dem Blick aus Forst B\u00fcrgermeister f\u00fcr ganz Aachen<\/p>\n<p><\/a><\/p>\n","protected":false},"excerpt":{"rendered":"Die Stadt Aachen hat f\u00fcr dieses Jahr Silvester erneut eine Allgemeinverf\u00fcgung zum Verbot von Feuerwerk erlassen. Das Verbot&hellip;\n","protected":false},"author":2,"featured_media":621182,"comment_status":"","ping_status":"","sticky":false,"template":"","format":"standard","meta":{"footnotes":""},"categories":[1853],"tags":[1424,3364,29,548,663,3934,30,13,14,15,1209,12],"class_list":{"0":"post-621181","1":"post","2":"type-post","3":"status-publish","4":"format-standard","5":"has-post-thumbnail","7":"category-aachen","8":"tag-aachen","9":"tag-de","10":"tag-deutschland","11":"tag-eu","12":"tag-europa","13":"tag-europe","14":"tag-germany","15":"tag-headlines","16":"tag-nachrichten","17":"tag-news","18":"tag-nordrhein-westfalen","19":"tag-schlagzeilen"},"share_on_mastodon":{"url":"https:\/\/pubeurope.com\/@de\/115657636983304881","error":""},"_links":{"self":[{"href":"https:\/\/www.europesays.com\/de\/wp-json\/wp\/v2\/posts\/621181","targetHints":{"allow":["GET"]}}],"collection":[{"href":"https:\/\/www.europesays.com\/de\/wp-json\/wp\/v2\/posts"}],"about":[{"href":"https:\/\/www.europesays.com\/de\/wp-json\/wp\/v2\/types\/post"}],"author":[{"embeddable":true,"href":"https:\/\/www.europesays.com\/de\/wp-json\/wp\/v2\/users\/2"}],"replies":[{"embeddable":true,"href":"https:\/\/www.europesays.com\/de\/wp-json\/wp\/v2\/comments?post=621181"}],"version-history":[{"count":0,"href":"https:\/\/www.europesays.com\/de\/wp-json\/wp\/v2\/posts\/621181\/revisions"}],"wp:featuredmedia":[{"embeddable":true,"href":"https:\/\/www.europesays.com\/de\/wp-json\/wp\/v2\/media\/621182"}],"wp:attachment":[{"href":"https:\/\/www.europesays.com\/de\/wp-json\/wp\/v2\/media?parent=621181"}],"wp:term":[{"taxonomy":"category","embeddable":true,"href":"https:\/\/www.europesays.com\/de\/wp-json\/wp\/v2\/categories?post=621181"},{"taxonomy":"post_tag","embeddable":true,"href":"https:\/\/www.europesays.com\/de\/wp-json\/wp\/v2\/tags?post=621181"}],"curies":[{"name":"wp","href":"https:\/\/api.w.org\/{rel}","templated":true}]}}