{"id":621191,"date":"2025-12-03T21:02:16","date_gmt":"2025-12-03T21:02:16","guid":{"rendered":"https:\/\/www.europesays.com\/de\/621191\/"},"modified":"2025-12-03T21:02:16","modified_gmt":"2025-12-03T21:02:16","slug":"drk-gladbeck-kreisversammlung-2025-drk-gladbeck-praesentiert-starke-leistungsbilanz","status":"publish","type":"post","link":"https:\/\/www.europesays.com\/de\/621191\/","title":{"rendered":"DRK Gladbeck &#8211; Kreisversammlung 2025: DRK Gladbeck pr\u00e4sentiert starke Leistungsbilanz"},"content":{"rendered":"<p>                    Kreisversammlung 2025<br \/>\nDRK Gladbeck pr\u00e4sentiert starke Leistungsbilanz<\/p>\n<p><img class=\"imagecontainer\" decoding=\"auto\" data-aspect-ratio=\"0.666666667\" src=\"https:\/\/media04.lokalkompass.de\/article\/2025\/12\/03\/1\/13931531_L.webp?1764781617\" bad-src=\"data:image\/gif;base64,R0lGODlhAQABAIAAAAAAAP\/\/\/yH5BAEAAAAALAAAAAABAAEAAAIBRAA7\"\/><\/p>\n<p><b>Mit einer Mischung aus Zuversicht und Sorge blickten Gesch\u00e4ftsf\u00fchrer Stefan Walter und Pr\u00e4sidiumsvorsitzender Wilhelm Walter auf der Kreisversammlung des Deutschen Roten Kreuzes Gladbeck auf das Jahr 2025 zur\u00fcck. W\u00e4hrend mehrere Leistungsbereiche deutlich wachsen und sich das ehrenamtliche Engagement weiter stabilisiert, zeichnen sich f\u00fcr einzelne soziale Dienste und den Bev\u00f6lkerungsschutz erhebliche Herausforderungen ab.<\/b><\/p>\n<p><b>Hausnotruf: Zentrale Bedeutung weit \u00fcber Gladbeck hinaus<\/b><br \/>Der Hausnotruf geh\u00f6rt weiterhin zu den am st\u00e4rksten wachsenden S\u00e4ulen des Verbandes. Mittlerweile nutzen \u00fcber 1.400 Gladbeckerinnen und Gladbecker den Service. Was vielen B\u00fcrgerinnen und B\u00fcrgern nicht bewusst ist: Die gesamte Leistung \u2013 von der Installation \u00fcber die technische \u00dcberwachung bis zur Notrufannahme \u2013 wird vollst\u00e4ndig aus Gladbeck erbracht. Die Hausnotrufzentrale des DRK, durch die Pflegekassen zertifiziert, ist ein regionaler Knotenpunkt: Gemeinsam mit 19 Partnerverb\u00e4nden werden hier t\u00e4glich rund 40.000 Menschen betreut. \u201eDass wir aus Gladbeck heraus eine so gro\u00dfe Zahl an Menschen sicher versorgen, ist ein starkes Signal f\u00fcr Kompetenz und Zuverl\u00e4ssigkeit\u201c, betont Gesch\u00e4ftsf\u00fchrer Stefan Walter.<\/p>\n<p><b>Krankenfahrdienst: Wachstum bei hoher Qualit\u00e4t \u2013 einzige DEKRA-Zertifizierung der Region<br \/><\/b>Auch der Krankenfahrdienst verzeichnet ein stabiles Wachstum. Bislang wurden im Jahr 2025 knapp 5.000 Fahrten durchgef\u00fchrt \u2013 darunter Arztbesuche, Reha-Fahrten oder regelm\u00e4\u00dfige Dialysebef\u00f6rderungen. Immer wichtiger werden flexible Fahrten f\u00fcr \u00e4ltere oder gesundheitlich eingeschr\u00e4nkte Menschen, die keine Alternative haben. Besonders hervor sticht die DEKRA-Zertifizierung, die das DRK Gladbeck als einziges Unternehmen der Region besitzt. Sie best\u00e4tigt nach objektiven Standards Qualit\u00e4t, Sicherheit und Verl\u00e4sslichkeit \u2013 Kriterien, die gerade im medizinischen Fahrdienst zentral sind.<\/p>\n<p><b>Tafel Gladbeck: Hohe Nachfrage trifft auf ausbleibende Finanzierung<\/b><br \/>W\u00e4hrend die Nachfrage konstant hoch bleibt, steht die Tafel vor finanziellen Engp\u00e4ssen. F\u00fcr 2026 ist kein kommunaler Zuschuss vorgesehen \u2013 ein Umstand, der den Betrieb sp\u00fcrbar belastet.<br \/><b>Gleichzeitig gibt es Hoffnung:<\/b><br \/>Die Gespr\u00e4che mit der Stadt verlaufen laut DRK \u201ekonstruktiv und mit ersten positiven Zwischenergebnissen\u201c. Es wird mittelfristig zu entlastenden Hilfen kommen. Stadt und DRK werden bei Gegebenheit gemeinsam dar\u00fcber informieren. Eine besondere Rolle spielt auch die gemeinsame Weihnachtsaktion von Caritas und DRK unter dem Motto \u201eFreude schenken\u201c, die auf gro\u00dfe Resonanz gesto\u00dfen ist. \u201eOhne Spenden und ehrenamtliche Unterst\u00fctzung w\u00e4re diese Arbeit nicht m\u00f6glich\u201c, warnt Stefan Walter<\/p>\n<p><img class=\"imagecontainer\" decoding=\"auto\" data-aspect-ratio=\"0.291139241\" src=\"https:\/\/media04.lokalkompass.de\/article\/2025\/12\/03\/4\/13931534_L.webp?1764781744\" bad-src=\"data:image\/gif;base64,R0lGODlhAQABAIAAAAAAAP\/\/\/yH5BAEAAAAALAAAAAABAAEAAAIBRAA7\"\/><\/p>\n<p><b>Altkleidersammlung: \u201eEin Desaster\u201c \u2013 Verwertungsmarkt bricht weg<\/b><br \/>Deutliche Worte fand das Pr\u00e4sidium zur Situation der Altkleidersammlung.<br \/>\u201eDie Bewirtschaftung unserer Container ist derzeit ein Desaster\u201c, sagt Wilhelm Walter. Grund daf\u00fcr ist ein bundesweiter Trend: Der Markt f\u00fcr Textilverwertung ist eingebrochen, Abnehmer sind kaum noch zu finden, die Erl\u00f6se sinken drastisch. Das DRK sieht sich daher gezwungen, das gesamte Sammelsystem auf den Pr\u00fcfstand zu stellen. Da die Verantwortung f\u00fcr die Sammlung bei der Kommune liegt, laufen bereits Gespr\u00e4che \u00fcber neue Modelle \u2013 etwa Kooperationen oder eine teilweise Umstrukturierung.<\/p>\n<p><b>Blutspende: Lebensrettende Unterst\u00fctzung in Gladbeck \u2013 14 Termine geplant<\/b><br \/>Die Blutspende bleibt ein unverzichtbarer Bestandteil des Gesundheitswesens. In Gladbeck f\u00fchrt das DRK in diesem Jahr 14 zentrale Blutspendetermine durch. Dabei geht ein besonderer Dank an die B\u00fcrgerinnen und B\u00fcrger, die ehrenamtlich und regelm\u00e4\u00dfig Blut spenden. \u201eBlutspenden ist gelebte Solidarit\u00e4t \u2013 viele Leben werden dadurch gerettet\u201c, betont Wilhelm Walter.<\/p>\n<p><img class=\"imagecontainer\" decoding=\"auto\" data-aspect-ratio=\"1\" src=\"https:\/\/media04.lokalkompass.de\/article\/2025\/12\/03\/8\/13931528_L.webp?1764781459\" bad-src=\"data:image\/gif;base64,R0lGODlhAQABAIAAAAAAAP\/\/\/yH5BAEAAAAALAAAAAABAAEAAAIBRAA7\"\/><\/p>\n<p><b>Rotkreuzgemeinschaft: Ehrenamt mit hoher Professionalit\u00e4t<\/b><br \/>Einen Schwerpunkt der Jahresbilanz bildet das Engagement der Rotkreuzgemeinschaft. Die Helferinnen und Helfer waren 2025 an mehreren regionalen und \u00fcberregionalen Eins\u00e4tzen beteiligt \u2013 h\u00e4ufig unter anspruchsvollen Bedingungen. \u201eUnsere Ehrenamtlichen investieren ihre Freizeit in regelm\u00e4\u00dfige Ausbildungen und stehen rund um die Uhr bereit. Dieses Engagement ist keine Selbstverst\u00e4ndlichkeit\u201c, hebt Pr\u00e4sidiumsvorsitzender Wilhelm Walter hervor. Das Spektrum reicht von Sanit\u00e4tsdiensten bei Gro\u00dfveranstaltungen \u00fcber Katastrophenschutz\u00fcbungen bis hin zu konkreten Einsatzlagen im Bev\u00f6lkerungsschutz.<\/p>\n<p><img class=\"imagecontainer\" decoding=\"auto\" data-aspect-ratio=\"0.517991632\" src=\"https:\/\/media04.lokalkompass.de\/article\/2025\/12\/03\/7\/13931537_L.webp?1764781750\" bad-src=\"data:image\/gif;base64,R0lGODlhAQABAIAAAAAAAP\/\/\/yH5BAEAAAAALAAAAAABAAEAAAIBRAA7\"\/><\/p>\n<p><b>Appell an Kommunal- und Landespolitik: Infrastruktur sichern \u2013 transparente Schritte f\u00fcr die Rettungswache Brauck<\/b><br \/>In Richtung Kommunal- und Landespolitik betont das DRK Gladbeck die Bedeutung transparenter Entscheidungsprozesse beim Thema Rettungswache.<br \/>Der g\u00fcltige Rettungsdienstbedarfsplan sieht eine neue Rettungswache in Gladbeck-Brauck ausdr\u00fccklich vor. \u201eUns ist wichtig, dass die weiteren Schritte offen kommuniziert werden und nachvollziehbar bleiben \u2013 f\u00fcr die Bev\u00f6lkerung, f\u00fcr die Einsatzkr\u00e4fte und f\u00fcr alle beteiligten Organisationen\u201c, sagt Pr\u00e4sidiumsvorsitzender Wilhelm Walter. Das DRK signalisiert gleichzeitig seine Bereitschaft, konstruktiv mitzuwirken und gemeinsam mit der Stadt eine zukunftsf\u00e4hige L\u00f6sung zu entwickeln.<\/p>\n<p><b>Nordrhein-Westfalen-Plan f\u00fcr gute Infrastruktur:<\/b><br \/>Das DRK Gladbeck erinnert daran, dass der \u201eNordrhein-Westfalen-Plan f\u00fcr gute Infrastruktur\u201c die Einbeziehung freier Tr\u00e4ger und Hilfsorganisationen ausdr\u00fccklich vorsieht. \u201eWir erwarten, dass auch in Gladbeck hiervon Gebrauch gemacht wird\u201c.<\/p>\n<p><b>Das Deutsche Rote Kreuz in Gladbeck:<\/b><br \/>Das Deutsche Rote Kreuz Gladbeck ist ein breit aufgestellter Wohlfahrtsverband und Hilfsorganisation, ein sozialer Dienstleister mit Angeboten in Hausnotruf, Krankenfahrdienst, Tafelarbeit, Blutspende, Altkleidersammlung, Bev\u00f6lkerungsschutz, Breitenausbildung und Ehrenamt. Der eingetragene, gemeinn\u00fctzige Verein ist mit gut 1500 Mitgliedern einer der gr\u00f6\u00dften Gladbecker Vereine.<br \/>Die DRK-Zentrale liegt an der Europastr. in Gladbeck Brauck und ist 24 Stunden besetzt und durchgehend erreichbar.<\/p>\n","protected":false},"excerpt":{"rendered":"Kreisversammlung 2025 DRK Gladbeck pr\u00e4sentiert starke Leistungsbilanz Mit einer Mischung aus Zuversicht und Sorge blickten Gesch\u00e4ftsf\u00fchrer Stefan Walter&hellip;\n","protected":false},"author":2,"featured_media":621192,"comment_status":"","ping_status":"","sticky":false,"template":"","format":"standard","meta":{"footnotes":""},"categories":[1848],"tags":[3364,29,548,663,3934,3658,30,13,14,15,1209,12],"class_list":{"0":"post-621191","1":"post","2":"type-post","3":"status-publish","4":"format-standard","5":"has-post-thumbnail","7":"category-gelsenkirchen","8":"tag-de","9":"tag-deutschland","10":"tag-eu","11":"tag-europa","12":"tag-europe","13":"tag-gelsenkirchen","14":"tag-germany","15":"tag-headlines","16":"tag-nachrichten","17":"tag-news","18":"tag-nordrhein-westfalen","19":"tag-schlagzeilen"},"share_on_mastodon":{"url":"https:\/\/pubeurope.com\/@de\/115657662125362946","error":""},"_links":{"self":[{"href":"https:\/\/www.europesays.com\/de\/wp-json\/wp\/v2\/posts\/621191","targetHints":{"allow":["GET"]}}],"collection":[{"href":"https:\/\/www.europesays.com\/de\/wp-json\/wp\/v2\/posts"}],"about":[{"href":"https:\/\/www.europesays.com\/de\/wp-json\/wp\/v2\/types\/post"}],"author":[{"embeddable":true,"href":"https:\/\/www.europesays.com\/de\/wp-json\/wp\/v2\/users\/2"}],"replies":[{"embeddable":true,"href":"https:\/\/www.europesays.com\/de\/wp-json\/wp\/v2\/comments?post=621191"}],"version-history":[{"count":0,"href":"https:\/\/www.europesays.com\/de\/wp-json\/wp\/v2\/posts\/621191\/revisions"}],"wp:featuredmedia":[{"embeddable":true,"href":"https:\/\/www.europesays.com\/de\/wp-json\/wp\/v2\/media\/621192"}],"wp:attachment":[{"href":"https:\/\/www.europesays.com\/de\/wp-json\/wp\/v2\/media?parent=621191"}],"wp:term":[{"taxonomy":"category","embeddable":true,"href":"https:\/\/www.europesays.com\/de\/wp-json\/wp\/v2\/categories?post=621191"},{"taxonomy":"post_tag","embeddable":true,"href":"https:\/\/www.europesays.com\/de\/wp-json\/wp\/v2\/tags?post=621191"}],"curies":[{"name":"wp","href":"https:\/\/api.w.org\/{rel}","templated":true}]}}