{"id":621197,"date":"2025-12-03T21:05:23","date_gmt":"2025-12-03T21:05:23","guid":{"rendered":"https:\/\/www.europesays.com\/de\/621197\/"},"modified":"2025-12-03T21:05:23","modified_gmt":"2025-12-03T21:05:23","slug":"wunschbaum-der-tiere-im-luisenpark","status":"publish","type":"post","link":"https:\/\/www.europesays.com\/de\/621197\/","title":{"rendered":"&#8222;Wunschbaum der Tiere&#8220; im Luisenpark"},"content":{"rendered":"<p class=\"ar-p\"><strong>Mannheim.<\/strong> Die Vorweihnachtszeit hat begonnen, auch im Luisenpark. Seit gestern ziert nicht nur eine Holz-Krippe den Eingangsbereich, sondern auch ein festlich geschm\u00fcckter Weihnachtsbaum, der &#8222;Wunschbaum der Tiere&#8220;. Die Tierpfleger Norman Jacob und Tim Limbeck hatten die Idee, den Tieren kleine Geschenke zu machen. &#8222;Da wir die Tiere nicht nur tagt\u00e4glich f\u00fcttern, sondern sie auch besch\u00e4ftigen, um deren Wohlbefinden sicherzustellen, brauchen wir immer wieder anregende Spielsachen und Gegenst\u00e4nde, die die Tiere fordern&#8220;, erkl\u00e4rt Norman Jacob. &#8222;Also haben wir in der Adventszeit unseren Weihnachtsbaum mit den Wunschzetteln der Tiere geschm\u00fcckt!&#8220; <\/p>\n<p>AdUnit Mobile_Pos2<\/p>\n<p>AdUnit Content_1<\/p>\n<p class=\"ar-p\">Auf den kleinen wei\u00dfen Zetteln am Wunschbaum stehen die unterschiedlichsten Dinge, vom gelben Ball f\u00fcr die Pinguine, einer Kratzmatte f\u00fcr die Esel im Herzogenriedpark bis hin zum neuen Einfamilienhaus f\u00fcr den Einsiedlerkrebs in der Unterwasserwelt. <\/p>\n<p class=\"ar-p\"><strong>So funktioniert der Wunschbaum im Luisenpark<\/strong> <\/p>\n<p class=\"ar-p\">Auf den wei\u00dfen Zetteln, die sich die Besucher einfach von der Schnur l\u00f6sen und mitnehmen k\u00f6nnen, ist der Tierwunsch abgebildet und was er kostet \u2013 von 6,99 Euro bis 175,- Euro ist f\u00fcr jeden Geldbeutel etwas dabei. Pro Wunsch verbleibt ein rotes Dankesschild am Baum. Wer spenden will, macht sich also den wei\u00dfen Zettel mit dem Wunschgeschenk ab, nimmt ihn mit nach Hause und folgt den Anweisungen auf der R\u00fcckseite: Einfach den Betrag des ausgew\u00e4hlten Tierprodukts \u00fcber die aufgef\u00fchrte Kontodaten des Luisenparks mit Verwendungszweck \u00fcberweisen. Wer m\u00f6chte, bekommt im Nachgang ein Bild von seinem bedachten Tier mit dem neuen Spielzeug oder dem Futterfeature per Mail zugeschickt. Daf\u00fcr muss man nur, ebenfalls auf dem Wunschzettel erkl\u00e4rt, eine Mail an die Tierhaltung schrieben.<\/p>\n<p class=\"ar-p\">Noch bevor der Baum vollends geschm\u00fcckt war, kamen schon erste interessierte Besucher: Eva-Maria und Friedrich Hesse aus den L-Quadraten spendeten f\u00fcr die Rinder, die ihnen sehr am Herzen liegen, einen Heukegel. <\/p>\n","protected":false},"excerpt":{"rendered":"Mannheim. Die Vorweihnachtszeit hat begonnen, auch im Luisenpark. Seit gestern ziert nicht nur eine Holz-Krippe den Eingangsbereich, sondern&hellip;\n","protected":false},"author":2,"featured_media":621198,"comment_status":"","ping_status":"","sticky":false,"template":"","format":"standard","meta":{"footnotes":""},"categories":[1845],"tags":[1634,3364,29,548,663,3934,30,13,2096,14,15,12],"class_list":{"0":"post-621197","1":"post","2":"type-post","3":"status-publish","4":"format-standard","5":"has-post-thumbnail","7":"category-mannheim","8":"tag-baden-wuerttemberg","9":"tag-de","10":"tag-deutschland","11":"tag-eu","12":"tag-europa","13":"tag-europe","14":"tag-germany","15":"tag-headlines","16":"tag-mannheim","17":"tag-nachrichten","18":"tag-news","19":"tag-schlagzeilen"},"share_on_mastodon":{"url":"https:\/\/pubeurope.com\/@de\/115657672342601754","error":""},"_links":{"self":[{"href":"https:\/\/www.europesays.com\/de\/wp-json\/wp\/v2\/posts\/621197","targetHints":{"allow":["GET"]}}],"collection":[{"href":"https:\/\/www.europesays.com\/de\/wp-json\/wp\/v2\/posts"}],"about":[{"href":"https:\/\/www.europesays.com\/de\/wp-json\/wp\/v2\/types\/post"}],"author":[{"embeddable":true,"href":"https:\/\/www.europesays.com\/de\/wp-json\/wp\/v2\/users\/2"}],"replies":[{"embeddable":true,"href":"https:\/\/www.europesays.com\/de\/wp-json\/wp\/v2\/comments?post=621197"}],"version-history":[{"count":0,"href":"https:\/\/www.europesays.com\/de\/wp-json\/wp\/v2\/posts\/621197\/revisions"}],"wp:featuredmedia":[{"embeddable":true,"href":"https:\/\/www.europesays.com\/de\/wp-json\/wp\/v2\/media\/621198"}],"wp:attachment":[{"href":"https:\/\/www.europesays.com\/de\/wp-json\/wp\/v2\/media?parent=621197"}],"wp:term":[{"taxonomy":"category","embeddable":true,"href":"https:\/\/www.europesays.com\/de\/wp-json\/wp\/v2\/categories?post=621197"},{"taxonomy":"post_tag","embeddable":true,"href":"https:\/\/www.europesays.com\/de\/wp-json\/wp\/v2\/tags?post=621197"}],"curies":[{"name":"wp","href":"https:\/\/api.w.org\/{rel}","templated":true}]}}