{"id":621210,"date":"2025-12-03T21:13:14","date_gmt":"2025-12-03T21:13:14","guid":{"rendered":"https:\/\/www.europesays.com\/de\/621210\/"},"modified":"2025-12-03T21:13:14","modified_gmt":"2025-12-03T21:13:14","slug":"theaterfreunde-wuppertal-blicken-bei-jahreshauptversammlung-optimistisch-in-die-zukunft","status":"publish","type":"post","link":"https:\/\/www.europesays.com\/de\/621210\/","title":{"rendered":"Theaterfreunde Wuppertal blicken bei Jahreshauptversammlung optimistisch in die Zukunft"},"content":{"rendered":"<p class=\"text_ohne_einzug richtext text-em-55 !leading-serif mx-6 desktop:mx-0\">Es war eine kurzweilige Jahreshauptversammlung des Vereins Theaterfreunde Wuppertal, zu der der Vorsitzende Peter Vaupel das zahlreich erschienene Publikum herzlich in der Glashalle der Sparkasse begr\u00fc\u00dfte. Mit dabei waren auch die neue Gesch\u00e4ftsf\u00fchrerin der Wuppertaler B\u00fchnen Heide Koch, Intendanten von Oper und Schauspiel, Rebekah Rota und Thomas Braus, sowie Orchesterdirektor Raimund Kunze.<\/p>\n","protected":false},"excerpt":{"rendered":"Es war eine kurzweilige Jahreshauptversammlung des Vereins Theaterfreunde Wuppertal, zu der der Vorsitzende Peter Vaupel das zahlreich erschienene&hellip;\n","protected":false},"author":2,"featured_media":621211,"comment_status":"","ping_status":"","sticky":false,"template":"","format":"standard","meta":{"footnotes":""},"categories":[1840],"tags":[136073,9223,3364,29,30,5929,1209,97,78197,109943,147204,147203,6903,58519,4787,147202,10434,53385,4418,6226],"class_list":{"0":"post-621210","1":"post","2":"type-post","3":"status-publish","4":"format-standard","5":"has-post-thumbnail","7":"category-wuppertal","8":"tag-augenblicke","9":"tag-buehnen","10":"tag-de","11":"tag-deutschland","12":"tag-germany","13":"tag-mitglieder","14":"tag-nordrhein-westfalen","15":"tag-oper","16":"tag-opernclubs","17":"tag-opernintendantin","18":"tag-opernsaengerin","19":"tag-peter-vaupel","20":"tag-schauspiel","21":"tag-schauspielintendant","22":"tag-sparkasse","23":"tag-theaterfreunde","24":"tag-verein","25":"tag-vereinsmitglieder","26":"tag-wuppertal","27":"tag-wuppertaler"},"share_on_mastodon":{"url":"https:\/\/pubeurope.com\/@de\/115657703811811600","error":""},"_links":{"self":[{"href":"https:\/\/www.europesays.com\/de\/wp-json\/wp\/v2\/posts\/621210","targetHints":{"allow":["GET"]}}],"collection":[{"href":"https:\/\/www.europesays.com\/de\/wp-json\/wp\/v2\/posts"}],"about":[{"href":"https:\/\/www.europesays.com\/de\/wp-json\/wp\/v2\/types\/post"}],"author":[{"embeddable":true,"href":"https:\/\/www.europesays.com\/de\/wp-json\/wp\/v2\/users\/2"}],"replies":[{"embeddable":true,"href":"https:\/\/www.europesays.com\/de\/wp-json\/wp\/v2\/comments?post=621210"}],"version-history":[{"count":0,"href":"https:\/\/www.europesays.com\/de\/wp-json\/wp\/v2\/posts\/621210\/revisions"}],"wp:featuredmedia":[{"embeddable":true,"href":"https:\/\/www.europesays.com\/de\/wp-json\/wp\/v2\/media\/621211"}],"wp:attachment":[{"href":"https:\/\/www.europesays.com\/de\/wp-json\/wp\/v2\/media?parent=621210"}],"wp:term":[{"taxonomy":"category","embeddable":true,"href":"https:\/\/www.europesays.com\/de\/wp-json\/wp\/v2\/categories?post=621210"},{"taxonomy":"post_tag","embeddable":true,"href":"https:\/\/www.europesays.com\/de\/wp-json\/wp\/v2\/tags?post=621210"}],"curies":[{"name":"wp","href":"https:\/\/api.w.org\/{rel}","templated":true}]}}