{"id":621220,"date":"2025-12-03T21:18:22","date_gmt":"2025-12-03T21:18:22","guid":{"rendered":"https:\/\/www.europesays.com\/de\/621220\/"},"modified":"2025-12-03T21:18:22","modified_gmt":"2025-12-03T21:18:22","slug":"krieg-selenskyj-kuendigt-weitere-gespraeche-mit-den-usa-an","status":"publish","type":"post","link":"https:\/\/www.europesays.com\/de\/621220\/","title":{"rendered":"Krieg &#8211; Selenskyj k\u00fcndigt weitere Gespr\u00e4che mit den USA an"},"content":{"rendered":"<p>                    <img decoding=\"async\" loading=\"lazy\" class=\"internal-image\" title=\"Ukraines Pr\u00e4sident Selenskyj bei einer Pressekonferenz\" alt=\"Ukraines Pr\u00e4sident Selenskyj bei einer Pressekonferenz\" src=\"https:\/\/www.europesays.com\/de\/wp-content\/uploads\/2025\/10\/selenskyj-vor-flagge-100-1920x1080.jpg\" \/><\/p>\n<p>                  Ukraines Pr\u00e4sident Selenskyj. (picture alliance \/ ZUMAPRESS.com \/ Andreas Stroh)<\/p>\n<p>In seiner abendlichen Videobotschaft sagte Selenskyj, man bereite Treffen in den Vereinigten Staaten vor. Derzeit laufe alles recht erfolgreich, sagte er mit Blick auf Verhandlungen in Genf und Florida \u00fcber einen US-Plan f\u00fcr ein m\u00f6gliches Ende des Ukraine-Kriegs. Er forderte abermals Druck auf Russland. Von der Kombination konstruktiver Diplomatie und Druck auf den Aggressor h\u00e4nge alles ab, sagte Selenskyj.<\/p>\n<p>Der US-Sondergesandte Witkoff\u00a0hatte bei seinem sechsten Treffen mit Putin den Stand der US-\u00dcberlegungen f\u00fcr einen Frieden im Ukraine-Krieg erl\u00e4utert. Erstmals wurde er im Kreml von Trumps Schwiegersohn Kushner begleitet. Putins au\u00dfenpolitischer Berater Uschakow sagte nach dem f\u00fcnfst\u00fcndigen Treffen, es sei noch kein Kompromiss gefunden worden.\u00a0Russland greift die Ukraine t\u00e4glich mit ungeminderter H\u00e4rte an.<\/p>\n<p>Diese Nachricht wurde am 03.12.2025 im Programm Deutschlandfunk gesendet.<\/p>\n","protected":false},"excerpt":{"rendered":"Ukraines Pr\u00e4sident Selenskyj. (picture alliance \/ ZUMAPRESS.com \/ Andreas Stroh) In seiner abendlichen Videobotschaft sagte Selenskyj, man bereite&hellip;\n","protected":false},"author":2,"featured_media":478554,"comment_status":"","ping_status":"","sticky":false,"template":"","format":"standard","meta":{"footnotes":""},"categories":[4012],"tags":[331,332,13,14,15,12,317],"class_list":{"0":"post-621220","1":"post","2":"type-post","3":"status-publish","4":"format-standard","5":"has-post-thumbnail","7":"category-ukraine","8":"tag-aktuelle-nachrichten","9":"tag-aktuelle-news","10":"tag-headlines","11":"tag-nachrichten","12":"tag-news","13":"tag-schlagzeilen","14":"tag-ukraine"},"share_on_mastodon":{"url":"https:\/\/pubeurope.com\/@de\/115657723479155909","error":""},"_links":{"self":[{"href":"https:\/\/www.europesays.com\/de\/wp-json\/wp\/v2\/posts\/621220","targetHints":{"allow":["GET"]}}],"collection":[{"href":"https:\/\/www.europesays.com\/de\/wp-json\/wp\/v2\/posts"}],"about":[{"href":"https:\/\/www.europesays.com\/de\/wp-json\/wp\/v2\/types\/post"}],"author":[{"embeddable":true,"href":"https:\/\/www.europesays.com\/de\/wp-json\/wp\/v2\/users\/2"}],"replies":[{"embeddable":true,"href":"https:\/\/www.europesays.com\/de\/wp-json\/wp\/v2\/comments?post=621220"}],"version-history":[{"count":0,"href":"https:\/\/www.europesays.com\/de\/wp-json\/wp\/v2\/posts\/621220\/revisions"}],"wp:featuredmedia":[{"embeddable":true,"href":"https:\/\/www.europesays.com\/de\/wp-json\/wp\/v2\/media\/478554"}],"wp:attachment":[{"href":"https:\/\/www.europesays.com\/de\/wp-json\/wp\/v2\/media?parent=621220"}],"wp:term":[{"taxonomy":"category","embeddable":true,"href":"https:\/\/www.europesays.com\/de\/wp-json\/wp\/v2\/categories?post=621220"},{"taxonomy":"post_tag","embeddable":true,"href":"https:\/\/www.europesays.com\/de\/wp-json\/wp\/v2\/tags?post=621220"}],"curies":[{"name":"wp","href":"https:\/\/api.w.org\/{rel}","templated":true}]}}