{"id":621221,"date":"2025-12-03T21:19:11","date_gmt":"2025-12-03T21:19:11","guid":{"rendered":"https:\/\/www.europesays.com\/de\/621221\/"},"modified":"2025-12-03T21:19:11","modified_gmt":"2025-12-03T21:19:11","slug":"stimmung-der-dienstleister-hellt-sich-unerwartet-auf","status":"publish","type":"post","link":"https:\/\/www.europesays.com\/de\/621221\/","title":{"rendered":"Stimmung der Dienstleister hellt sich unerwartet auf"},"content":{"rendered":"<p>&#8222;Damit liegt er nun komfortabel oberhalb der Wachstumsgrenze, sodass die konjunkturellen Sorgenfalten etwas kleiner werden d\u00fcrften &#8211; trotz der Tatsache, dass sich das Pendant im Verarbeitenden Gewerbe im Kontraktionsbereich nochmals abgeschw\u00e4cht hat&#8220;, kommentierte Ulrich Wortberg, Analyst bei der Landesbank Helaba. &#8222;Erwartungen einer Fed-Zinssenkung in der kommenden Woche k\u00f6nnten etwas ged\u00e4mpft werden, wenngleich zu ber\u00fccksichtigen ist, dass der heute ver\u00f6ffentlichte ADP-Report auf eine schw\u00e4chere Situation am Arbeitsmarkt hingewiesen hat.&#8220;<\/p>\n<p>Gest\u00fctzt wurden die ISM-Daten vor allem durch den Besch\u00e4ftigungsindikator. Er liegt aber weiter unter der Wachstumsschwelle. Die Indikatoren f\u00fcr bezahlte Preise und neue Auftr\u00e4ge gaben hingegen nach. Beide Werte liegen jedoch \u00fcber der Wachstumsschwelle.<\/p>\n","protected":false},"excerpt":{"rendered":"&#8222;Damit liegt er nun komfortabel oberhalb der Wachstumsgrenze, sodass die konjunkturellen Sorgenfalten etwas kleiner werden d\u00fcrften &#8211; trotz&hellip;\n","protected":false},"author":2,"featured_media":621222,"comment_status":"","ping_status":"","sticky":false,"template":"","format":"standard","meta":{"footnotes":""},"categories":[3977],"tags":[331,332,147208,1778,147209,36664,92,147210,129356,13,38024,10268,67601,9991,14,15,9989,12,147207,4017,4018,4016,64,4019,4020,54053,9992],"class_list":{"0":"post-621221","1":"post","2":"type-post","3":"status-publish","4":"format-standard","5":"has-post-thumbnail","7":"category-usa","8":"tag-aktuelle-nachrichten","9":"tag-aktuelle-news","10":"tag-art-and-culture","11":"tag-cinema","12":"tag-deauville-american-film-festival","13":"tag-economy","14":"tag-film","15":"tag-film-festival","16":"tag-finanzen-und-dienstleistungen","17":"tag-headlines","18":"tag-horizontal","19":"tag-konjunktur","20":"tag-konjunkturindikator","21":"tag-kurz","22":"tag-nachrichten","23":"tag-news","24":"tag-nord-und-mittelamerika","25":"tag-schlagzeilen","26":"tag-tempe","27":"tag-united-states","28":"tag-united-states-of-america","29":"tag-us","30":"tag-usa","31":"tag-vereinigte-staaten","32":"tag-vereinigte-staaten-von-amerika","33":"tag-wirtschaft-boerse","34":"tag-wissen-update-me"},"share_on_mastodon":{"url":"https:\/\/pubeurope.com\/@de\/115657727415855339","error":""},"_links":{"self":[{"href":"https:\/\/www.europesays.com\/de\/wp-json\/wp\/v2\/posts\/621221","targetHints":{"allow":["GET"]}}],"collection":[{"href":"https:\/\/www.europesays.com\/de\/wp-json\/wp\/v2\/posts"}],"about":[{"href":"https:\/\/www.europesays.com\/de\/wp-json\/wp\/v2\/types\/post"}],"author":[{"embeddable":true,"href":"https:\/\/www.europesays.com\/de\/wp-json\/wp\/v2\/users\/2"}],"replies":[{"embeddable":true,"href":"https:\/\/www.europesays.com\/de\/wp-json\/wp\/v2\/comments?post=621221"}],"version-history":[{"count":0,"href":"https:\/\/www.europesays.com\/de\/wp-json\/wp\/v2\/posts\/621221\/revisions"}],"wp:featuredmedia":[{"embeddable":true,"href":"https:\/\/www.europesays.com\/de\/wp-json\/wp\/v2\/media\/621222"}],"wp:attachment":[{"href":"https:\/\/www.europesays.com\/de\/wp-json\/wp\/v2\/media?parent=621221"}],"wp:term":[{"taxonomy":"category","embeddable":true,"href":"https:\/\/www.europesays.com\/de\/wp-json\/wp\/v2\/categories?post=621221"},{"taxonomy":"post_tag","embeddable":true,"href":"https:\/\/www.europesays.com\/de\/wp-json\/wp\/v2\/tags?post=621221"}],"curies":[{"name":"wp","href":"https:\/\/api.w.org\/{rel}","templated":true}]}}