{"id":621251,"date":"2025-12-03T21:38:12","date_gmt":"2025-12-03T21:38:12","guid":{"rendered":"https:\/\/www.europesays.com\/de\/621251\/"},"modified":"2025-12-03T21:38:12","modified_gmt":"2025-12-03T21:38:12","slug":"zschaepe-im-nsu-prozess-in-dresden-ich-schaeme-mich","status":"publish","type":"post","link":"https:\/\/www.europesays.com\/de\/621251\/","title":{"rendered":"Zsch\u00e4pe im NSU-Prozess in Dresden: &#8222;Ich sch\u00e4me mich&#8220;"},"content":{"rendered":"<p class=\"text\">\nDie als Zeugin geladene Zsch\u00e4pe belastete die angeklagte Susann Eminger mit ihrer Aussage. Sie best\u00e4tigte, dass sie mehrere Karten von Eminger f\u00fcr Arztbesuche, Urlaube, Reisen mit einer Bahncard und einer Vernehmung bei der Polizei in Zwickau benutzt habe. Auf deren m\u00f6gliche Motive angesprochen, sagte Zsch\u00e4pe, Eminger habe ihr angesichts ihrer Probleme vermutlich helfen wollen. Sie sei ein &#8222;hilfsbereiter Mensch&#8220;. Die Identit\u00e4t der Angeklagten habe sie zum ersten Mal verwendet, als die Polizei sie Anfang 2007 zu einer Zeugenaussage wegen eines Wasserschadens im damaligen Wohnhaus des NSU-Trios vorlud.\n<\/p>\n<p class=\"text\">\nZsch\u00e4pe best\u00e4tigte auch, dass Eminger \u00fcber Dritte, m\u00f6glicherweise \u00fcber ihren Ehemann, von den Bank\u00fcberf\u00e4llen des Trios gewusst und Zsch\u00e4pe auch darauf angesprochen habe. Auf die Frage der Vorsitzenden Richterin, welchen Grund sie ihrer Freundin f\u00fcr das Leben im Untergrund genannt habe, sagte Zsch\u00e4pe, das Trio habe dies mit den Sprengstofffunden in Garagen in Jena und fr\u00fcheren Straftaten begr\u00fcndet.<\/p>\n","protected":false},"excerpt":{"rendered":"Die als Zeugin geladene Zsch\u00e4pe belastete die angeklagte Susann Eminger mit ihrer Aussage. Sie best\u00e4tigte, dass sie mehrere&hellip;\n","protected":false},"author":2,"featured_media":621252,"comment_status":"","ping_status":"","sticky":false,"template":"","format":"standard","meta":{"footnotes":""},"categories":[1835],"tags":[3364,29,2386,30,81,14,417,5775,24827,1269,859,132796],"class_list":{"0":"post-621251","1":"post","2":"type-post","3":"status-publish","4":"format-standard","5":"has-post-thumbnail","7":"category-dresden","8":"tag-de","9":"tag-deutschland","10":"tag-dresden","11":"tag-germany","12":"tag-mdr","13":"tag-nachrichten","14":"tag-nsu","15":"tag-oberlandesgericht","16":"tag-olg","17":"tag-prozess","18":"tag-sachsen","19":"tag-zschaepe"},"share_on_mastodon":{"url":"https:\/\/pubeurope.com\/@de\/115657802064632750","error":""},"_links":{"self":[{"href":"https:\/\/www.europesays.com\/de\/wp-json\/wp\/v2\/posts\/621251","targetHints":{"allow":["GET"]}}],"collection":[{"href":"https:\/\/www.europesays.com\/de\/wp-json\/wp\/v2\/posts"}],"about":[{"href":"https:\/\/www.europesays.com\/de\/wp-json\/wp\/v2\/types\/post"}],"author":[{"embeddable":true,"href":"https:\/\/www.europesays.com\/de\/wp-json\/wp\/v2\/users\/2"}],"replies":[{"embeddable":true,"href":"https:\/\/www.europesays.com\/de\/wp-json\/wp\/v2\/comments?post=621251"}],"version-history":[{"count":0,"href":"https:\/\/www.europesays.com\/de\/wp-json\/wp\/v2\/posts\/621251\/revisions"}],"wp:featuredmedia":[{"embeddable":true,"href":"https:\/\/www.europesays.com\/de\/wp-json\/wp\/v2\/media\/621252"}],"wp:attachment":[{"href":"https:\/\/www.europesays.com\/de\/wp-json\/wp\/v2\/media?parent=621251"}],"wp:term":[{"taxonomy":"category","embeddable":true,"href":"https:\/\/www.europesays.com\/de\/wp-json\/wp\/v2\/categories?post=621251"},{"taxonomy":"post_tag","embeddable":true,"href":"https:\/\/www.europesays.com\/de\/wp-json\/wp\/v2\/tags?post=621251"}],"curies":[{"name":"wp","href":"https:\/\/api.w.org\/{rel}","templated":true}]}}