{"id":621299,"date":"2025-12-03T22:04:11","date_gmt":"2025-12-03T22:04:11","guid":{"rendered":"https:\/\/www.europesays.com\/de\/621299\/"},"modified":"2025-12-03T22:04:11","modified_gmt":"2025-12-03T22:04:11","slug":"1-fc-union-berlin-verliert-denkwuerdigen-pokalfight-gegen-bayern-muenchen","status":"publish","type":"post","link":"https:\/\/www.europesays.com\/de\/621299\/","title":{"rendered":"1. FC Union Berlin verliert denkw\u00fcrdigen Pokalfight gegen Bayern M\u00fcnchen"},"content":{"rendered":"<p class=\"tspCAm9 tspCAna\">Dass <a href=\"https:\/\/www.tagesspiegel.de\/sport\/fc-bayern-verliert-13-bei-arsenal-das-ende-der-munchner-serie-tut-nicht-weh-die-art-und-weise-sehr-wohl-14959550.html?icid=in-text-link_15012408\" class=\"link link--internal\" data-gtm-class=\"article-text-link\" data-gtm-val=\"internal\" target=\"_blank\" rel=\"noopener\">Standardsituationen der Schl\u00fcssel<\/a> zum Einzug ins Viertelfinale des DFB-Pokals sein w\u00fcrden, war im Vorfeld hinreichend diskutiert worden. Dass dies am Mittwochabend im Stadion An der Alten F\u00f6rsterei nicht <a href=\"https:\/\/www.tagesspiegel.de\/sport\/konzentration-bis-zur-letzten-sekunde-notig-union-will-die-bayern-auch-im-dfb-pokal-argern-15006002.html?icid=in-text-link_15012408\" class=\"link link--internal\" data-gtm-class=\"article-text-link\" data-gtm-val=\"internal\" target=\"_blank\" rel=\"noopener\">f\u00fcr den 1. FC Union Berlin<\/a>, sondern f\u00fcr den gro\u00dfen FC Bayern M\u00fcnchen galt, war hingegen eine gro\u00dfe \u00dcberraschung. <\/p>\n<p><a href=\"https:\/\/leute.tagesspiegel.de\/?utm_source=tagesspiegel.de&amp;utm_campaign=newsletter-signup&amp;utm_medium=website&amp;utm_content=link&amp;icid=single-topic_15012408___\" data-gtm-class=\"article-mzt-link\" class=\"tspCTpe\" target=\"_blank\" rel=\"noopener\">Mehr \u00fcber guten Sport aus lokaler Perspektive lesen! In unseren w\u00f6chentlichen Newslettern aus den zw\u00f6lf Berliner Bezirken finden Sie Spannendes zu lokalem Sport, lokaler Politik und Kultur. Hier bestellen.  <\/a><\/p>\n<p class=\"tspCAm9\">Der Tabellenf\u00fchrer der Fu\u00dfball-Bundesliga schoss schon in der ersten H\u00e4lfte drei Tore nach ruhenden B\u00e4llen, wobei das nur bedingt stimmte. Denn zwei dieser Treffer erzielten Unions Ilyas Ansah und Diogo Leite ins eigene Netz. Es schien in der ersten H\u00e4lfte nicht der Abend der Berliner zu sein \u2013 und doch schnupperten sie durch zwei Elfmeter von Innenverteidiger Leopold Querfeld lange an einer Pokalsensation. <\/p>\n<p class=\"tspCAm9\">Am Ende setzte sich der Favorit vor 22.012 Zuschauenden denkbar knapp 3:2 (3:1) durch. Damit stehen die M\u00fcnchner zum ersten Mal seit drei Jahren wieder im Viertelfinale, ihr letzter Pokaltitel datiert aus der Saison 2019\/20. &#13;<\/p>\n<p> Achtelfinale im DFB-Pokal <\/p>\n<ul data-qa-hook=\"story-list-ul\" class=\"tspCJn2\">\n<li class=\"tspCJl8 tspCJl8\"><strong>Hertha BSC<\/strong> \u2013 1. FC Kaiserslautern 6:1 (3:1)<\/li>\n<li class=\"tspCJl8 tspCJl8\">Borussia M\u00f6nchengladbach \u2013 FC St. Pauli 1:2 (0:1)<\/li>\n<li class=\"tspCJl8 tspCJl8\">Borussia Dortmund \u2013 Bayer Leverkusen 0:1 (0:1)<\/li>\n<li class=\"tspCJl8 tspCJl8\">Rasenballsport Leipzig \u2013 1. FC Magdeburg 3:1 (2:1)<\/li>\n<li class=\"tspCJl8 tspCJl8\">SC Freiburg \u2013 Darmstadt 98 2:0 (1:0)<\/li>\n<li class=\"tspCJl8 tspCJl8\">VfL Bochum \u2013 VfB Stuttgart 0:2 (0:1)<\/li>\n<li class=\"tspCJl8 tspCJl8\"><strong>1. FC Union Berlin<\/strong> \u2013 Bayern M\u00fcnchen 2:3 (1:3)<\/li>\n<li class=\"tspCJl8 tspCJl8\">Hamburger SV \u2013 Holstein Kiel 0:0<\/li>\n<\/ul>\n<p class=\"tspCAm9\">Union startete nach der <a href=\"https:\/\/www.tagesspiegel.de\/sport\/der-1-fc-union-kassiert-spate-gegentreffer-eine-niederlage-die-schwer-zu-erklaren-ist-14989064.html?icid=in-text-link_15012408\" class=\"link link--internal\" data-gtm-class=\"article-text-link\" data-gtm-val=\"internal\" target=\"_blank\" rel=\"noopener\">\u00e4rgerlichen 1:2-Niederlage in der Bundesliga gegen Heidenheim<\/a> am Samstag mit drei Ver\u00e4nderungen. F\u00fcr den erkrankten Oliver Burke, Christopher Trimmel und Derrick K\u00f6hn spielten Andr\u00e1s Sch\u00e4fer, Janik Haberer und Tom Rothe. St\u00fcrmer Andrej Ilic fehlte angeschlagen. <\/p>\n<p class=\"tspCAm9\">In der Anfangsphase kn\u00fcpften die Berliner nahtlos an die Leistung an, mit der sie dem FC Bayern vor knapp einem Monat <a href=\"https:\/\/www.tagesspiegel.de\/sport\/fc-bayern-stolpert-nach-16-siegen-in-folge-eine-bittersusse-sensation-fur-den-1-fc-union-berlin-14788682.html?icid=in-text-link_15012408\" class=\"link link--internal\" data-gtm-class=\"article-text-link\" data-gtm-val=\"internal\" target=\"_blank\" rel=\"noopener\">als erste Mannschaft in dieser Saison einen Punkt abgekn\u00fcpft hatten<\/a>. Union war aggressiv in den Zweik\u00e4mpfen und hellwach. Am besten zeigte sich das an der Bewachung Harry Kanes. Innenverteidiger Danilho Doekhi klebte am englischen Torj\u00e4ger, lie\u00df ihn den Ball selbst an der Mittellinie nicht in Ruhe annehmen.<\/p>\n<p class=\"tspCAm9\">Als sich die Fans auf der Waldseite bereits darauf vorbereiteten, ihren schweigenden Protest gegen die im Raum stehende Versch\u00e4rfung der Sicherheitsma\u00dfnahmen in den Stadien zu beenden, schlugen sie die M\u00fcnchner mit den eigenen Waffen. &#13;<\/p>\n<p class=\"tspCAm9\">Eine Ecke von Joshua Kimmich flog in der 12. Minute Richtung langem Pfosten, R\u00f6nnow flog am Ball vorbei und \u00fcberraschte mit diesem seltenen Fehler Ansah derart, dass dieser ins eigene Tor traf. Der St\u00fcrmer schaute dem Ball entgeistert hinterher, R\u00f6nnow beschwerte sich \u00fcber ein nicht existentes Foul von Aleksandar Pavlovic. Nachdem Union beim 2:2 in der Liga noch doppelt nach Ecken getroffen hatte, wurden sie nun kalt erwischt \u2013 und es wurde noch schlimmer. <\/p>\n<p class=\"tspCAm9\">Zehn Minuten sp\u00e4ter verursachten Haberer und R\u00f6nnow eine vermeidbare Ecke und kassierten anschlie\u00dfend fast eine Kopie des 0:1. Ecke Kimmich, R\u00f6nnow l\u00e4sst sich erneut viel zu einfach von Pavlovic irritieren, Ball im Netz. Dieses Mal war der Torsch\u00fctze aber ein M\u00fcnchner: Kane traf per Kopf. &#13;<\/p>\n<p class=\"tspCAm9\">Der Engl\u00e4nder erzielte wenig sp\u00e4ter einen weiteren Treffer, doch die Fahne ging umgehend hoch. W\u00e4hrend die Beteiligten auf dem Rasen und die Zuschauenden auf den R\u00e4ngen mit einer \u00dcberpr\u00fcfung der Abseitsstellung rechneten, ereignete sich eine Wendung, die selbst in Zeiten des Videobeweises noch kurios ist. &#13;<\/p>\n<p class=\"tspCAm9\">Schiedsrichter Martin Petersen erkannte ein Handspiel von Jonathan Tah im M\u00fcnchner Strafraum, das sich rund zwei Minuten vor der vermeintlichen Entscheidung durch Kane ereignet hatte. Statt 0:3 hie\u00df es Elfmeter Union und Querfeld verwandelte humorlos in die linke untere Ecke. &#13;<\/p>\n<p class=\"tspCAm9\">Das Publikum, das die Mannschaft ohnehin schon unabl\u00e4ssig nach vorne peitschte, drehte die Lautst\u00e4rke noch ein paar Dezibel nach oben. Die Berliner glaubten nun wieder an ihre Chance. Die Hoffnung erhielt allerdings bald schon wieder einen D\u00e4mpfer. W\u00e4hrend Woo-yeong Jeong nach einer unsanften Landung lange am Boden lag, spielten die M\u00fcnchner weiter. Aljoscha Kemlein stoppte den Angriff mit einem ungeschickten Foul. Die folgende Freisto\u00dfflanke verl\u00e4ngerte Unions Innenverteidiger Leite mit dem Kopf ins eigene Tor. &#13;<\/p>\n<p class=\"tspCAm9\">Viele Mannschaften w\u00e4ren an diesem Spielverlauf zerbrochen, erst recht gegen die \u00fcberragende Mannschaft im deutschen Klubfu\u00dfball. Doch Union gab sich an diesem Abend nicht auf und attackierte mit dem Mute der Verzweiflung. Als Kane im Strafraumgew\u00fchl mit erhobenem Ellbogen Leite am Kopf traf, gab es erneut Elfmeter f\u00fcr Union und erneut behielt Querfeld die Nerven. <\/p>\n<p> Mehr Sport bei Tagesspiegel Plus <a href=\"https:\/\/www.tagesspiegel.de\/sport\/tennis-borussia-im-visier-der-nazis-rucktritt-flucht-ermordung-14981792.html?icid=topic-list_15012408___\" data-gtm-class=\"article-mzt-link\" data-hydrate-fingerprint=\"09740a54944caac75fd2c0c63fd5c5df\" data-hydrate-props=\"{&amp;escapedquot;element&amp;escapedquot;:{&amp;escapedquot;type&amp;escapedquot;:&amp;escapedquot;relatedContent&amp;escapedquot;,&amp;escapedquot;fieldMap&amp;escapedquot;:{},&amp;escapedquot;relation&amp;escapedquot;:{&amp;escapedquot;fields&amp;escapedquot;:{&amp;escapedquot;isPaid&amp;escapedquot;:true},&amp;escapedquot;href&amp;escapedquot;:&amp;escapedquot;\/sport\/tennis-borussia-im-visier-der-nazis-rucktritt-flucht-ermordung-14981792.html&amp;escapedquot;,&amp;escapedquot;teaserTitle&amp;escapedquot;:{&amp;escapedquot;kicker&amp;escapedquot;:&amp;escapedquot;Tennis Borussia im Visier der Nazis&amp;escapedquot;,&amp;escapedquot;headline&amp;escapedquot;:&amp;escapedquot;Die dramatische Geschichte eines Berliner Vereins&amp;escapedquot;},&amp;escapedquot;id&amp;escapedquot;:&amp;escapedquot;14981792&amp;escapedquot;,&amp;escapedquot;type&amp;escapedquot;:&amp;escapedquot;story&amp;escapedquot;},&amp;escapedquot;isPartOfList&amp;escapedquot;:true,&amp;escapedquot;topicListType&amp;escapedquot;:&amp;escapedquot;topic-list&amp;escapedquot;},&amp;escapedquot;showArrow&amp;escapedquot;:true}\" data-hydrate-slots=\"{&#039;default&#039;:[]}\" class=\"tspCTpe\" target=\"_blank\" rel=\"noopener\">Tennis Borussia im Visier der Nazis Die dramatische Geschichte eines Berliner Vereins <\/a><a href=\"https:\/\/www.tagesspiegel.de\/sport\/ich-freue-mich-dass-union-so-viel-gas-gibt-tobias-kurbjuweit-der-trainer-der-frauen-von-hertha-bsc-im-interview-14946131.html?icid=topic-list_15012408___\" data-gtm-class=\"article-mzt-link\" data-hydrate-fingerprint=\"09740a54944caac75fd2c0c63fd5c5df\" data-hydrate-props=\"{&amp;escapedquot;element&amp;escapedquot;:{&amp;escapedquot;type&amp;escapedquot;:&amp;escapedquot;relatedContent&amp;escapedquot;,&amp;escapedquot;fieldMap&amp;escapedquot;:{},&amp;escapedquot;relation&amp;escapedquot;:{&amp;escapedquot;fields&amp;escapedquot;:{&amp;escapedquot;isPaid&amp;escapedquot;:true},&amp;escapedquot;href&amp;escapedquot;:&amp;escapedquot;\/sport\/ich-freue-mich-dass-union-so-viel-gas-gibt-tobias-kurbjuweit-der-trainer-der-frauen-von-hertha-bsc-im-interview-14946131.html&amp;escapedquot;,&amp;escapedquot;teaserTitle&amp;escapedquot;:{&amp;escapedquot;kicker&amp;escapedquot;:&amp;escapedquot;\u201eIch freue mich, dass Union so viel Gas gibt\u201c&amp;escapedquot;,&amp;escapedquot;headline&amp;escapedquot;:&amp;escapedquot;Tobias Kurbjuweit, der Trainer der Frauen von Hertha BSC, im Interview&amp;escapedquot;},&amp;escapedquot;id&amp;escapedquot;:&amp;escapedquot;14946131&amp;escapedquot;,&amp;escapedquot;type&amp;escapedquot;:&amp;escapedquot;story&amp;escapedquot;},&amp;escapedquot;isPartOfList&amp;escapedquot;:true,&amp;escapedquot;topicListType&amp;escapedquot;:&amp;escapedquot;topic-list&amp;escapedquot;},&amp;escapedquot;showArrow&amp;escapedquot;:true}\" data-hydrate-slots=\"{&#039;default&#039;:[]}\" class=\"tspCTpe\" target=\"_blank\" rel=\"noopener\">\u201eIch freue mich, dass Union so viel Gas gibt\u201c Tobias Kurbjuweit, der Trainer der Frauen von Hertha BSC, im Interview <\/a><a href=\"https:\/\/www.tagesspiegel.de\/wirtschaft\/bundesligavereine-verklagen-viagogo-mit-einem-solchen-ticket-wird-man-abgewiesen-14907401.html?icid=topic-list_15012408___\" data-gtm-class=\"article-mzt-link\" data-hydrate-fingerprint=\"09740a54944caac75fd2c0c63fd5c5df\" data-hydrate-props=\"{&amp;escapedquot;element&amp;escapedquot;:{&amp;escapedquot;type&amp;escapedquot;:&amp;escapedquot;relatedContent&amp;escapedquot;,&amp;escapedquot;fieldMap&amp;escapedquot;:{},&amp;escapedquot;relation&amp;escapedquot;:{&amp;escapedquot;fields&amp;escapedquot;:{&amp;escapedquot;isPaid&amp;escapedquot;:true},&amp;escapedquot;href&amp;escapedquot;:&amp;escapedquot;\/wirtschaft\/bundesligavereine-verklagen-viagogo-mit-einem-solchen-ticket-wird-man-abgewiesen-14907401.html&amp;escapedquot;,&amp;escapedquot;teaserTitle&amp;escapedquot;:{&amp;escapedquot;kicker&amp;escapedquot;:&amp;escapedquot;Bundesligavereine verklagen Viagogo&amp;escapedquot;,&amp;escapedquot;headline&amp;escapedquot;:&amp;escapedquot;\u201eMit einem solchen Ticket wird man abgewiesen\u201c&amp;escapedquot;},&amp;escapedquot;id&amp;escapedquot;:&amp;escapedquot;14907401&amp;escapedquot;,&amp;escapedquot;type&amp;escapedquot;:&amp;escapedquot;story&amp;escapedquot;},&amp;escapedquot;isPartOfList&amp;escapedquot;:true,&amp;escapedquot;topicListType&amp;escapedquot;:&amp;escapedquot;topic-list&amp;escapedquot;},&amp;escapedquot;showArrow&amp;escapedquot;:true}\" data-hydrate-slots=\"{&#039;default&#039;:[]}\" class=\"tspCTpe\" target=\"_blank\" rel=\"noopener\">Bundesligavereine verklagen Viagogo \u201eMit einem solchen Ticket wird man abgewiesen\u201c <\/a><\/p>\n<p class=\"tspCAm9\">Sp\u00e4testens mit diesem 2:3 wurde das Spiel zu einem echten Pokalfight. Den M\u00fcnchnern, eigentlich eine der ballsichersten Mannschaften Europas, gelang es nicht mehr, das Geschehen zu beruhigen. Ansah, Haberer und Querfeld hatten Chancen auf den Ausgleich, auf der anderen Seite verpasste Luis D\u00edaz die Entscheidung. So blieb es beim knappen Favoritensieg.<\/p>\n","protected":false},"excerpt":{"rendered":"Dass Standardsituationen der Schl\u00fcssel zum Einzug ins Viertelfinale des DFB-Pokals sein w\u00fcrden, war im Vorfeld hinreichend diskutiert worden.&hellip;\n","protected":false},"author":2,"featured_media":621300,"comment_status":"","ping_status":"","sticky":false,"template":"","format":"standard","meta":{"footnotes":""},"categories":[1825],"tags":[297,296,299,29,1264,458,485,30,11709,26997,26998,5917],"class_list":{"0":"post-621299","1":"post","2":"type-post","3":"status-publish","4":"format-standard","5":"has-post-thumbnail","7":"category-berlin","8":"tag-1-fc-union-berlin","9":"tag-berlin","10":"tag-bundesliga","11":"tag-deutschland","12":"tag-dfb-pokal","13":"tag-fc-bayern-muenchen","14":"tag-fussball-bundesliga","15":"tag-germany","16":"tag-harry-kane","17":"tag-pokalwettbewerb","18":"tag-sportergebnis","19":"tag-treptow-koepenick"},"share_on_mastodon":{"url":"https:\/\/pubeurope.com\/@de\/115657904262304430","error":""},"_links":{"self":[{"href":"https:\/\/www.europesays.com\/de\/wp-json\/wp\/v2\/posts\/621299","targetHints":{"allow":["GET"]}}],"collection":[{"href":"https:\/\/www.europesays.com\/de\/wp-json\/wp\/v2\/posts"}],"about":[{"href":"https:\/\/www.europesays.com\/de\/wp-json\/wp\/v2\/types\/post"}],"author":[{"embeddable":true,"href":"https:\/\/www.europesays.com\/de\/wp-json\/wp\/v2\/users\/2"}],"replies":[{"embeddable":true,"href":"https:\/\/www.europesays.com\/de\/wp-json\/wp\/v2\/comments?post=621299"}],"version-history":[{"count":0,"href":"https:\/\/www.europesays.com\/de\/wp-json\/wp\/v2\/posts\/621299\/revisions"}],"wp:featuredmedia":[{"embeddable":true,"href":"https:\/\/www.europesays.com\/de\/wp-json\/wp\/v2\/media\/621300"}],"wp:attachment":[{"href":"https:\/\/www.europesays.com\/de\/wp-json\/wp\/v2\/media?parent=621299"}],"wp:term":[{"taxonomy":"category","embeddable":true,"href":"https:\/\/www.europesays.com\/de\/wp-json\/wp\/v2\/categories?post=621299"},{"taxonomy":"post_tag","embeddable":true,"href":"https:\/\/www.europesays.com\/de\/wp-json\/wp\/v2\/tags?post=621299"}],"curies":[{"name":"wp","href":"https:\/\/api.w.org\/{rel}","templated":true}]}}