{"id":621308,"date":"2025-12-03T22:10:30","date_gmt":"2025-12-03T22:10:30","guid":{"rendered":"https:\/\/www.europesays.com\/de\/621308\/"},"modified":"2025-12-03T22:10:30","modified_gmt":"2025-12-03T22:10:30","slug":"headbanger-festival-2026-bringt-internationale-szenegroessen-auf-die-buehne","status":"publish","type":"post","link":"https:\/\/www.europesays.com\/de\/621308\/","title":{"rendered":"\u201eHeadbanger Festival 2026\u201c bringt internationale Szenegr\u00f6\u00dfen auf die B\u00fchne"},"content":{"rendered":"<p>Einbeck (zir\/red). Einbeck bereitet sich auf ein neues Gro\u00dfereignis vor, das die Stadt am 22. August 2026 in ein Zentrum der internationalen Metal-Szene verwandeln soll. Auf dem Festplatz an der Twetge ist die Premiere des Headbanger Festivals geplant \u2013 ein eint\u00e4giges Open-Air, das musikalische Vielfalt, Szene\u00e4sthetik und zahlreiche Begleitangebote miteinander verbindet. Der Vorverkauf startet am 4. Dezember 2025 um 12 \u00fcber Eventim.<\/p>\n<p>Sieben Bands aus verschiedenen Metal-Genres<\/p>\n<p>Das Festivalprogramm umfasst insgesamt sieben Acts, die verschiedene Stilrichtungen des Metal abdecken sollen. Als Headliner treten Eisbrecher und Lord of the Lost auf, zwei Bands, die seit vielen Jahren pr\u00e4gend f\u00fcr ihre Genres sind. Erg\u00e4nzt wird das Line-up durch Clawfinger, die seit den 1990er-Jahren den Crossover- und Rap-Metal entscheidend mitgepr\u00e4gt haben. Weitere Programmpunkte bilden die Warkings sowie Sety\u00f8ursails, die mit Power Metal und Metalcore moderne und melodische Akzente setzen. Die Veranstaltenden verfolgen das Ziel, ein musikalisch breit gef\u00e4chertes Angebot zu schaffen, das sowohl eingefleischte Fans als auch neugierige Besucherinnen und Besucher anspricht.<\/p>\n<p><img decoding=\"async\" src=\"https:\/\/www.europesays.com\/de\/wp-content\/uploads\/2025\/12\/eis.jpg\" width=\"1600\" height=\"900\" loading=\"lazy\" data-path=\"local-images:\/2025\/69\/eis.jpg\"\/><\/p>\n<p><img decoding=\"async\" src=\"https:\/\/www.europesays.com\/de\/wp-content\/uploads\/2025\/12\/lord.jpg\" width=\"1600\" height=\"900\" loading=\"lazy\" data-path=\"local-images:\/2025\/69\/lord.jpg\"\/><\/p>\n<p>Exklusive Aftershow-Party mit internationalem Act<\/p>\n<p>Nach dem Open-Air ist eine limitierte VIP-Aftershow in der Multifunktionshalle geplant. Er\u00f6ffnet wird sie von der Einbecker Band Green Machine, bevor Soulfly um Max Cavalera die B\u00fchne \u00fcbernimmt. F\u00fcr die Aftershow stehen nur begrenzte Tickets zur Verf\u00fcgung. Festival- und VIP-Karten sollen deshalb zeitgleich am 4. Dezember erh\u00e4ltlich sein. Zudem werden Kombitickets angeboten, die beide Veranstaltungsbereiche einschlie\u00dfen.<\/p>\n<p>Breites Angebot auf dem Festivalgel\u00e4nde<\/p>\n<p>Das Festivalgel\u00e4nde soll mehr als 8000 Menschen Platz bieten. Neben dem musikalischen Programm planen die Organisatoren ein vielf\u00e4ltiges Rahmenangebot: Tattoo-K\u00fcnstlerinnen und -K\u00fcnstler, eine Plattenb\u00f6rse, Second-Hand-Mode sowie Barber-Services sollen dem Event zus\u00e4tzliche Attraktivit\u00e4t verleihen. Durch diese Erg\u00e4nzungen soll das Headbanger Festival ein Treffpunkt werden, der verschiedene Facetten der Rock- und Metal-Kultur miteinander verbindet.<\/p>\n<p>Kooperation mehrerer Partner<\/p>\n<p>Hinter dem Festival stehen die Einbecker Brauhaus AG, RADIO BOB!, die G\u00f6ttinger Marketingagentur Dluxe Media und die Einbeck Marketing GmbH. Marc Kerger, Vorstand des Einbecker Brauhauses, beschreibt die Marke \u201eHeadbanger\u201c als bewusst kraftvolle Positionierung im Gegensatz zu aktuellen Popstr\u00f6mungen. Das Festival sei zun\u00e4chst als Auftakt f\u00fcr eine m\u00f6gliche Eventreihe angelegt. Kerger sieht darin eine Chance, Einbeck \u00fcberregional als Standort f\u00fcr Metal-Veranstaltungen zu etablieren.<\/p>\n<p>Fokus auf handgemachter Musik<\/p>\n<p>Tobias Langer, Gesch\u00e4ftsf\u00fchrer von Dluxe Media, hebt hervor, dass das Headbanger Festival auf eine gro\u00dfe B\u00fchne mit mehreren Live-Acts setzt und der Fokus klar auf echten, handgemachten Musikperformances liegt. Die Veranstaltung solle ein breites Publikum ansprechen, das Wert auf Live-Musik und Authentizit\u00e4t legt. Die VIP-Aftershow sei ein weiterer Bestandteil, der zus\u00e4tzlichen Reiz schaffen soll.<\/p>\n<p>Marke \u201eHeadbanger\u201c wird weiter ausgebaut<\/p>\n<p>Parallel zur Festivalplanung arbeitet das Einbecker Brauhaus daran, die Marke \u201eHeadbanger\u201c auszubauen. Bereits erh\u00e4ltlich ist eine limitierte Geschenkbox mit einem Single Malt Whisky in Fassst\u00e4rke sowie Merchandise-Artikeln wie Beanie, Schl\u00fcsselband, Sturmfeuerzeug und Flachmann. Die Edition ist auf 666 Exemplare begrenzt und ausschlie\u00dflich im Onlineshop verf\u00fcgbar. F\u00fcr das Fr\u00fchjahr 2026 ist au\u00dferdem ein Dosenbier im Headbanger-Design vorgesehen; weitere Produkte sollen folgen. Kerger beschreibt die Metal-Community als treue Zielgruppe, die diese Angebote bereits jetzt gut annimmt.<\/p>\n<p>Abstimmung mit Landkreis und Stadt<\/p>\n<p>Einbeck Marketing arbeitet eng mit dem Landkreis Northeim zusammen, um Themen wie L\u00e4rmschutz, Parkkapazit\u00e4ten und einen m\u00f6glichen Shuttleservice abzustimmen. Ziel sei es, den Besucherinnen und Besuchern einen reibungslosen Ablauf zu erm\u00f6glichen. Die Planungen befinden sich derzeit in der Ausarbeitung.<\/p>\n<p>\u00a0<\/p>\n<p><img decoding=\"async\" src=\"https:\/\/www.europesays.com\/de\/wp-content\/uploads\/2025\/12\/green.jpg\" width=\"1600\" height=\"900\" loading=\"lazy\" data-path=\"local-images:\/2025\/69\/green.jpg\"\/><\/p>\n<p><img decoding=\"async\" src=\"https:\/\/www.europesays.com\/de\/wp-content\/uploads\/2025\/12\/claw.jpg\" width=\"1600\" height=\"900\" loading=\"lazy\" data-path=\"local-images:\/2025\/69\/claw.jpg\"\/><\/p>\n<p><img decoding=\"async\" src=\"https:\/\/www.europesays.com\/de\/wp-content\/uploads\/2025\/12\/war.jpg\" width=\"1080\" height=\"1080\" loading=\"lazy\" data-path=\"local-images:\/2025\/69\/war.jpg\"\/><\/p>\n<p><img decoding=\"async\" src=\"https:\/\/www.europesays.com\/de\/wp-content\/uploads\/2025\/12\/set.jpg\" width=\"1600\" height=\"900\" loading=\"lazy\" data-path=\"local-images:\/2025\/69\/set.jpg\"\/><\/p>\n<p>Fotos: zir, Eisbrecher, Matteo Fabbiani\/VDPictures, Green Machine, Marius Milinski, Warkings &#8211; Video: Dluxe Media GmbH<\/p>\n","protected":false},"excerpt":{"rendered":"Einbeck (zir\/red). Einbeck bereitet sich auf ein neues Gro\u00dfereignis vor, das die Stadt am 22. August 2026 in&hellip;\n","protected":false},"author":2,"featured_media":621309,"comment_status":"","ping_status":"","sticky":false,"template":"","format":"standard","meta":{"footnotes":""},"categories":[1772],"tags":[29,214,30,1779,810,215],"class_list":{"0":"post-621308","1":"post","2":"type-post","3":"status-publish","4":"format-standard","5":"has-post-thumbnail","7":"category-musik","8":"tag-deutschland","9":"tag-entertainment","10":"tag-germany","11":"tag-music","12":"tag-musik","13":"tag-unterhaltung"},"share_on_mastodon":{"url":"https:\/\/pubeurope.com\/@de\/115657929319089642","error":""},"_links":{"self":[{"href":"https:\/\/www.europesays.com\/de\/wp-json\/wp\/v2\/posts\/621308","targetHints":{"allow":["GET"]}}],"collection":[{"href":"https:\/\/www.europesays.com\/de\/wp-json\/wp\/v2\/posts"}],"about":[{"href":"https:\/\/www.europesays.com\/de\/wp-json\/wp\/v2\/types\/post"}],"author":[{"embeddable":true,"href":"https:\/\/www.europesays.com\/de\/wp-json\/wp\/v2\/users\/2"}],"replies":[{"embeddable":true,"href":"https:\/\/www.europesays.com\/de\/wp-json\/wp\/v2\/comments?post=621308"}],"version-history":[{"count":0,"href":"https:\/\/www.europesays.com\/de\/wp-json\/wp\/v2\/posts\/621308\/revisions"}],"wp:featuredmedia":[{"embeddable":true,"href":"https:\/\/www.europesays.com\/de\/wp-json\/wp\/v2\/media\/621309"}],"wp:attachment":[{"href":"https:\/\/www.europesays.com\/de\/wp-json\/wp\/v2\/media?parent=621308"}],"wp:term":[{"taxonomy":"category","embeddable":true,"href":"https:\/\/www.europesays.com\/de\/wp-json\/wp\/v2\/categories?post=621308"},{"taxonomy":"post_tag","embeddable":true,"href":"https:\/\/www.europesays.com\/de\/wp-json\/wp\/v2\/tags?post=621308"}],"curies":[{"name":"wp","href":"https:\/\/api.w.org\/{rel}","templated":true}]}}