{"id":621314,"date":"2025-12-03T22:13:16","date_gmt":"2025-12-03T22:13:16","guid":{"rendered":"https:\/\/www.europesays.com\/de\/621314\/"},"modified":"2025-12-03T22:13:16","modified_gmt":"2025-12-03T22:13:16","slug":"dfb-pokal-achtelfinale-bayern-wirft-union-berlin-raus-stuttgart-gewinnt-in-bochum","status":"publish","type":"post","link":"https:\/\/www.europesays.com\/de\/621314\/","title":{"rendered":"DFB-Pokal, Achtelfinale: Bayern wirft Union Berlin raus, Stuttgart gewinnt in Bochum"},"content":{"rendered":"<p>        1. FC Union Berlin &#8211; FC Bayern M\u00fcnchen 2:3 (1:3)        <\/p>\n<p class=\"paragraph article__item\">Der FC Bayern kann sich in Berlin knapp gegen den k\u00e4mpferischen Zweitligisten Union Berlin durchsetzen. Die M\u00fcnchener gewannen nach zwei Eigentoren von Union mit 3:2 und stehen damit im Viertelfinale des DFB-Pokals.\n<\/p>\n<p class=\"paragraph article__item\">Ein erstes Eigentor von Ilyas Ansah f\u00fchrte in der 12. Spielminute zum 1:0 f\u00fcr die Bayern. Kurz darauf konnte Harry Kane (24.) die F\u00fchrung f\u00fcr die M\u00fcnchener per Kopfball ausbauen. Nach Videobeweis konnte Leopold Querfeld den Vorsprung durch einen von Jonathan Tah verursachten Handelfmeter zun\u00e4chst durch einen Anschlusstreffer verk\u00fcrzen (40.). Durch ein zweites Eigentor der Berliner per Kopfball von Diogo Leite (45.&#8217;+4) stand es zur Halbzeitpause 3:1 f\u00fcr die M\u00fcnchener.\u00a0\n<\/p>\n<p class=\"paragraph article__item\">Gelb gab es f\u00fcr Bayerns Harry Kane (54.), Trainer Vincent Kompany (54.), Dayot Upamecano (82.), Aljoscha Kemlein (87.) und Manuel Neuer (90.+1) sowie f\u00fcr Unions-St\u00fcrmer Ilyas Ansah (80.) und Livan Burcu (90.+2).\u00a0\n<\/p>\n<p class=\"paragraph article__item\">Besonders in der Schlussphase dr\u00e4ngte Union vergebens gegen die M\u00fcnchener. Eine Woche nach der ersten Saison-Niederlage gegen den FC Arsenal bleibt Bayern in den nationalen Wettbewerben damit ungeschlagen.\u00a0Im vergangenen Jahr waren die M\u00fcnchner im Pokal-Achtelfinale an Bayer Leverkusen gescheitert.\n<\/p>\n<p>        VfL Bochum \u2013 VfB Stuttgart 0:2 (0:1)        <\/p>\n<p class=\"paragraph article__item\">In <a class=\"rtr-entity\" href=\"https:\/\/www.zeit.de\/thema\/bochum\" target=\"_blank\" rel=\"noopener\">Bochum<\/a> hat Stuttgart souver\u00e4n gegen den Zweitligisten gewonnen. In der ersten H\u00e4lfte dominierten die Stuttgarter das Spiel, konnten sich gegen die Bochumer Defensive aber nur selten durchsetzen.\u00a0\n<\/p>\n<p class=\"paragraph article__item\">In der 12. Spielminute brachte ein Eigentor durch Philipp Strompf die Stuttgarter in F\u00fchrung. Noch vor der Halbzeit kassierten der Bochumer Innenverteidiger dann nach einer Gr\u00e4tsche gegen <a class=\"rtr-entity\" href=\"https:\/\/www.zeit.de\/thema\/stuttgart\" target=\"_blank\" rel=\"noopener\">Stuttgarts<\/a> Undav zun\u00e4chst eine Gelbe Karte (44.) \u2013 Schiedsrichter Florian Badst\u00fcbner revidierte seine Entscheidung nach Sichtung des Videobeweises in der Nachspielzeit der ersten H\u00e4lfte (45.+1) und erteilte Strompf einen Platzverweis.\u00a0\n<\/p>\n<p>                            \u00a9\u00a0unsplash.com<\/p>\n<p>\n                                        Newsletter<br \/>\n                                        Das tut mir gut \u2013 Der ZEIT-Gesundheitsnewsletter<\/p>\n<p class=\"newsletter-signup__text\">Einmal die Woche sammeln wir f\u00fcr Sie im ZEIT-Gesundheitsnewsletter die spannendsten Texte zu allem, was guttut. Darunter Tipps aus Psychologie und Medizin, Sport und Ern\u00e4hrung.<\/p>\n<p class=\"newsletter-signup__datapolicy\" hidden=\"\">\n            Mit Ihrer Registrierung nehmen Sie die <a href=\"https:\/\/datenschutz.zeit.de\/zon#Newsletter\" target=\"_blank\" rel=\"noopener\">Datenschutzerkl\u00e4rung<\/a><br \/>\n     zur Kenntnis.\n        <\/p>\n<p>    Vielen Dank! Wir haben Ihnen eine E-Mail geschickt.<\/p>\n<p>Pr\u00fcfen Sie Ihr Postfach und best\u00e4tigen Sie das Newsletter-Abonnement.<\/p>\n<p class=\"paragraph article__item\">Die Bochumer gingen also in Unterzahl in die zweite Halbzeit.\u00a0In der 47. Minute baute Deniz Undav die Stuttgarter F\u00fchrung per Kopfballtor auf 2:0 aus.\u00a0\n<\/p>\n<p>        SC Freiburg \u2013 SV Darmstadt 98 2:0 (1:0)        <\/p>\n<p class=\"paragraph article__item\">Beim Heimspiel warf der Bundesligist Freiburg den Zweitligisten Darmstadt aus dem Pokal.\u00a0Die favorisierten S\u00fcdbadener von Trainer Julian\u00a0Schuster setzten sich mit 2:0 gegen den Zweitligisten durch.\u00a0\n<\/p>\n<p class=\"paragraph article__item\">In der 42. Spielminute traf Vincenzo Grifo f\u00fcr die Freiburger per Foulelfmeter zum 1:0.\u00a0In der 27. Spielminute hatte Au\u00dfenverteidiger Matthias Bader f\u00fcr Darmstadt<br \/>\n die erste gro\u00dfe Torchance im Spiel \u2013 SC-Torwart Florian M\u00fcller konnte den<br \/>\n Ball aber noch parieren.\u00a0Lucas H\u00f6ler baute die F\u00fchrung der Freiburger in der zweiten Halbzeit mit einem Anschlusstreffer (69.) durch einen weiteren Foulelfmeter aus.\u00a0\n<\/p>\n<p class=\"paragraph article__item\">In der zweiten Spielh\u00e4lfte zeigte Darmstadt sich aktiver als in der ersten Halbzeit, kam zu mehr Ballbesitz, verpasste aber den Anschlusstreffer.\u00a0\n<\/p>\n<p class=\"paragraph article__item\">Die Spielberichte zu den Achtelfinalspielen am Dienstag lesen Sie <a href=\"https:\/\/www.zeit.de\/sport\/2025-12\/dfb-pokal-achtelfinale-st-pauli-hertha-bsc\" class=\"\" target=\"_blank\" rel=\"noopener\">hier<\/a>.\u00a0\n<\/p>\n<p>            Fu\u00dfball        <\/p>\n<p>Mehr zum Thema<\/p>\n<p>                <a href=\"https:\/\/www.zeit.de\/hamburg\/2025-11\/polizeipraesident-falk-schnabel-hamburg-hooligans-fussballfans\" data-ct-label=\"Polizeipr\u00e4sident Falk Schnabel: &quot;Am Wochenende fallen pl\u00f6tzlich alle Schranken&quot;\" target=\"_blank\" rel=\"noopener\"><\/p>\n<p>        Z+ (abopflichtiger Inhalt);<\/p>\n<p>    Polizeipr\u00e4sident Falk Schnabel:<br \/>\n                        &#8222;Am Wochenende fallen pl\u00f6tzlich alle Schranken&#8220;<\/p>\n<p>                <\/a><\/p>\n<p>                <a href=\"https:\/\/www.zeit.de\/sport\/2025-11\/deutschland-slowakei-wm-qualifikation-leroy-sane\" data-ct-label=\"Nationalmannschaft: Es steckt so viel in Deutschlands Fu\u00dfballern\" target=\"_blank\" rel=\"noopener\"><\/p>\n<p>        Z+ (abopflichtiger Inhalt);<\/p>\n<p>    Nationalmannschaft:<br \/>\n                        Es steckt so viel in Deutschlands Fu\u00dfballern<\/p>\n<p>                <\/a><\/p>\n<p>                <a href=\"https:\/\/www.zeit.de\/2025\/50\/hsv-fanszene-gewalt-hamburg-fussball-hooligans\" data-ct-label=\"HSV-Fanszene: Da ist Feuer drin\" target=\"_blank\" rel=\"noopener\"><\/p>\n<p>        Z+ (abopflichtiger Inhalt);<\/p>\n<p>    HSV-Fanszene:<br \/>\n                        Da ist Feuer drin<\/p>\n<p>                <\/a><\/p>\n","protected":false},"excerpt":{"rendered":"1. FC Union Berlin &#8211; FC Bayern M\u00fcnchen 2:3 (1:3) Der FC Bayern kann sich in Berlin knapp&hellip;\n","protected":false},"author":2,"featured_media":621315,"comment_status":"","ping_status":"","sticky":false,"template":"","format":"standard","meta":{"footnotes":""},"categories":[136],"tags":[21800,7507,16785,3476,29,1264,295,30,15873,301,265,1441,2915,8173,4397],"class_list":{"0":"post-621314","1":"post","2":"type-post","3":"status-publish","4":"format-standard","5":"has-post-thumbnail","7":"category-sport","8":"tag-achtelfinale","9":"tag-bochum","10":"tag-darmstadt","11":"tag-deutscher-fussball-bund","12":"tag-deutschland","13":"tag-dfb-pokal","14":"tag-freiburg","15":"tag-germany","16":"tag-heimsieg","17":"tag-spielbericht","18":"tag-sport","19":"tag-stuttgart","20":"tag-vfb-stuttgart","21":"tag-vfl-bochum","22":"tag-x"},"share_on_mastodon":{"url":"https:\/\/pubeurope.com\/@de\/115657939839685139","error":""},"_links":{"self":[{"href":"https:\/\/www.europesays.com\/de\/wp-json\/wp\/v2\/posts\/621314","targetHints":{"allow":["GET"]}}],"collection":[{"href":"https:\/\/www.europesays.com\/de\/wp-json\/wp\/v2\/posts"}],"about":[{"href":"https:\/\/www.europesays.com\/de\/wp-json\/wp\/v2\/types\/post"}],"author":[{"embeddable":true,"href":"https:\/\/www.europesays.com\/de\/wp-json\/wp\/v2\/users\/2"}],"replies":[{"embeddable":true,"href":"https:\/\/www.europesays.com\/de\/wp-json\/wp\/v2\/comments?post=621314"}],"version-history":[{"count":0,"href":"https:\/\/www.europesays.com\/de\/wp-json\/wp\/v2\/posts\/621314\/revisions"}],"wp:featuredmedia":[{"embeddable":true,"href":"https:\/\/www.europesays.com\/de\/wp-json\/wp\/v2\/media\/621315"}],"wp:attachment":[{"href":"https:\/\/www.europesays.com\/de\/wp-json\/wp\/v2\/media?parent=621314"}],"wp:term":[{"taxonomy":"category","embeddable":true,"href":"https:\/\/www.europesays.com\/de\/wp-json\/wp\/v2\/categories?post=621314"},{"taxonomy":"post_tag","embeddable":true,"href":"https:\/\/www.europesays.com\/de\/wp-json\/wp\/v2\/tags?post=621314"}],"curies":[{"name":"wp","href":"https:\/\/api.w.org\/{rel}","templated":true}]}}