{"id":621343,"date":"2025-12-03T22:32:18","date_gmt":"2025-12-03T22:32:18","guid":{"rendered":"https:\/\/www.europesays.com\/de\/621343\/"},"modified":"2025-12-03T22:32:18","modified_gmt":"2025-12-03T22:32:18","slug":"mann-stirbt-nach-unfall-in-ludwigshafen-ludwigshafen","status":"publish","type":"post","link":"https:\/\/www.europesays.com\/de\/621343\/","title":{"rendered":"Mann stirbt nach Unfall in Ludwigshafen &#8211; Ludwigshafen"},"content":{"rendered":"<p class=\"rhp-dpa-teaser\"><b>Am Mittwoch sind ein Auto und ein Fu\u00dfg\u00e4nger in Ludwigshafen kollidiert. Der Fu\u00dfg\u00e4nger erlag in der Folge seinen Verletzungen.<\/b><\/p>\n<p> Am Mittwoch hat sich gegen 17:30 Uhr ein Unfall im Bereich der Kreuzung Mundenheimer Stra\u00dfe\/Wittelsbachstra\u00dfe ereignet, in dessen Folge ein Mann seinen Verletzungen erlegen ist. Das berichten die Polizei <a class=\"rtr-entity\" data-rtr-entity=\"Ludwigshafen\" data-rtr-id=\"26b4406521e36b503c690e53e1b9dec3bdb26dfe\" data-rtr-score=\"169.0356564019449\" data-rtr-etype=\"location\" data-rtr-index=\"3\" href=\"https:\/\/www.rheinpfalz.de\/lokal\/ludwigshafen.html?utm_source=rheinpfalz.de&amp;utm_medium=tms&amp;utm_campaign=intext\" target=\"_blank\" rel=\"noopener\">Ludwigshafen<\/a> und die Staatsanwaltschaft <a class=\"rtr-entity\" data-rtr-entity=\"Frankenthal\" data-rtr-id=\"a003884e62fb786deb29634ca5ef442e613c783a\" data-rtr-score=\"8.970826580226904\" data-rtr-etype=\"location\" data-rtr-index=\"6\" href=\"https:\/\/www.rheinpfalz.de\/lokal\/frankenthal.html?utm_source=rheinpfalz.de&amp;utm_medium=tms&amp;utm_campaign=intext\" target=\"_blank\" rel=\"noopener\">Frankenthal<\/a>.<\/p>\n<p>Der Mann war zu Fu\u00df in Ludwigshafen unterwegs und kollidierte mit einem Auto. Laut Polizei wurde er anschlie\u00dfend in ein umliegendes Krankenhaus gebracht, wo er in der Folge verstarb. Zur Kl\u00e4rung des Unfallhergangs wurde ein Sachverst\u00e4ndiger f\u00fcr Unfallrekonstruktion beauftragt. Die Staatsanwaltschaft Frankenthal hat die Ermittlungen aufgenommen.<\/p>\n","protected":false},"excerpt":{"rendered":"Am Mittwoch sind ein Auto und ein Fu\u00dfg\u00e4nger in Ludwigshafen kollidiert. Der Fu\u00dfg\u00e4nger erlag in der Folge seinen&hellip;\n","protected":false},"author":2,"featured_media":621344,"comment_status":"","ping_status":"","sticky":false,"template":"","format":"standard","meta":{"footnotes":""},"categories":[1845],"tags":[1634,3364,29,548,663,3934,35185,30,13,4060,25476,2096,14,15,121,12,1997],"class_list":{"0":"post-621343","1":"post","2":"type-post","3":"status-publish","4":"format-standard","5":"has-post-thumbnail","7":"category-mannheim","8":"tag-baden-wuerttemberg","9":"tag-de","10":"tag-deutschland","11":"tag-eu","12":"tag-europa","13":"tag-europe","14":"tag-frankenthal","15":"tag-germany","16":"tag-headlines","17":"tag-lokal","18":"tag-ludwigshafen","19":"tag-mannheim","20":"tag-nachrichten","21":"tag-news","22":"tag-polizei","23":"tag-schlagzeilen","24":"tag-staatsanwaltschaft"},"share_on_mastodon":{"url":"","error":""},"_links":{"self":[{"href":"https:\/\/www.europesays.com\/de\/wp-json\/wp\/v2\/posts\/621343","targetHints":{"allow":["GET"]}}],"collection":[{"href":"https:\/\/www.europesays.com\/de\/wp-json\/wp\/v2\/posts"}],"about":[{"href":"https:\/\/www.europesays.com\/de\/wp-json\/wp\/v2\/types\/post"}],"author":[{"embeddable":true,"href":"https:\/\/www.europesays.com\/de\/wp-json\/wp\/v2\/users\/2"}],"replies":[{"embeddable":true,"href":"https:\/\/www.europesays.com\/de\/wp-json\/wp\/v2\/comments?post=621343"}],"version-history":[{"count":0,"href":"https:\/\/www.europesays.com\/de\/wp-json\/wp\/v2\/posts\/621343\/revisions"}],"wp:featuredmedia":[{"embeddable":true,"href":"https:\/\/www.europesays.com\/de\/wp-json\/wp\/v2\/media\/621344"}],"wp:attachment":[{"href":"https:\/\/www.europesays.com\/de\/wp-json\/wp\/v2\/media?parent=621343"}],"wp:term":[{"taxonomy":"category","embeddable":true,"href":"https:\/\/www.europesays.com\/de\/wp-json\/wp\/v2\/categories?post=621343"},{"taxonomy":"post_tag","embeddable":true,"href":"https:\/\/www.europesays.com\/de\/wp-json\/wp\/v2\/tags?post=621343"}],"curies":[{"name":"wp","href":"https:\/\/api.w.org\/{rel}","templated":true}]}}