{"id":621354,"date":"2025-12-03T22:38:45","date_gmt":"2025-12-03T22:38:45","guid":{"rendered":"https:\/\/www.europesays.com\/de\/621354\/"},"modified":"2025-12-03T22:38:45","modified_gmt":"2025-12-03T22:38:45","slug":"messerangriff-anklage-gegen-mutmasslichen-bielefeld-angreifer-erhoben","status":"publish","type":"post","link":"https:\/\/www.europesays.com\/de\/621354\/","title":{"rendered":"Messerangriff: Anklage gegen mutma\u00dflichen Bielefeld-Angreifer erhoben"},"content":{"rendered":"<p class=\"paragraph article__item\">Ein halbes Jahr nach dem <a href=\"https:\/\/www.zeit.de\/gesellschaft\/zeitgeschehen\/2025-05\/anschlag-bielefeld-verletzte-taeter-motiv-faq#cid-75826646\" class=\"\" target=\"_blank\" rel=\"noopener\">Angriff auf Feiernde vor einer Bar in Bielefeld<\/a> hat die <a class=\"rtr-entity\" href=\"https:\/\/www.zeit.de\/thema\/bundesanwaltschaft\" target=\"_blank\" rel=\"noopener\">Bundesanwaltschaft<\/a> Anklage gegen den mutma\u00dflichen T\u00e4ter erhoben. Der zum Zeitpunkt der Tat 35 Jahre alte Mann soll am fr\u00fchen Morgen des 18. Mai mit Messern auf G\u00e4ste einer Bar eingestochen haben. Die Bundesanwaltschaft wirft ihm nach dem Angriff mit vier lebensgef\u00e4hrlich Verletzten unter anderem vierfachen versuchten Mord und gef\u00e4hrliche K\u00f6rperverletzung vor.\n<\/p>\n<p class=\"paragraph article__item\">Weiterhin beschuldigen ihn die Ankl\u00e4ger der Mitgliedschaft in einer ausl\u00e4ndischen terroristischen Vereinigung. Der aus Syrien stammende Mann befindet sich seit seiner <a href=\"https:\/\/www.zeit.de\/gesellschaft\/zeitgeschehen\/2025-05\/sek-einsatz-festnahme-mutmasslicher-angreifer-bielefeld\" class=\"\" target=\"_blank\" rel=\"noopener\">Festnahme am 19. Mai<\/a> in Untersuchungshaft. Er soll sich den Ermittlern zufolge sp\u00e4testens 2015 in Syrien dem &#8222;Islamischen Staat&#8220; (IS) angeschlossen haben und von der Terrormiliz unter anderem als K\u00e4mpfer und Grenzposten eingesetzt worden sein. Deren Ideologie soll er demnach auch nach seiner Einreise nach Deutschland im Sommer 2023 verbunden geblieben sein.\u00a0\n<\/p>\n<p>        Islamistische Ideologie war laut Ankl\u00e4gern Motiv des Angriffs        <\/p>\n<p class=\"paragraph article__item\">Anfang Mai habe er den Entschluss gefasst, &#8222;im Namen eines weltweiten &#8218;Heiligen Krieges&#8216; m\u00f6glichst viele, willk\u00fcrlich ausgew\u00e4hlte Menschen in Deutschland zu t\u00f6ten&#8220;, teilte die Bundesanwaltschaft mit. Sie hatte die Ermittlungen <a href=\"https:\/\/www.zeit.de\/politik\/deutschland\/2025-05\/bundesanwaltschaft-uebernimmt-ermittlungen-zu-angriff-in-bielefeld\" class=\"\" target=\"_blank\" rel=\"noopener\">am Tag nach der Festnahme des<br \/>\n Verd\u00e4chtigen \u00fcbernommen<\/a>. Zu diesem Zeitpunkt bestand bereits der<br \/>\nVerdacht, die Attacke sei religi\u00f6s motiviert gewesen und sei als Angriff<br \/>\n auf die freiheitliche demokratische Grundordnung zu verstehen.\u00a0\n<\/p>\n<p>                            \u00a9\u00a0Lea Dohle<\/p>\n<p>\n                                        Newsletter<br \/>\n                                        Was jetzt? \u2013 Der t\u00e4gliche Morgen\u00fcberblick<\/p>\n<p class=\"newsletter-signup__text\">Starten Sie mit unserem kurzen Nachrichten-Newsletter in den Tag. Erhalten Sie zudem freitags das digitale Magazin ZEIT am Wochenende.<\/p>\n<p class=\"newsletter-signup__datapolicy\" hidden=\"\">\n            Mit Ihrer Registrierung nehmen Sie die <a href=\"https:\/\/datenschutz.zeit.de\/zon#Newsletter\" target=\"_blank\" rel=\"noopener\">Datenschutzerkl\u00e4rung<\/a> zur Kenntnis.\n        <\/p>\n<p>    Vielen Dank! Wir haben Ihnen eine E-Mail geschickt.<\/p>\n<p>Pr\u00fcfen Sie Ihr Postfach und best\u00e4tigen Sie das Newsletter-Abonnement.<\/p>\n<p class=\"paragraph article__item\">Die Anklage wurde der Bundesanwaltschaft zufolge bereits am 26. November vor dem Staatsschutzsenat des Oberlandesgerichts D\u00fcsseldorf erhoben. Nun muss der Senat am Gerichtshof entscheiden, ob er die Anklage zul\u00e4sst und wann der Prozess beginnen soll. Der Verteidiger des Beschuldigten gab an, dass sein Mandant die Tatbeteiligung gegen\u00fcber einem Gutachter einger\u00e4umt habe. Der Verd\u00e4chtige war nach der Tat gefl\u00fcchtet, die Polizei fasste ihn mithilfe von Zeugenhinweisen.\u00a0\n<\/p>\n<p class=\"paragraph article__item\">Zuvor lebte der Angeklagte in einer Unterbringung in Harsewinkel im Kreis G\u00fctersloh, vor der Tat soll er polizeilich nicht auff\u00e4llig gewesen sein. Das Bundesamt f\u00fcr Migration und Fl\u00fcchtlinge hatte ihm nach Angaben der Landesregierung von Nordrhein-Westfalen im Dezember 2023 subsidi\u00e4ren Schutz gew\u00e4hrt. Demnach hatte er eine bis Februar 2027 befristete Aufenthaltserlaubnis.\u00a0<\/p>\n","protected":false},"excerpt":{"rendered":"Ein halbes Jahr nach dem Angriff auf Feiernde vor einer Bar in Bielefeld hat die Bundesanwaltschaft Anklage gegen&hellip;\n","protected":false},"author":2,"featured_media":621355,"comment_status":"","ping_status":"","sticky":false,"template":"","format":"standard","meta":{"footnotes":""},"categories":[1841],"tags":[1605,18330,3364,29,587,30,1724,556,1015,682,2841,1209],"class_list":{"0":"post-621354","1":"post","2":"type-post","3":"status-publish","4":"format-standard","5":"has-post-thumbnail","7":"category-bielefeld","8":"tag-bielefeld","9":"tag-bundesanwaltschaft","10":"tag-de","11":"tag-deutschland","12":"tag-ermittlung","13":"tag-germany","14":"tag-gesellschaft","15":"tag-islamismus","16":"tag-justiz","17":"tag-koerperverletzung","18":"tag-messerangriff","19":"tag-nordrhein-westfalen"},"share_on_mastodon":{"url":"https:\/\/pubeurope.com\/@de\/115658037858409425","error":""},"_links":{"self":[{"href":"https:\/\/www.europesays.com\/de\/wp-json\/wp\/v2\/posts\/621354","targetHints":{"allow":["GET"]}}],"collection":[{"href":"https:\/\/www.europesays.com\/de\/wp-json\/wp\/v2\/posts"}],"about":[{"href":"https:\/\/www.europesays.com\/de\/wp-json\/wp\/v2\/types\/post"}],"author":[{"embeddable":true,"href":"https:\/\/www.europesays.com\/de\/wp-json\/wp\/v2\/users\/2"}],"replies":[{"embeddable":true,"href":"https:\/\/www.europesays.com\/de\/wp-json\/wp\/v2\/comments?post=621354"}],"version-history":[{"count":0,"href":"https:\/\/www.europesays.com\/de\/wp-json\/wp\/v2\/posts\/621354\/revisions"}],"wp:featuredmedia":[{"embeddable":true,"href":"https:\/\/www.europesays.com\/de\/wp-json\/wp\/v2\/media\/621355"}],"wp:attachment":[{"href":"https:\/\/www.europesays.com\/de\/wp-json\/wp\/v2\/media?parent=621354"}],"wp:term":[{"taxonomy":"category","embeddable":true,"href":"https:\/\/www.europesays.com\/de\/wp-json\/wp\/v2\/categories?post=621354"},{"taxonomy":"post_tag","embeddable":true,"href":"https:\/\/www.europesays.com\/de\/wp-json\/wp\/v2\/tags?post=621354"}],"curies":[{"name":"wp","href":"https:\/\/api.w.org\/{rel}","templated":true}]}}