{"id":621362,"date":"2025-12-03T22:43:29","date_gmt":"2025-12-03T22:43:29","guid":{"rendered":"https:\/\/www.europesays.com\/de\/621362\/"},"modified":"2025-12-03T22:43:29","modified_gmt":"2025-12-03T22:43:29","slug":"eigentor-und-rot-fuer-bochums-strompf-vfb-im-pokal-weiter","status":"publish","type":"post","link":"https:\/\/www.europesays.com\/de\/621362\/","title":{"rendered":"Eigentor und Rot f\u00fcr Bochums Strompf: VfB im Pokal weiter"},"content":{"rendered":"<p class=\"Paragraph_paragraph__exhQA Paragraph_paragraph--default-lg-default__8QZrI articleParagraph\">Zufrieden klatschten sich die Stuttgarter Spieler nach der souver\u00e4n genommenen Achtelfinal-H\u00fcrde ab. W\u00e4hrend die VfB-Fans schon euphorisch vom erneuten Titel im DFB-Pokal sangen, nahm das Team von Trainer Sebastian Hoene\u00df den Einzug in die Runde der letzten Acht eher routiniert und \u00e4u\u00dferlich gelassen mit.<\/p>\n<p class=\"Paragraph_paragraph__exhQA Paragraph_paragraph--default-lg-default__8QZrI articleParagraph\">Unfreiwillige Hilfe beim 2:0 (1:0) des Favoriten leistete dabei Bochums Doppel-Pechvogel Philipp Strompf. Der Verteidiger brachte die Schwaben per Eigentor in der zw\u00f6lften Minute zun\u00e4chst in F\u00fchrung und sah dann in der Nachspielzeit der ersten H\u00e4lfte auch noch die Rote Karte.<\/p>\n<p>Undav: \u201eNehme den Lauf mit\u201c<\/p>\n<p class=\"Paragraph_paragraph__exhQA Paragraph_paragraph--default-lg-default__8QZrI articleParagraph\">Im stimmungsvollen Ruhrstadion traf vor 25.940 Zuschauern zudem Nationalspieler Deniz Undav (47.) f\u00fcr den VfB. So k\u00f6nnen die Stuttgarter weiter vom erneuten Endspiel in Berlin tr\u00e4umen.<\/p>\n<p class=\"Paragraph_paragraph__exhQA Paragraph_paragraph--default-lg-default__8QZrI articleParagraph\">\u201eIch nehme den Lauf mit. Es ist wichtig, dass wir weitergekommen sind &#8211; das war das Wichtigste. Uns hat das 1:0 nat\u00fcrlich geholfen. Dann kam die Rote Karte und dann ist es einfacher geworden, weil wir danach nichts mehr zugelassen haben\u201c, sagte Undav bei Sky.<\/p>\n<p>Bochum nutzt seine Chancen nicht<\/p>\n<p class=\"Paragraph_paragraph__exhQA Paragraph_paragraph--default-lg-default__8QZrI articleParagraph\">Die G\u00e4ste, bei denen Trainer Sebastian Hoene\u00df stark rotierte, erwischten einen Traumstart. Stuttgarts Ramon Hendriks schleuderte einen Einwurf in den Strafraum. Dort wollte Bochum-Verteidiger Strompf kl\u00e4ren, verl\u00e4ngerte den Ball aber ganz ungl\u00fccklich \u00fcber Torwart Timo Horn ins eigene Tor.<\/p>\n<p class=\"Paragraph_paragraph__exhQA Paragraph_paragraph--default-lg-default__8QZrI articleParagraph\">Die Bochumer, die schon vor dem R\u00fcckstand eigentlich gut im Spiel waren und auch die ersten Chancen hatten, wirkten jedoch keinesfalls geschockt. Zwar \u00fcberlie\u00dfen sie dem VfB h\u00e4ufig den Ball und lie\u00dfen die Schwaben im Mittelfeld spielen. Bei Kontern blieb der VfL, der von Trainer Uwe R\u00f6sler bei sieben Grad in kurzer Hose nach vorne gepeitscht wurde, jedoch gef\u00e4hrlich.<\/p>\n<p>Farid Alfa-Ruprecht (l) vergab eine gro\u00dfe Chance gegen Fabian Bredlow.\u00a0Foto: David Inderlied\/dpa<\/p>\n<p class=\"Paragraph_paragraph__exhQA Paragraph_paragraph--default-lg-default__8QZrI articleParagraph\">Nach einem langen Ball aus der eigenen H\u00e4lfte lief Farid Alfa-Ruprecht alleine Richtung Stuttgarter Tor. Vom weit heraus geeilten Fabian Bredlow, der anstelle von Stammtorwart Alexander N\u00fcbel spielte, lie\u00df er sich jedoch aus dem Konzept bringen und schoss vorbei. Francis Onyeka und der umtriebige Kjell W\u00e4tjen vergaben weitere Chancen zum Ausgleich.<\/p>\n<p>VfL-\u00c4rger \u00fcber Platzverweis<\/p>\n<p class=\"Paragraph_paragraph__exhQA Paragraph_paragraph--default-lg-default__8QZrI articleParagraph\">Kurz vor der Pause nahm der ohnehin schon bittere Fu\u00dfballabend f\u00fcr Strompf ein vorzeitiges Ende. Der 27-J\u00e4hrige nahm den Ball unsauber an und foulte in der Folge Torj\u00e4ger Undav im Mittelfeld &#8211; weil der VfB-Angreifer frei auf das Tor zugelaufen w\u00e4re, zeigte Schiedsrichter Florian Badst\u00fcbner nach Ansicht der Videobilder Strompf die Rote Karte.<\/p>\n<p class=\"Paragraph_paragraph__exhQA Paragraph_paragraph--default-lg-default__8QZrI articleParagraph\">Bochums Gesch\u00e4ftsf\u00fchrer Ilja Kaenzig nannte den Platzverweis in der ARD \u201ehart und kleinlich\u201c. Simon Zoller, der fr\u00fcher f\u00fcr den VfL st\u00fcrmte und nun f\u00fcr den Verein arbeitet, bezeichnete ihn als \u201eabsoluten Wahnsinn\u201c. Der gefoulte Undav sah es ganz anders und sprach von einer glasklaren Roten Karte. \u201eEr ist der letzte Mann und haut mich komplett um\u201c, stellte Undav fest.<\/p>\n<p>Philipp Strompf erwischte einen gebrauchten Tag.\u00a0Foto: David Inderlied\/dpa<\/p>\n<p class=\"Paragraph_paragraph__exhQA Paragraph_paragraph--default-lg-default__8QZrI articleParagraph\">Der VfB nutzte die \u00dcberzahl schnell aus. Undav verwertete eine Flanke von Nationalspieler Jamie Leweling kurz nach der Pause per Kopf zum 2:0. Damit war die Partie entschieden. Stuttgart kontrollierte das Spiel und lie\u00df beim weiter bem\u00fchten VfL keine Hoffnung mehr auf die Wende aufkommen.<\/p>\n","protected":false},"excerpt":{"rendered":"Zufrieden klatschten sich die Stuttgarter Spieler nach der souver\u00e4n genommenen Achtelfinal-H\u00fcrde ab. W\u00e4hrend die VfB-Fans schon euphorisch vom&hellip;\n","protected":false},"author":2,"featured_media":621363,"comment_status":"","ping_status":"","sticky":false,"template":"","format":"standard","meta":{"footnotes":""},"categories":[1839],"tags":[7507,3364,29,30,1209],"class_list":{"0":"post-621362","1":"post","2":"type-post","3":"status-publish","4":"format-standard","5":"has-post-thumbnail","7":"category-bochum","8":"tag-bochum","9":"tag-de","10":"tag-deutschland","11":"tag-germany","12":"tag-nordrhein-westfalen"},"share_on_mastodon":{"url":"https:\/\/pubeurope.com\/@de\/115658057816746245","error":""},"_links":{"self":[{"href":"https:\/\/www.europesays.com\/de\/wp-json\/wp\/v2\/posts\/621362","targetHints":{"allow":["GET"]}}],"collection":[{"href":"https:\/\/www.europesays.com\/de\/wp-json\/wp\/v2\/posts"}],"about":[{"href":"https:\/\/www.europesays.com\/de\/wp-json\/wp\/v2\/types\/post"}],"author":[{"embeddable":true,"href":"https:\/\/www.europesays.com\/de\/wp-json\/wp\/v2\/users\/2"}],"replies":[{"embeddable":true,"href":"https:\/\/www.europesays.com\/de\/wp-json\/wp\/v2\/comments?post=621362"}],"version-history":[{"count":0,"href":"https:\/\/www.europesays.com\/de\/wp-json\/wp\/v2\/posts\/621362\/revisions"}],"wp:featuredmedia":[{"embeddable":true,"href":"https:\/\/www.europesays.com\/de\/wp-json\/wp\/v2\/media\/621363"}],"wp:attachment":[{"href":"https:\/\/www.europesays.com\/de\/wp-json\/wp\/v2\/media?parent=621362"}],"wp:term":[{"taxonomy":"category","embeddable":true,"href":"https:\/\/www.europesays.com\/de\/wp-json\/wp\/v2\/categories?post=621362"},{"taxonomy":"post_tag","embeddable":true,"href":"https:\/\/www.europesays.com\/de\/wp-json\/wp\/v2\/tags?post=621362"}],"curies":[{"name":"wp","href":"https:\/\/api.w.org\/{rel}","templated":true}]}}