{"id":621421,"date":"2025-12-03T23:18:21","date_gmt":"2025-12-03T23:18:21","guid":{"rendered":"https:\/\/www.europesays.com\/de\/621421\/"},"modified":"2025-12-03T23:18:21","modified_gmt":"2025-12-03T23:18:21","slug":"schwerer-unfall-in-bad-cannstatt-acht-fahrzeuge-kollidieren-hoher-schaden-strasse-zeitweise-voll-gesperrt","status":"publish","type":"post","link":"https:\/\/www.europesays.com\/de\/621421\/","title":{"rendered":"Schwerer Unfall in Bad Cannstatt: Acht Fahrzeuge kollidieren \u2013 hoher Schaden, Stra\u00dfe zeitweise voll gesperrt"},"content":{"rendered":"<p>\t\t\t\t\t\t\t\t\t\t\t\t\t\t\t\t\t\t\t\t\t\t\t\t\t\t\t\t      \t\t            \t\t             \t\t\t\t   \t\t\t\t\t   <img decoding=\"async\" id=\"article-image\" fetchpriority=\"high\" alt=\"Schwerer Unfall in Bad Cannstatt: Acht Fahrzeuge kollidieren \u2013 hoher Schaden, Stra\u00dfe zeitweise voll gesperrt\" onclick=\"var pA=document.createElement('a');pA.setAttribute('href','https:\/\/www.stuttgarter-nachrichten.de\/gallery.schwerer-unfall-in-bad-cannstatt-acht-fahrzeuge-kollidieren-hoher-schaden-strasse-gesperrt.a4a3c514-c80e-4550-a442-d6df61936b54.html'),pA.click();\" title=\"Schwerer Unfall in Bad Cannstatt: Acht Fahrzeuge kollidieren \u2013 hoher Schaden, Stra\u00dfe zeitweise voll gesperrt\" src=\"https:\/\/www.europesays.com\/de\/wp-content\/uploads\/2025\/12\/media.media.2d58a91a-c417-4bca-97c1-31d238bcde2f.16x9_700.jpg\" data-linkto=\"https:\/\/www.stuttgarter-nachrichten.de\/gallery.schwerer-unfall-in-bad-cannstatt-acht-fahrzeuge-kollidieren-hoher-schaden-strasse-gesperrt.a4a3c514-c80e-4550-a442-d6df61936b54.html\"\/>\t\t\t\t\t\t\t\t\t\t\t\t\t\t\t\t\t\t\t\t\t\t\t\tAcht Fahrzeuge waren in den Unfall involviert.\u00a0Foto: Andreas Rosar\/Fotoagentur Stuttgart\t\t\t<\/p>\n<p>Acht Fahrzeuge kollidieren am Mittwochabend in der Schmidener Stra\u00dfe. Es entsteht hoher Schaden, die Stra\u00dfe wird im Bereich des Unfalls gesperrt.<\/p>\n<p>Nach bisherigen Informationen der <a href=\"https:\/\/www.stuttgarter-nachrichten.de\/thema\/Polizei\" title=\"Polizei\" class=\"art_thema\" rel=\"nofollow noopener\" target=\"_blank\">Polizei<\/a> handelte es sich um einen Vorfahrtsfall. Dabei wurde ein Fahrzeug in den Gegenverkehr abgewiesen und prallte dort gegen drei weitere Fahrzeuge. Durch herumfliegende Tr\u00fcmmer wurden anschlie\u00dfend weitere Fahrzeuge besch\u00e4digt.<\/p>\n<p>In der Folge wurde die Schmidener Stra\u00dfe zwischen der Gnesener Stra\u00dfe und der Sulzerrainstra\u00dfe voll gesperrt. Zur Unfallaufnahme, Bergung der Fahrzeuge und Reinigung der Fahrbahn blieb der Bereich gesperrt. <\/p>\n<p>  <img decoding=\"async\" loading=\"lazy\" src=\"https:\/\/www.europesays.com\/de\/wp-content\/uploads\/2025\/12\/media.media.59dee136-9cc4-40c7-a4c8-071785d2690b.original1024.media.jpeg\"\/>     Bei dem   <a href=\"https:\/\/www.stuttgarter-nachrichten.de\/thema\/Unfall\" title=\"Unfall\" class=\"art_thema\" rel=\"nofollow noopener\" target=\"_blank\">Unfall<\/a> entstand Schaden in H\u00f6he von rund 120.000 Euro.    Foto: Andreas Rosar\/Fotoagentur Stuttgart    <\/p>\n<p>Bei dem Unfall entstand ein Schaden von rund 120.000 Euro. Die hohe Summe ergab sich laut Polizei auch dadurch, dass ein etwas teureres Fahrzeug beteiligt war. F\u00fcnf Personen klagten \u00fcber leichte Verletzungen, mussten jedoch nicht ins Krankenhaus. <\/p>\n<p>Eine Kehrmaschine war im Einsatz, um die Stra\u00dfe zu reinigen. Gegen 21.50 Uhr hob die Polizei die Vollsperrung wieder auf. <\/p>\n","protected":false},"excerpt":{"rendered":"Acht Fahrzeuge waren in den Unfall involviert.\u00a0Foto: Andreas Rosar\/Fotoagentur Stuttgart Acht Fahrzeuge kollidieren am Mittwochabend in der Schmidener&hellip;\n","protected":false},"author":2,"featured_media":621422,"comment_status":"","ping_status":"","sticky":false,"template":"","format":"standard","meta":{"footnotes":""},"categories":[1830],"tags":[1634,3364,29,30,121,8248,1441,5251,1284],"class_list":{"0":"post-621421","1":"post","2":"type-post","3":"status-publish","4":"format-standard","5":"has-post-thumbnail","7":"category-stuttgart","8":"tag-baden-wuerttemberg","9":"tag-de","10":"tag-deutschland","11":"tag-germany","12":"tag-polizei","13":"tag-polizeibericht-stuttgart","14":"tag-stuttgart","15":"tag-stuttgart-bad-cannstatt","16":"tag-unfall"},"share_on_mastodon":{"url":"https:\/\/pubeurope.com\/@de\/115658196438010312","error":""},"_links":{"self":[{"href":"https:\/\/www.europesays.com\/de\/wp-json\/wp\/v2\/posts\/621421","targetHints":{"allow":["GET"]}}],"collection":[{"href":"https:\/\/www.europesays.com\/de\/wp-json\/wp\/v2\/posts"}],"about":[{"href":"https:\/\/www.europesays.com\/de\/wp-json\/wp\/v2\/types\/post"}],"author":[{"embeddable":true,"href":"https:\/\/www.europesays.com\/de\/wp-json\/wp\/v2\/users\/2"}],"replies":[{"embeddable":true,"href":"https:\/\/www.europesays.com\/de\/wp-json\/wp\/v2\/comments?post=621421"}],"version-history":[{"count":0,"href":"https:\/\/www.europesays.com\/de\/wp-json\/wp\/v2\/posts\/621421\/revisions"}],"wp:featuredmedia":[{"embeddable":true,"href":"https:\/\/www.europesays.com\/de\/wp-json\/wp\/v2\/media\/621422"}],"wp:attachment":[{"href":"https:\/\/www.europesays.com\/de\/wp-json\/wp\/v2\/media?parent=621421"}],"wp:term":[{"taxonomy":"category","embeddable":true,"href":"https:\/\/www.europesays.com\/de\/wp-json\/wp\/v2\/categories?post=621421"},{"taxonomy":"post_tag","embeddable":true,"href":"https:\/\/www.europesays.com\/de\/wp-json\/wp\/v2\/tags?post=621421"}],"curies":[{"name":"wp","href":"https:\/\/api.w.org\/{rel}","templated":true}]}}